{"id":70875,"date":"2024-12-23T09:26:31","date_gmt":"2024-12-23T08:26:31","guid":{"rendered":"https:\/\/www.2mecs.de\/wp\/?p=70875"},"modified":"2026-02-05T08:29:35","modified_gmt":"2026-02-05T07:29:35","slug":"rechtsextremismus-und-abstammung","status":"publish","type":"post","link":"https:\/\/www.2mecs.de\/wp\/2024\/12\/rechtsextremismus-und-abstammung\/","title":{"rendered":"Rechtsextremismus und Abstammung"},"content":{"rendered":"\n<blockquote class=\"wp-block-quote is-layout-flow wp-block-quote-is-layout-flow\">\n<p>&#8222;Rechtsextremismus setzt menschenfeindliche Ideologie, aber keine wei\u00dfe Haut oder deutsche Abstammung voraus\u201c<\/p>\n<cite>Matthias Quent, Extremismus-Forscher, Hochschule Magdeburg-Stendal, 21. Dezember 2024, SZ 23. Dezember 2024<\/cite><\/blockquote>\n\n\n\n<p>Matthias Quent \u00e4u\u00dferte dies nach dem Anschlag auf den Weihnachtsmarkt von Magdeburg, und unter Verweis auf den Anschlag auf das OEZ M\u00fcnchen 2016.<\/p>\n\n\n\n<!--more-->\n\n\n\n<p>Der Soziologe und Rechtsextremismusforscher Prof. Dr. Matthias Quent ist seit Februar 2022 affiliierter Wissenschaftler am Institut f\u00fcr Demokratie und Zivilgesellschaft IDZ, dessen Gr\u00fcndungsdirektor er ab 2016 (bis Februar 2022) ist. Das IDZ ist unter der Tr\u00e4gerschaft der Amadeu Antonio Stiftung. Seit Mai 2021 ist Quent Professor f\u00fcr Soziologie f\u00fcr die Soziale Arbeit an der Hochschule Magdeburg-Stendal.<\/p>\n\n\n\n<h2 class=\"wp-block-heading\">Anschlag Weihnachtsmarkt Magdeburg 2024<\/h2>\n\n\n\n<p>Ein 50-j\u00e4hriger Arzt aus Saudi-Arabien, der seit 2006 in Deutschland lebt, fuhr am 20. Dezember 2024 in voller Absicht in den Weihnachtsmarkt Magdeburg. Er t\u00f6tete 5 Menschen, 200 Personen verletzte er, teils schwer.<\/p>\n\n\n\n<p>BKA-Chef Holger M\u00fcnch bemerkte, der T\u00e4ter habe eine islamfeindliche Gesinnung und habe sich mit rechtsextremen Plattformen besch\u00e4ftigt. Er habe sich als Fan der AfD dargestellt, aber auich als politisch links.<\/p>\n\n\n\n<p>Der Verfassungsschutz Th\u00fcringens konstatierte bei dem T\u00e4ter eine &#8222;gewachsene Radikalisierung mit Extremismusbez\u00fcgen nach rechts&#8220; (Stephan Kramer, Pr\u00e4sident des verfassungsshcutzes Th\u00fcrungen, 24.12.2024).<\/p>\n\n\n\n<blockquote class=\"wp-block-quote is-layout-flow wp-block-quote-is-layout-flow\">\n<p>&#8222;Er ist beeinflusst von rechtsextremen Narrativen und reproduziert sie&#8220;<\/p>\n<cite>Hans Goldenbaum, Sozialforscher, auf die Frage &#8218;War der T\u00e4ter ein Rechtsextremist? &#8218;, <a href=\"https:\/\/taz.de\/Deutungskampf-nach-Magdeburg\/!6052286\/\" target=\"_blank\" rel=\"noreferrer noopener\">taz <\/a>23.12.24<\/cite><\/blockquote>\n\n\n\n<h2 class=\"wp-block-heading\">Anschlag OEZ M\u00fcnchen 2016 &#8211; sp\u00e4t als rechtsextremistisch motiviert anerkannt<\/h2>\n\n\n\n<p>Ein 18-j\u00e4hriger Deutsch-Iraner t\u00f6tete bei einem rassistischen Anschlag auf das Olympia-Einkaufszentrum (OEZ) in M\u00fcnchen am 22. Juli 2016 neun Menschen. Sieben Todesopfer waren Muslime, eine Person Sinto, ein Rom.<\/p>\n\n\n\n<p>Der Anschlag von M\u00fcnchen 2016 wurde erst sp\u00e4t als rechtsextrem motiviert beurteilt. Jahrelang bezeichneten Bayrischer Verfassungsschutz und Bayrische Ermittlungsbeh\u00f6rden den Anschlag als &#8218;Amoklauf&#8216; und &#8217;nicht politisch motiviert&#8216;.<\/p>\n\n\n\n<p>Quent war damals einer von 3 (von der &#8218;Fachstelle Demokratie&#8216; der Landeshauptstadt M\u00fcnchen) beauftragten Gutachtern. Alle drei Gutachter widersprachen schon im Oktober 2017 der Beh\u00f6rdenansicht, der M\u00fcnchner Anschlag als unpolitischen Amoklauf einzuordnen. Schon damals \u00e4u\u00dferten die drei Gutachter, die Tat k\u00f6nne als politisch motivierte, rechte Tat eingeordnet werden. <br \/>Schon 2017 hatte ein Bericht des bayrischen Innenministeriums auf Grundlage der Ermittlungen der Sonderkommission dem aus einer iranischen Familie stammenden T\u00e4ter eine &#8218;rechtsextreme Gesinnung&#8216; attestiert.<\/p>\n\n\n\n<p>Im M\u00e4rz 2018 bezeichnete das Bundesamt f\u00fcr Justiz den Anschlag als &#8218;rechtsextremistisch motiviert&#8216;. Die Ermittlungsbeh\u00f6rden Bayerns (LKA) stuften die Tat erst nach drei Jahren (LKA: Oktober 2019) offiziell als &#8218;Politisch motivierte Gewaltkriminalit\u00e4t \u2013 rechts \u2013&#8216; ein.<\/p>\n","protected":false},"excerpt":{"rendered":"<p>&#8222;Rechtsextremismus setzt menschenfeindliche Ideologie, aber keine wei\u00dfe Haut oder deutsche Abstammung voraus\u201c Matthias Quent, Extremismus-Forscher, Hochschule Magdeburg-Stendal, 21. Dezember 2024, SZ 23. Dezember 2024 Matthias Quent \u00e4u\u00dferte dies nach dem Anschlag auf den Weihnachtsmarkt von Magdeburg, und unter Verweis auf den Anschlag auf das OEZ M\u00fcnchen 2016.<\/p>\n","protected":false},"author":2,"featured_media":0,"comment_status":"open","ping_status":"open","sticky":false,"template":"","format":"standard","meta":{"_lmt_disableupdate":"","_lmt_disable":"","footnotes":""},"categories":[87],"tags":[791,624,530],"class_list":["post-70875","post","type-post","status-publish","format-standard","hentry","category-politisches","tag-antiziganismus","tag-rassismus","tag-rechtsextremismus"],"yoast_head":"<!-- This site is optimized with the Yoast SEO plugin v27.5 - https:\/\/yoast.com\/product\/yoast-seo-wordpress\/ -->\n<title>Rechtsextremismus und Abstammung - 2mecs<\/title>\n<meta name=\"robots\" content=\"index, follow, max-snippet:-1, max-image-preview:large, max-video-preview:-1\" \/>\n<link rel=\"canonical\" href=\"https:\/\/www.2mecs.de\/wp\/2024\/12\/rechtsextremismus-und-abstammung\/\" \/>\n<meta property=\"og:locale\" content=\"de_DE\" \/>\n<meta property=\"og:type\" content=\"article\" \/>\n<meta property=\"og:title\" content=\"Rechtsextremismus und Abstammung - 2mecs\" \/>\n<meta property=\"og:description\" content=\"&#8222;Rechtsextremismus setzt menschenfeindliche Ideologie, aber keine wei\u00dfe Haut oder deutsche Abstammung voraus\u201c Matthias Quent, Extremismus-Forscher, Hochschule Magdeburg-Stendal, 21. Dezember 2024, SZ 23. Dezember 2024 Matthias Quent \u00e4u\u00dferte dies nach dem Anschlag auf den Weihnachtsmarkt von Magdeburg, und unter Verweis auf den Anschlag auf das OEZ M\u00fcnchen 2016.\" \/>\n<meta property=\"og:url\" content=\"https:\/\/www.2mecs.de\/wp\/2024\/12\/rechtsextremismus-und-abstammung\/\" \/>\n<meta property=\"og:site_name\" content=\"2mecs\" \/>\n<meta property=\"article:publisher\" content=\"https:\/\/www.facebook.com\/UlliWuerdemann\" \/>\n<meta property=\"article:author\" content=\"https:\/\/www.facebook.com\/UlliWuerdemann\" \/>\n<meta property=\"article:published_time\" content=\"2024-12-23T08:26:31+00:00\" \/>\n<meta property=\"article:modified_time\" content=\"2026-02-05T07:29:35+00:00\" \/>\n<meta name=\"author\" content=\"Ulrich W\u00fcrdemann\" \/>\n<meta name=\"twitter:card\" content=\"summary_large_image\" \/>\n<meta name=\"twitter:creator\" content=\"@2mecs\" \/>\n<meta name=\"twitter:site\" content=\"@2mecs\" \/>\n<meta name=\"twitter:label1\" content=\"Geschrieben von\" \/>\n\t<meta name=\"twitter:data1\" content=\"Ulrich W\u00fcrdemann\" \/>\n\t<meta name=\"twitter:label2\" content=\"Gesch\u00e4tzte Lesezeit\" \/>\n\t<meta name=\"twitter:data2\" content=\"2\u00a0Minuten\" \/>\n<script type=\"application\/ld+json\" class=\"yoast-schema-graph\">{\"@context\":\"https:\\\/\\\/schema.org\",\"@graph\":[{\"@type\":\"Article\",\"@id\":\"https:\\\/\\\/www.2mecs.de\\\/wp\\\/2024\\\/12\\\/rechtsextremismus-und-abstammung\\\/#article\",\"isPartOf\":{\"@id\":\"https:\\\/\\\/www.2mecs.de\\\/wp\\\/2024\\\/12\\\/rechtsextremismus-und-abstammung\\\/\"},\"author\":{\"name\":\"Ulrich W\u00fcrdemann\",\"@id\":\"https:\\\/\\\/www.2mecs.de\\\/wp\\\/#\\\/schema\\\/person\\\/b7eefbb1df4a84f40cdff92f9e45d996\"},\"headline\":\"Rechtsextremismus und Abstammung\",\"datePublished\":\"2024-12-23T08:26:31+00:00\",\"dateModified\":\"2026-02-05T07:29:35+00:00\",\"mainEntityOfPage\":{\"@id\":\"https:\\\/\\\/www.2mecs.de\\\/wp\\\/2024\\\/12\\\/rechtsextremismus-und-abstammung\\\/\"},\"wordCount\":400,\"commentCount\":0,\"publisher\":{\"@id\":\"https:\\\/\\\/www.2mecs.de\\\/wp\\\/#\\\/schema\\\/person\\\/b7eefbb1df4a84f40cdff92f9e45d996\"},\"keywords\":[\"Antiziganismus\",\"Rassismus\",\"Rechtsextremismus\"],\"articleSection\":[\"Politisches\"],\"inLanguage\":\"de\",\"potentialAction\":[{\"@type\":\"CommentAction\",\"name\":\"Comment\",\"target\":[\"https:\\\/\\\/www.2mecs.de\\\/wp\\\/2024\\\/12\\\/rechtsextremismus-und-abstammung\\\/#respond\"]}]},{\"@type\":\"WebPage\",\"@id\":\"https:\\\/\\\/www.2mecs.de\\\/wp\\\/2024\\\/12\\\/rechtsextremismus-und-abstammung\\\/\",\"url\":\"https:\\\/\\\/www.2mecs.de\\\/wp\\\/2024\\\/12\\\/rechtsextremismus-und-abstammung\\\/\",\"name\":\"Rechtsextremismus und Abstammung - 2mecs\",\"isPartOf\":{\"@id\":\"https:\\\/\\\/www.2mecs.de\\\/wp\\\/#website\"},\"datePublished\":\"2024-12-23T08:26:31+00:00\",\"dateModified\":\"2026-02-05T07:29:35+00:00\",\"breadcrumb\":{\"@id\":\"https:\\\/\\\/www.2mecs.de\\\/wp\\\/2024\\\/12\\\/rechtsextremismus-und-abstammung\\\/#breadcrumb\"},\"inLanguage\":\"de\",\"potentialAction\":[{\"@type\":\"ReadAction\",\"target\":[\"https:\\\/\\\/www.2mecs.de\\\/wp\\\/2024\\\/12\\\/rechtsextremismus-und-abstammung\\\/\"]}]},{\"@type\":\"BreadcrumbList\",\"@id\":\"https:\\\/\\\/www.2mecs.de\\\/wp\\\/2024\\\/12\\\/rechtsextremismus-und-abstammung\\\/#breadcrumb\",\"itemListElement\":[{\"@type\":\"ListItem\",\"position\":1,\"name\":\"2mecs\",\"item\":\"https:\\\/\\\/www.2mecs.de\\\/wp\\\/\"},{\"@type\":\"ListItem\",\"position\":2,\"name\":\"Politisches\",\"item\":\"https:\\\/\\\/www.2mecs.de\\\/wp\\\/category\\\/politisches\\\/\"},{\"@type\":\"ListItem\",\"position\":3,\"name\":\"Rechtsextremismus und Abstammung\"}]},{\"@type\":\"WebSite\",\"@id\":\"https:\\\/\\\/www.2mecs.de\\\/wp\\\/#website\",\"url\":\"https:\\\/\\\/www.2mecs.de\\\/wp\\\/\",\"name\":\"2mecs\",\"description\":\"\",\"publisher\":{\"@id\":\"https:\\\/\\\/www.2mecs.de\\\/wp\\\/#\\\/schema\\\/person\\\/b7eefbb1df4a84f40cdff92f9e45d996\"},\"potentialAction\":[{\"@type\":\"SearchAction\",\"target\":{\"@type\":\"EntryPoint\",\"urlTemplate\":\"https:\\\/\\\/www.2mecs.de\\\/wp\\\/?s={search_term_string}\"},\"query-input\":{\"@type\":\"PropertyValueSpecification\",\"valueRequired\":true,\"valueName\":\"search_term_string\"}}],\"inLanguage\":\"de\"},{\"@type\":[\"Person\",\"Organization\"],\"@id\":\"https:\\\/\\\/www.2mecs.de\\\/wp\\\/#\\\/schema\\\/person\\\/b7eefbb1df4a84f40cdff92f9e45d996\",\"name\":\"Ulrich W\u00fcrdemann\",\"image\":{\"@type\":\"ImageObject\",\"inLanguage\":\"de\",\"@id\":\"https:\\\/\\\/www.2mecs.de\\\/wp\\\/wp-content\\\/uploads\\\/2024\\\/09\\\/Ulli-2024-Kiel.jpg\",\"url\":\"https:\\\/\\\/www.2mecs.de\\\/wp\\\/wp-content\\\/uploads\\\/2024\\\/09\\\/Ulli-2024-Kiel.jpg\",\"contentUrl\":\"https:\\\/\\\/www.2mecs.de\\\/wp\\\/wp-content\\\/uploads\\\/2024\\\/09\\\/Ulli-2024-Kiel.jpg\",\"width\":200,\"height\":200,\"caption\":\"Ulrich W\u00fcrdemann\"},\"logo\":{\"@id\":\"https:\\\/\\\/www.2mecs.de\\\/wp\\\/wp-content\\\/uploads\\\/2024\\\/09\\\/Ulli-2024-Kiel.jpg\"},\"description\":\"einer der beiden 2mecs. Schwulenbewegt, Aids- und Therapie-Aktivist. Von 2005 bis 2012 Herausgeber www.ondamaris.de Ulli ist Frankreich-Liebhaber &amp; Bordeaux- \\\/ Lacanau-Fan. Mehr unter 2mecs -&gt; Ulli -&gt; Biographisches\",\"sameAs\":[\"http:\\\/\\\/www.2mecs.de\\\/wp\\\/\",\"https:\\\/\\\/www.facebook.com\\\/UlliWuerdemann\",\"https:\\\/\\\/www.instagram.com\\\/ulli_2mecs\\\/\",\"https:\\\/\\\/www.youtube.com\\\/channel\\\/UCbk075wzRnAk2_sbCYCAVNA\\\/\"],\"url\":\"https:\\\/\\\/www.2mecs.de\\\/wp\\\/author\\\/ulli\\\/\"}]}<\/script>\n<!-- \/ Yoast SEO plugin. -->","yoast_head_json":{"title":"Rechtsextremismus und Abstammung - 2mecs","robots":{"index":"index","follow":"follow","max-snippet":"max-snippet:-1","max-image-preview":"max-image-preview:large","max-video-preview":"max-video-preview:-1"},"canonical":"https:\/\/www.2mecs.de\/wp\/2024\/12\/rechtsextremismus-und-abstammung\/","og_locale":"de_DE","og_type":"article","og_title":"Rechtsextremismus und Abstammung - 2mecs","og_description":"&#8222;Rechtsextremismus setzt menschenfeindliche Ideologie, aber keine wei\u00dfe Haut oder deutsche Abstammung voraus\u201c Matthias Quent, Extremismus-Forscher, Hochschule Magdeburg-Stendal, 21. Dezember 2024, SZ 23. Dezember 2024 Matthias Quent \u00e4u\u00dferte dies nach dem Anschlag auf den Weihnachtsmarkt von Magdeburg, und unter Verweis auf den Anschlag auf das OEZ M\u00fcnchen 2016.","og_url":"https:\/\/www.2mecs.de\/wp\/2024\/12\/rechtsextremismus-und-abstammung\/","og_site_name":"2mecs","article_publisher":"https:\/\/www.facebook.com\/UlliWuerdemann","article_author":"https:\/\/www.facebook.com\/UlliWuerdemann","article_published_time":"2024-12-23T08:26:31+00:00","article_modified_time":"2026-02-05T07:29:35+00:00","author":"Ulrich W\u00fcrdemann","twitter_card":"summary_large_image","twitter_creator":"@2mecs","twitter_site":"@2mecs","twitter_misc":{"Geschrieben von":"Ulrich W\u00fcrdemann","Gesch\u00e4tzte Lesezeit":"2\u00a0Minuten"},"schema":{"@context":"https:\/\/schema.org","@graph":[{"@type":"Article","@id":"https:\/\/www.2mecs.de\/wp\/2024\/12\/rechtsextremismus-und-abstammung\/#article","isPartOf":{"@id":"https:\/\/www.2mecs.de\/wp\/2024\/12\/rechtsextremismus-und-abstammung\/"},"author":{"name":"Ulrich W\u00fcrdemann","@id":"https:\/\/www.2mecs.de\/wp\/#\/schema\/person\/b7eefbb1df4a84f40cdff92f9e45d996"},"headline":"Rechtsextremismus und Abstammung","datePublished":"2024-12-23T08:26:31+00:00","dateModified":"2026-02-05T07:29:35+00:00","mainEntityOfPage":{"@id":"https:\/\/www.2mecs.de\/wp\/2024\/12\/rechtsextremismus-und-abstammung\/"},"wordCount":400,"commentCount":0,"publisher":{"@id":"https:\/\/www.2mecs.de\/wp\/#\/schema\/person\/b7eefbb1df4a84f40cdff92f9e45d996"},"keywords":["Antiziganismus","Rassismus","Rechtsextremismus"],"articleSection":["Politisches"],"inLanguage":"de","potentialAction":[{"@type":"CommentAction","name":"Comment","target":["https:\/\/www.2mecs.de\/wp\/2024\/12\/rechtsextremismus-und-abstammung\/#respond"]}]},{"@type":"WebPage","@id":"https:\/\/www.2mecs.de\/wp\/2024\/12\/rechtsextremismus-und-abstammung\/","url":"https:\/\/www.2mecs.de\/wp\/2024\/12\/rechtsextremismus-und-abstammung\/","name":"Rechtsextremismus und Abstammung - 2mecs","isPartOf":{"@id":"https:\/\/www.2mecs.de\/wp\/#website"},"datePublished":"2024-12-23T08:26:31+00:00","dateModified":"2026-02-05T07:29:35+00:00","breadcrumb":{"@id":"https:\/\/www.2mecs.de\/wp\/2024\/12\/rechtsextremismus-und-abstammung\/#breadcrumb"},"inLanguage":"de","potentialAction":[{"@type":"ReadAction","target":["https:\/\/www.2mecs.de\/wp\/2024\/12\/rechtsextremismus-und-abstammung\/"]}]},{"@type":"BreadcrumbList","@id":"https:\/\/www.2mecs.de\/wp\/2024\/12\/rechtsextremismus-und-abstammung\/#breadcrumb","itemListElement":[{"@type":"ListItem","position":1,"name":"2mecs","item":"https:\/\/www.2mecs.de\/wp\/"},{"@type":"ListItem","position":2,"name":"Politisches","item":"https:\/\/www.2mecs.de\/wp\/category\/politisches\/"},{"@type":"ListItem","position":3,"name":"Rechtsextremismus und Abstammung"}]},{"@type":"WebSite","@id":"https:\/\/www.2mecs.de\/wp\/#website","url":"https:\/\/www.2mecs.de\/wp\/","name":"2mecs","description":"","publisher":{"@id":"https:\/\/www.2mecs.de\/wp\/#\/schema\/person\/b7eefbb1df4a84f40cdff92f9e45d996"},"potentialAction":[{"@type":"SearchAction","target":{"@type":"EntryPoint","urlTemplate":"https:\/\/www.2mecs.de\/wp\/?s={search_term_string}"},"query-input":{"@type":"PropertyValueSpecification","valueRequired":true,"valueName":"search_term_string"}}],"inLanguage":"de"},{"@type":["Person","Organization"],"@id":"https:\/\/www.2mecs.de\/wp\/#\/schema\/person\/b7eefbb1df4a84f40cdff92f9e45d996","name":"Ulrich W\u00fcrdemann","image":{"@type":"ImageObject","inLanguage":"de","@id":"https:\/\/www.2mecs.de\/wp\/wp-content\/uploads\/2024\/09\/Ulli-2024-Kiel.jpg","url":"https:\/\/www.2mecs.de\/wp\/wp-content\/uploads\/2024\/09\/Ulli-2024-Kiel.jpg","contentUrl":"https:\/\/www.2mecs.de\/wp\/wp-content\/uploads\/2024\/09\/Ulli-2024-Kiel.jpg","width":200,"height":200,"caption":"Ulrich W\u00fcrdemann"},"logo":{"@id":"https:\/\/www.2mecs.de\/wp\/wp-content\/uploads\/2024\/09\/Ulli-2024-Kiel.jpg"},"description":"einer der beiden 2mecs. Schwulenbewegt, Aids- und Therapie-Aktivist. Von 2005 bis 2012 Herausgeber www.ondamaris.de Ulli ist Frankreich-Liebhaber &amp; Bordeaux- \/ Lacanau-Fan. Mehr unter 2mecs -&gt; Ulli -&gt; Biographisches","sameAs":["http:\/\/www.2mecs.de\/wp\/","https:\/\/www.facebook.com\/UlliWuerdemann","https:\/\/www.instagram.com\/ulli_2mecs\/","https:\/\/www.youtube.com\/channel\/UCbk075wzRnAk2_sbCYCAVNA\/"],"url":"https:\/\/www.2mecs.de\/wp\/author\/ulli\/"}]}},"modified_by":"Ulrich W\u00fcrdemann","amp_enabled":true,"_links":{"self":[{"href":"https:\/\/www.2mecs.de\/wp\/wp-json\/wp\/v2\/posts\/70875","targetHints":{"allow":["GET"]}}],"collection":[{"href":"https:\/\/www.2mecs.de\/wp\/wp-json\/wp\/v2\/posts"}],"about":[{"href":"https:\/\/www.2mecs.de\/wp\/wp-json\/wp\/v2\/types\/post"}],"author":[{"embeddable":true,"href":"https:\/\/www.2mecs.de\/wp\/wp-json\/wp\/v2\/users\/2"}],"replies":[{"embeddable":true,"href":"https:\/\/www.2mecs.de\/wp\/wp-json\/wp\/v2\/comments?post=70875"}],"version-history":[{"count":5,"href":"https:\/\/www.2mecs.de\/wp\/wp-json\/wp\/v2\/posts\/70875\/revisions"}],"predecessor-version":[{"id":73894,"href":"https:\/\/www.2mecs.de\/wp\/wp-json\/wp\/v2\/posts\/70875\/revisions\/73894"}],"wp:attachment":[{"href":"https:\/\/www.2mecs.de\/wp\/wp-json\/wp\/v2\/media?parent=70875"}],"wp:term":[{"taxonomy":"category","embeddable":true,"href":"https:\/\/www.2mecs.de\/wp\/wp-json\/wp\/v2\/categories?post=70875"},{"taxonomy":"post_tag","embeddable":true,"href":"https:\/\/www.2mecs.de\/wp\/wp-json\/wp\/v2\/tags?post=70875"}],"curies":[{"name":"wp","href":"https:\/\/api.w.org\/{rel}","templated":true}]}}