{"id":64520,"date":"2021-11-11T16:25:00","date_gmt":"2021-11-11T15:25:00","guid":{"rendered":"https:\/\/www.2mecs.de\/wp\/?p=64520"},"modified":"2023-12-22T16:02:38","modified_gmt":"2023-12-22T15:02:38","slug":"sandra-kreisler","status":"publish","type":"post","link":"https:\/\/www.2mecs.de\/wp\/2021\/11\/sandra-kreisler\/","title":{"rendered":"Sandra Kreisler &#8211; Lesung &#8218;Jude sein&#8216;"},"content":{"rendered":"\n<figure class=\"wp-block-image size-large\"><a href=\"https:\/\/www.2mecs.de\/wp\/wp-content\/uploads\/2023\/04\/20211110-Sandra-Kreisler.jpg\" data-rel=\"lightbox-gallery-46lgv3Bh\" data-rl_title=\"20211110-Sandra-Kreisler\" data-rl_caption=\"\" title=\"20211110-Sandra-Kreisler\"><img decoding=\"async\" width=\"1024\" height=\"576\" data-src=\"https:\/\/www.2mecs.de\/wp\/wp-content\/uploads\/2023\/04\/20211110-Sandra-Kreisler-1024x576.jpg\" alt=\"\" class=\"wp-image-64522 lazyload\" data-srcset=\"https:\/\/www.2mecs.de\/wp\/wp-content\/uploads\/2023\/04\/20211110-Sandra-Kreisler-1024x576.jpg 1024w, https:\/\/www.2mecs.de\/wp\/wp-content\/uploads\/2023\/04\/20211110-Sandra-Kreisler-300x169.jpg 300w, https:\/\/www.2mecs.de\/wp\/wp-content\/uploads\/2023\/04\/20211110-Sandra-Kreisler-768x432.jpg 768w, https:\/\/www.2mecs.de\/wp\/wp-content\/uploads\/2023\/04\/20211110-Sandra-Kreisler-1200x675.jpg 1200w, https:\/\/www.2mecs.de\/wp\/wp-content\/uploads\/2023\/04\/20211110-Sandra-Kreisler.jpg 1500w\" data-sizes=\"(max-width: 1024px) 100vw, 1024px\" src=\"data:image\/svg+xml;base64,PHN2ZyB3aWR0aD0iMSIgaGVpZ2h0PSIxIiB4bWxucz0iaHR0cDovL3d3dy53My5vcmcvMjAwMC9zdmciPjwvc3ZnPg==\" style=\"--smush-placeholder-width: 1024px; --smush-placeholder-aspect-ratio: 1024\/576;\" \/><\/a><figcaption class=\"wp-element-caption\">Sandra Kreisler im cine k in Oldenburg am 10. November 2021<\/figcaption><\/figure>\n\n\n\n<p>Sandra Kreisler &#8211; Lesung <em>Jude Sein. Ansichten \u00fcber das Leben in der Diaspora<\/em> &#8230; mit sch\u00f6nem Abend hinterher im Foyer des cine k &#8230;<\/p>\n\n\n\n<p>.<\/p>\n\n\n\n<p>Die Schauspielerin, Publizistin und Chanson-S\u00e4ngerin Sandra Kreisler wurde am 9. November 1961 in M\u00fcnchen geboren. Sie ist Tochter des Komponisten, S\u00e4ngers und Dichters <a href=\"https:\/\/de.wikipedia.org\/wiki\/Georg_Kreisler\" target=\"_blank\" rel=\"noreferrer noopener\">Georg Kreisler<\/a>(1922 &#8211; 2011; vgl. <a href=\"https:\/\/www.2mecs.de\/wp\/2007\/02\/ein-frau-musical-mit-lola\/\" target=\"_blank\" rel=\"noreferrer noopener\">Kreislers Musical Lola Blau<\/a>; Sandra Kreisler aus dessen dritter Ehe mit Topsy K\u00fcppers).<\/p>\n","protected":false},"excerpt":{"rendered":"<p>Sandra Kreisler &#8211; Lesung Jude Sein. Ansichten \u00fcber das Leben in der Diaspora &#8230; mit sch\u00f6nem Abend hinterher im Foyer des cine k &#8230; . Die Schauspielerin, Publizistin und Chanson-S\u00e4ngerin Sandra Kreisler wurde am 9. November 1961 in M\u00fcnchen geboren. Sie ist Tochter des Komponisten, S\u00e4ngers und Dichters Georg Kreisler(1922 &#8211; 2011; vgl. Kreislers Musical [&hellip;]<\/p>\n","protected":false},"author":2,"featured_media":0,"comment_status":"open","ping_status":"open","sticky":false,"template":"","format":"standard","meta":{"_lmt_disableupdate":"no","_lmt_disable":"","footnotes":""},"categories":[94,807],"tags":[775],"class_list":["post-64520","post","type-post","status-publish","format-standard","hentry","category-kulturelles","category-oldenburg","tag-antisemitismus"],"yoast_head":"<!-- This site is optimized with the Yoast SEO plugin v27.5 - https:\/\/yoast.com\/product\/yoast-seo-wordpress\/ -->\n<title>Sandra Kreisler - Lesung &#039;Jude sein&#039; - 2mecs<\/title>\n<meta name=\"robots\" content=\"index, follow, max-snippet:-1, max-image-preview:large, max-video-preview:-1\" \/>\n<link rel=\"canonical\" href=\"https:\/\/www.2mecs.de\/wp\/2021\/11\/sandra-kreisler\/\" \/>\n<meta property=\"og:locale\" content=\"de_DE\" \/>\n<meta property=\"og:type\" content=\"article\" \/>\n<meta property=\"og:title\" content=\"Sandra Kreisler - Lesung &#039;Jude sein&#039; - 2mecs\" \/>\n<meta property=\"og:description\" content=\"Sandra Kreisler &#8211; Lesung Jude Sein. Ansichten \u00fcber das Leben in der Diaspora &#8230; mit sch\u00f6nem Abend hinterher im Foyer des cine k &#8230; . Die Schauspielerin, Publizistin und Chanson-S\u00e4ngerin Sandra Kreisler wurde am 9. November 1961 in M\u00fcnchen geboren. Sie ist Tochter des Komponisten, S\u00e4ngers und Dichters Georg Kreisler(1922 &#8211; 2011; vgl. Kreislers Musical [&hellip;]\" \/>\n<meta property=\"og:url\" content=\"https:\/\/www.2mecs.de\/wp\/2021\/11\/sandra-kreisler\/\" \/>\n<meta property=\"og:site_name\" content=\"2mecs\" \/>\n<meta property=\"article:publisher\" content=\"https:\/\/www.facebook.com\/UlliWuerdemann\" \/>\n<meta property=\"article:author\" content=\"https:\/\/www.facebook.com\/UlliWuerdemann\" \/>\n<meta property=\"article:published_time\" content=\"2021-11-11T15:25:00+00:00\" \/>\n<meta property=\"article:modified_time\" content=\"2023-12-22T15:02:38+00:00\" \/>\n<meta property=\"og:image\" content=\"https:\/\/www.2mecs.de\/wp\/wp-content\/uploads\/2023\/04\/20211110-Sandra-Kreisler-1024x576.jpg\" \/>\n<meta name=\"author\" content=\"Ulrich W\u00fcrdemann\" \/>\n<meta name=\"twitter:card\" content=\"summary_large_image\" \/>\n<meta name=\"twitter:creator\" content=\"@2mecs\" \/>\n<meta name=\"twitter:site\" content=\"@2mecs\" \/>\n<meta name=\"twitter:label1\" content=\"Geschrieben von\" \/>\n\t<meta name=\"twitter:data1\" content=\"Ulrich W\u00fcrdemann\" \/>\n\t<meta name=\"twitter:label2\" content=\"Gesch\u00e4tzte Lesezeit\" \/>\n\t<meta name=\"twitter:data2\" content=\"1\u00a0Minute\" \/>\n<script type=\"application\/ld+json\" class=\"yoast-schema-graph\">{\"@context\":\"https:\\\/\\\/schema.org\",\"@graph\":[{\"@type\":\"Article\",\"@id\":\"https:\\\/\\\/www.2mecs.de\\\/wp\\\/2021\\\/11\\\/sandra-kreisler\\\/#article\",\"isPartOf\":{\"@id\":\"https:\\\/\\\/www.2mecs.de\\\/wp\\\/2021\\\/11\\\/sandra-kreisler\\\/\"},\"author\":{\"name\":\"Ulrich W\u00fcrdemann\",\"@id\":\"https:\\\/\\\/www.2mecs.de\\\/wp\\\/#\\\/schema\\\/person\\\/b7eefbb1df4a84f40cdff92f9e45d996\"},\"headline\":\"Sandra Kreisler &#8211; Lesung &#8218;Jude sein&#8216;\",\"datePublished\":\"2021-11-11T15:25:00+00:00\",\"dateModified\":\"2023-12-22T15:02:38+00:00\",\"mainEntityOfPage\":{\"@id\":\"https:\\\/\\\/www.2mecs.de\\\/wp\\\/2021\\\/11\\\/sandra-kreisler\\\/\"},\"wordCount\":80,\"commentCount\":0,\"publisher\":{\"@id\":\"https:\\\/\\\/www.2mecs.de\\\/wp\\\/#\\\/schema\\\/person\\\/b7eefbb1df4a84f40cdff92f9e45d996\"},\"image\":{\"@id\":\"https:\\\/\\\/www.2mecs.de\\\/wp\\\/2021\\\/11\\\/sandra-kreisler\\\/#primaryimage\"},\"thumbnailUrl\":\"https:\\\/\\\/www.2mecs.de\\\/wp\\\/wp-content\\\/uploads\\\/2023\\\/04\\\/20211110-Sandra-Kreisler-1024x576.jpg\",\"keywords\":[\"Antisemitismus\"],\"articleSection\":[\"Kulturelles\",\"Oldenburg\"],\"inLanguage\":\"de\",\"potentialAction\":[{\"@type\":\"CommentAction\",\"name\":\"Comment\",\"target\":[\"https:\\\/\\\/www.2mecs.de\\\/wp\\\/2021\\\/11\\\/sandra-kreisler\\\/#respond\"]}]},{\"@type\":\"WebPage\",\"@id\":\"https:\\\/\\\/www.2mecs.de\\\/wp\\\/2021\\\/11\\\/sandra-kreisler\\\/\",\"url\":\"https:\\\/\\\/www.2mecs.de\\\/wp\\\/2021\\\/11\\\/sandra-kreisler\\\/\",\"name\":\"Sandra Kreisler - Lesung 'Jude sein' - 2mecs\",\"isPartOf\":{\"@id\":\"https:\\\/\\\/www.2mecs.de\\\/wp\\\/#website\"},\"primaryImageOfPage\":{\"@id\":\"https:\\\/\\\/www.2mecs.de\\\/wp\\\/2021\\\/11\\\/sandra-kreisler\\\/#primaryimage\"},\"image\":{\"@id\":\"https:\\\/\\\/www.2mecs.de\\\/wp\\\/2021\\\/11\\\/sandra-kreisler\\\/#primaryimage\"},\"thumbnailUrl\":\"https:\\\/\\\/www.2mecs.de\\\/wp\\\/wp-content\\\/uploads\\\/2023\\\/04\\\/20211110-Sandra-Kreisler-1024x576.jpg\",\"datePublished\":\"2021-11-11T15:25:00+00:00\",\"dateModified\":\"2023-12-22T15:02:38+00:00\",\"breadcrumb\":{\"@id\":\"https:\\\/\\\/www.2mecs.de\\\/wp\\\/2021\\\/11\\\/sandra-kreisler\\\/#breadcrumb\"},\"inLanguage\":\"de\",\"potentialAction\":[{\"@type\":\"ReadAction\",\"target\":[\"https:\\\/\\\/www.2mecs.de\\\/wp\\\/2021\\\/11\\\/sandra-kreisler\\\/\"]}]},{\"@type\":\"ImageObject\",\"inLanguage\":\"de\",\"@id\":\"https:\\\/\\\/www.2mecs.de\\\/wp\\\/2021\\\/11\\\/sandra-kreisler\\\/#primaryimage\",\"url\":\"https:\\\/\\\/www.2mecs.de\\\/wp\\\/wp-content\\\/uploads\\\/2023\\\/04\\\/20211110-Sandra-Kreisler.jpg\",\"contentUrl\":\"https:\\\/\\\/www.2mecs.de\\\/wp\\\/wp-content\\\/uploads\\\/2023\\\/04\\\/20211110-Sandra-Kreisler.jpg\",\"width\":1500,\"height\":844},{\"@type\":\"BreadcrumbList\",\"@id\":\"https:\\\/\\\/www.2mecs.de\\\/wp\\\/2021\\\/11\\\/sandra-kreisler\\\/#breadcrumb\",\"itemListElement\":[{\"@type\":\"ListItem\",\"position\":1,\"name\":\"2mecs\",\"item\":\"https:\\\/\\\/www.2mecs.de\\\/wp\\\/\"},{\"@type\":\"ListItem\",\"position\":2,\"name\":\"Deutschland\",\"item\":\"https:\\\/\\\/www.2mecs.de\\\/wp\\\/category\\\/deutschland\\\/\"},{\"@type\":\"ListItem\",\"position\":3,\"name\":\"Oldenburg\",\"item\":\"https:\\\/\\\/www.2mecs.de\\\/wp\\\/category\\\/deutschland\\\/oldenburg\\\/\"},{\"@type\":\"ListItem\",\"position\":4,\"name\":\"Sandra Kreisler &#8211; Lesung &#8218;Jude sein&#8216;\"}]},{\"@type\":\"WebSite\",\"@id\":\"https:\\\/\\\/www.2mecs.de\\\/wp\\\/#website\",\"url\":\"https:\\\/\\\/www.2mecs.de\\\/wp\\\/\",\"name\":\"2mecs\",\"description\":\"\",\"publisher\":{\"@id\":\"https:\\\/\\\/www.2mecs.de\\\/wp\\\/#\\\/schema\\\/person\\\/b7eefbb1df4a84f40cdff92f9e45d996\"},\"potentialAction\":[{\"@type\":\"SearchAction\",\"target\":{\"@type\":\"EntryPoint\",\"urlTemplate\":\"https:\\\/\\\/www.2mecs.de\\\/wp\\\/?s={search_term_string}\"},\"query-input\":{\"@type\":\"PropertyValueSpecification\",\"valueRequired\":true,\"valueName\":\"search_term_string\"}}],\"inLanguage\":\"de\"},{\"@type\":[\"Person\",\"Organization\"],\"@id\":\"https:\\\/\\\/www.2mecs.de\\\/wp\\\/#\\\/schema\\\/person\\\/b7eefbb1df4a84f40cdff92f9e45d996\",\"name\":\"Ulrich W\u00fcrdemann\",\"image\":{\"@type\":\"ImageObject\",\"inLanguage\":\"de\",\"@id\":\"https:\\\/\\\/www.2mecs.de\\\/wp\\\/wp-content\\\/uploads\\\/2024\\\/09\\\/Ulli-2024-Kiel.jpg\",\"url\":\"https:\\\/\\\/www.2mecs.de\\\/wp\\\/wp-content\\\/uploads\\\/2024\\\/09\\\/Ulli-2024-Kiel.jpg\",\"contentUrl\":\"https:\\\/\\\/www.2mecs.de\\\/wp\\\/wp-content\\\/uploads\\\/2024\\\/09\\\/Ulli-2024-Kiel.jpg\",\"width\":200,\"height\":200,\"caption\":\"Ulrich W\u00fcrdemann\"},\"logo\":{\"@id\":\"https:\\\/\\\/www.2mecs.de\\\/wp\\\/wp-content\\\/uploads\\\/2024\\\/09\\\/Ulli-2024-Kiel.jpg\"},\"description\":\"einer der beiden 2mecs. Schwulenbewegt, Aids- und Therapie-Aktivist. Von 2005 bis 2012 Herausgeber www.ondamaris.de Ulli ist Frankreich-Liebhaber &amp; Bordeaux- \\\/ Lacanau-Fan. Mehr unter 2mecs -&gt; Ulli -&gt; Biographisches\",\"sameAs\":[\"http:\\\/\\\/www.2mecs.de\\\/wp\\\/\",\"https:\\\/\\\/www.facebook.com\\\/UlliWuerdemann\",\"https:\\\/\\\/www.instagram.com\\\/ulli_2mecs\\\/\",\"https:\\\/\\\/www.youtube.com\\\/channel\\\/UCbk075wzRnAk2_sbCYCAVNA\\\/\"],\"url\":\"https:\\\/\\\/www.2mecs.de\\\/wp\\\/author\\\/ulli\\\/\"}]}<\/script>\n<!-- \/ Yoast SEO plugin. -->","yoast_head_json":{"title":"Sandra Kreisler - Lesung 'Jude sein' - 2mecs","robots":{"index":"index","follow":"follow","max-snippet":"max-snippet:-1","max-image-preview":"max-image-preview:large","max-video-preview":"max-video-preview:-1"},"canonical":"https:\/\/www.2mecs.de\/wp\/2021\/11\/sandra-kreisler\/","og_locale":"de_DE","og_type":"article","og_title":"Sandra Kreisler - Lesung 'Jude sein' - 2mecs","og_description":"Sandra Kreisler &#8211; Lesung Jude Sein. Ansichten \u00fcber das Leben in der Diaspora &#8230; mit sch\u00f6nem Abend hinterher im Foyer des cine k &#8230; . Die Schauspielerin, Publizistin und Chanson-S\u00e4ngerin Sandra Kreisler wurde am 9. November 1961 in M\u00fcnchen geboren. Sie ist Tochter des Komponisten, S\u00e4ngers und Dichters Georg Kreisler(1922 &#8211; 2011; vgl. Kreislers Musical [&hellip;]","og_url":"https:\/\/www.2mecs.de\/wp\/2021\/11\/sandra-kreisler\/","og_site_name":"2mecs","article_publisher":"https:\/\/www.facebook.com\/UlliWuerdemann","article_author":"https:\/\/www.facebook.com\/UlliWuerdemann","article_published_time":"2021-11-11T15:25:00+00:00","article_modified_time":"2023-12-22T15:02:38+00:00","og_image":[{"url":"https:\/\/www.2mecs.de\/wp\/wp-content\/uploads\/2023\/04\/20211110-Sandra-Kreisler-1024x576.jpg","type":"","width":"","height":""}],"author":"Ulrich W\u00fcrdemann","twitter_card":"summary_large_image","twitter_creator":"@2mecs","twitter_site":"@2mecs","twitter_misc":{"Geschrieben von":"Ulrich W\u00fcrdemann","Gesch\u00e4tzte Lesezeit":"1\u00a0Minute"},"schema":{"@context":"https:\/\/schema.org","@graph":[{"@type":"Article","@id":"https:\/\/www.2mecs.de\/wp\/2021\/11\/sandra-kreisler\/#article","isPartOf":{"@id":"https:\/\/www.2mecs.de\/wp\/2021\/11\/sandra-kreisler\/"},"author":{"name":"Ulrich W\u00fcrdemann","@id":"https:\/\/www.2mecs.de\/wp\/#\/schema\/person\/b7eefbb1df4a84f40cdff92f9e45d996"},"headline":"Sandra Kreisler &#8211; Lesung &#8218;Jude sein&#8216;","datePublished":"2021-11-11T15:25:00+00:00","dateModified":"2023-12-22T15:02:38+00:00","mainEntityOfPage":{"@id":"https:\/\/www.2mecs.de\/wp\/2021\/11\/sandra-kreisler\/"},"wordCount":80,"commentCount":0,"publisher":{"@id":"https:\/\/www.2mecs.de\/wp\/#\/schema\/person\/b7eefbb1df4a84f40cdff92f9e45d996"},"image":{"@id":"https:\/\/www.2mecs.de\/wp\/2021\/11\/sandra-kreisler\/#primaryimage"},"thumbnailUrl":"https:\/\/www.2mecs.de\/wp\/wp-content\/uploads\/2023\/04\/20211110-Sandra-Kreisler-1024x576.jpg","keywords":["Antisemitismus"],"articleSection":["Kulturelles","Oldenburg"],"inLanguage":"de","potentialAction":[{"@type":"CommentAction","name":"Comment","target":["https:\/\/www.2mecs.de\/wp\/2021\/11\/sandra-kreisler\/#respond"]}]},{"@type":"WebPage","@id":"https:\/\/www.2mecs.de\/wp\/2021\/11\/sandra-kreisler\/","url":"https:\/\/www.2mecs.de\/wp\/2021\/11\/sandra-kreisler\/","name":"Sandra Kreisler - Lesung 'Jude sein' - 2mecs","isPartOf":{"@id":"https:\/\/www.2mecs.de\/wp\/#website"},"primaryImageOfPage":{"@id":"https:\/\/www.2mecs.de\/wp\/2021\/11\/sandra-kreisler\/#primaryimage"},"image":{"@id":"https:\/\/www.2mecs.de\/wp\/2021\/11\/sandra-kreisler\/#primaryimage"},"thumbnailUrl":"https:\/\/www.2mecs.de\/wp\/wp-content\/uploads\/2023\/04\/20211110-Sandra-Kreisler-1024x576.jpg","datePublished":"2021-11-11T15:25:00+00:00","dateModified":"2023-12-22T15:02:38+00:00","breadcrumb":{"@id":"https:\/\/www.2mecs.de\/wp\/2021\/11\/sandra-kreisler\/#breadcrumb"},"inLanguage":"de","potentialAction":[{"@type":"ReadAction","target":["https:\/\/www.2mecs.de\/wp\/2021\/11\/sandra-kreisler\/"]}]},{"@type":"ImageObject","inLanguage":"de","@id":"https:\/\/www.2mecs.de\/wp\/2021\/11\/sandra-kreisler\/#primaryimage","url":"https:\/\/www.2mecs.de\/wp\/wp-content\/uploads\/2023\/04\/20211110-Sandra-Kreisler.jpg","contentUrl":"https:\/\/www.2mecs.de\/wp\/wp-content\/uploads\/2023\/04\/20211110-Sandra-Kreisler.jpg","width":1500,"height":844},{"@type":"BreadcrumbList","@id":"https:\/\/www.2mecs.de\/wp\/2021\/11\/sandra-kreisler\/#breadcrumb","itemListElement":[{"@type":"ListItem","position":1,"name":"2mecs","item":"https:\/\/www.2mecs.de\/wp\/"},{"@type":"ListItem","position":2,"name":"Deutschland","item":"https:\/\/www.2mecs.de\/wp\/category\/deutschland\/"},{"@type":"ListItem","position":3,"name":"Oldenburg","item":"https:\/\/www.2mecs.de\/wp\/category\/deutschland\/oldenburg\/"},{"@type":"ListItem","position":4,"name":"Sandra Kreisler &#8211; Lesung &#8218;Jude sein&#8216;"}]},{"@type":"WebSite","@id":"https:\/\/www.2mecs.de\/wp\/#website","url":"https:\/\/www.2mecs.de\/wp\/","name":"2mecs","description":"","publisher":{"@id":"https:\/\/www.2mecs.de\/wp\/#\/schema\/person\/b7eefbb1df4a84f40cdff92f9e45d996"},"potentialAction":[{"@type":"SearchAction","target":{"@type":"EntryPoint","urlTemplate":"https:\/\/www.2mecs.de\/wp\/?s={search_term_string}"},"query-input":{"@type":"PropertyValueSpecification","valueRequired":true,"valueName":"search_term_string"}}],"inLanguage":"de"},{"@type":["Person","Organization"],"@id":"https:\/\/www.2mecs.de\/wp\/#\/schema\/person\/b7eefbb1df4a84f40cdff92f9e45d996","name":"Ulrich W\u00fcrdemann","image":{"@type":"ImageObject","inLanguage":"de","@id":"https:\/\/www.2mecs.de\/wp\/wp-content\/uploads\/2024\/09\/Ulli-2024-Kiel.jpg","url":"https:\/\/www.2mecs.de\/wp\/wp-content\/uploads\/2024\/09\/Ulli-2024-Kiel.jpg","contentUrl":"https:\/\/www.2mecs.de\/wp\/wp-content\/uploads\/2024\/09\/Ulli-2024-Kiel.jpg","width":200,"height":200,"caption":"Ulrich W\u00fcrdemann"},"logo":{"@id":"https:\/\/www.2mecs.de\/wp\/wp-content\/uploads\/2024\/09\/Ulli-2024-Kiel.jpg"},"description":"einer der beiden 2mecs. Schwulenbewegt, Aids- und Therapie-Aktivist. Von 2005 bis 2012 Herausgeber www.ondamaris.de Ulli ist Frankreich-Liebhaber &amp; Bordeaux- \/ Lacanau-Fan. Mehr unter 2mecs -&gt; Ulli -&gt; Biographisches","sameAs":["http:\/\/www.2mecs.de\/wp\/","https:\/\/www.facebook.com\/UlliWuerdemann","https:\/\/www.instagram.com\/ulli_2mecs\/","https:\/\/www.youtube.com\/channel\/UCbk075wzRnAk2_sbCYCAVNA\/"],"url":"https:\/\/www.2mecs.de\/wp\/author\/ulli\/"}]}},"modified_by":"Ulrich W\u00fcrdemann","amp_enabled":true,"_links":{"self":[{"href":"https:\/\/www.2mecs.de\/wp\/wp-json\/wp\/v2\/posts\/64520","targetHints":{"allow":["GET"]}}],"collection":[{"href":"https:\/\/www.2mecs.de\/wp\/wp-json\/wp\/v2\/posts"}],"about":[{"href":"https:\/\/www.2mecs.de\/wp\/wp-json\/wp\/v2\/types\/post"}],"author":[{"embeddable":true,"href":"https:\/\/www.2mecs.de\/wp\/wp-json\/wp\/v2\/users\/2"}],"replies":[{"embeddable":true,"href":"https:\/\/www.2mecs.de\/wp\/wp-json\/wp\/v2\/comments?post=64520"}],"version-history":[{"count":5,"href":"https:\/\/www.2mecs.de\/wp\/wp-json\/wp\/v2\/posts\/64520\/revisions"}],"predecessor-version":[{"id":67073,"href":"https:\/\/www.2mecs.de\/wp\/wp-json\/wp\/v2\/posts\/64520\/revisions\/67073"}],"wp:attachment":[{"href":"https:\/\/www.2mecs.de\/wp\/wp-json\/wp\/v2\/media?parent=64520"}],"wp:term":[{"taxonomy":"category","embeddable":true,"href":"https:\/\/www.2mecs.de\/wp\/wp-json\/wp\/v2\/categories?post=64520"},{"taxonomy":"post_tag","embeddable":true,"href":"https:\/\/www.2mecs.de\/wp\/wp-json\/wp\/v2\/tags?post=64520"}],"curies":[{"name":"wp","href":"https:\/\/api.w.org\/{rel}","templated":true}]}}