{"id":5721,"date":"2010-05-09T14:12:15","date_gmt":"2010-05-09T12:12:15","guid":{"rendered":"http:\/\/www.2mecs.de\/wp\/?p=5721"},"modified":"2016-02-29T23:38:34","modified_gmt":"2016-02-29T22:38:34","slug":"topografie-des-terrors-ausstellung-uber-die-zentrale-des-terrors-dokumentiert-auch-homosexuellen-verfolgung","status":"publish","type":"post","link":"https:\/\/www.2mecs.de\/wp\/2010\/05\/topografie-des-terrors-ausstellung-uber-die-zentrale-des-terrors-dokumentiert-auch-homosexuellen-verfolgung\/","title":{"rendered":"Topografie des Terrors \u2013 Ausstellung \u00fcber die Zentrale des Terrors dokumentiert auch Homosexuellen-Verfolgung"},"content":{"rendered":"<p><strong>Auf dem Gel\u00e4nde des ehemaligen Gestapo-Hauptquartiers und Sitz des \u2018Reichssicherheitshauptamts\u2019, Zentralen der Verfolgung und Vernichtung, wurde am 6. Mai 2010 die Ausstellung \u2018Topografie des Terrors\u2019 er\u00f6ffnet. Thematisiert wird auch die Verfolgung Homosexueller in der NS-Zeit.<\/strong><\/p>\n<p>Berlin Kreuzberg, Niederkirchnerstra\u00dfe 8. Gegen\u00fcber das Abgeordnetenhaus von Berlin, Reste der Mauer. Ein kahles Gel\u00e4nde, ein flacher Neubau in einem Feld aus dunkelgrauem Schotter. Kontrast zu den umliegenden Bauten \u2013 ein Kontrast mit Intention, eine Distanz zur umliegenden Herrschaftsarchitektur.<\/p>\n<p>Jahrzehnte fr\u00fcher hie\u00df die heutige Niederkirchner Stra\u00dfe \u2018Prinz-Albrecht-Stra\u00dfe\u2019, und die Adresse \u2018Prinz-Albrecht-Stra\u00dfe 8\u2032 stand f\u00fcr Terror, Verfolgung und Vernichtung. Hier und in unmittelbarer N\u00e4he lagen das Hauptquartier der \u2018Geheimen Staatspolizei\u2019 (Gestapo), die Zentrale der SS und das \u2018Reichssicherheitshauptamt\u2018 (RSHA).<\/p>\n<p>Rechtzeitig vor dem <a title=\"Tag der Befreiung\" href=\"http:\/\/www.2mecs.de\/wp\/2011\/05\/8-mai-1945-tag-der-befreiung\/\" target=\"_blank\">65. Jahrestag der Befreiung<\/a> wurde in Berlin am 6. Mai 2010 die Ausstellung \u2018Topografie des Terrors\u2019 er\u00f6ffnet.<\/p>\n<figure id=\"attachment_5723\" aria-describedby=\"caption-attachment-5723\" style=\"width: 570px\" class=\"wp-caption alignnone\"><a href=\"http:\/\/www.2mecs.de\/wp\/wp-content\/uploads\/2010\/05\/TopografieDesTerrors1.jpg\" data-rel=\"lightbox-gallery-yHnJddSj\" data-rl_title=\"Topografie des Terrors\" data-rl_caption=\"\"><img decoding=\"async\" class=\"size-full wp-image-5723 lazyload\" title=\"Topografie des Terrors\" data-src=\"http:\/\/www.2mecs.de\/wp\/wp-content\/uploads\/2010\/05\/TopografieDesTerrors1.jpg\" alt=\"Topografie des Terrors\" width=\"570\" height=\"427\" data-srcset=\"https:\/\/www.2mecs.de\/wp\/wp-content\/uploads\/2010\/05\/TopografieDesTerrors1.jpg 570w, https:\/\/www.2mecs.de\/wp\/wp-content\/uploads\/2010\/05\/TopografieDesTerrors1-300x224.jpg 300w\" data-sizes=\"(max-width: 570px) 100vw, 570px\" src=\"data:image\/svg+xml;base64,PHN2ZyB3aWR0aD0iMSIgaGVpZ2h0PSIxIiB4bWxucz0iaHR0cDovL3d3dy53My5vcmcvMjAwMC9zdmciPjwvc3ZnPg==\" style=\"--smush-placeholder-width: 570px; --smush-placeholder-aspect-ratio: 570\/427;\" \/><\/a><figcaption id=\"caption-attachment-5723\" class=\"wp-caption-text\">Topografie des Terrors<\/figcaption><\/figure>\n<figure id=\"attachment_5725\" aria-describedby=\"caption-attachment-5725\" style=\"width: 570px\" class=\"wp-caption alignnone\"><a href=\"http:\/\/www.2mecs.de\/wp\/wp-content\/uploads\/2010\/05\/TopografieDesTerrors2.jpg\" data-rel=\"lightbox-gallery-yHnJddSj\" data-rl_title=\"Topografie des Terrors, Ausstellungsbereich\" data-rl_caption=\"\"><img decoding=\"async\" class=\"size-full wp-image-5725 lazyload\" title=\"Topografie des Terrors, Ausstellungsbereich\" data-src=\"http:\/\/www.2mecs.de\/wp\/wp-content\/uploads\/2010\/05\/TopografieDesTerrors2.jpg\" alt=\"Topografie des Terrors, Ausstellungsbereich\" width=\"570\" height=\"427\" data-srcset=\"https:\/\/www.2mecs.de\/wp\/wp-content\/uploads\/2010\/05\/TopografieDesTerrors2.jpg 570w, https:\/\/www.2mecs.de\/wp\/wp-content\/uploads\/2010\/05\/TopografieDesTerrors2-300x224.jpg 300w\" data-sizes=\"(max-width: 570px) 100vw, 570px\" src=\"data:image\/svg+xml;base64,PHN2ZyB3aWR0aD0iMSIgaGVpZ2h0PSIxIiB4bWxucz0iaHR0cDovL3d3dy53My5vcmcvMjAwMC9zdmciPjwvc3ZnPg==\" style=\"--smush-placeholder-width: 570px; --smush-placeholder-aspect-ratio: 570\/427;\" \/><\/a><figcaption id=\"caption-attachment-5725\" class=\"wp-caption-text\">Topografie des Terrors, Ausstellungsbereich<\/figcaption><\/figure>\n<p>Die Ausstellung \u2018Topografie des Terrors\u2019 informiert \u00fcber \u201cdie wichtigsten Einrichtungen des nationalsozialistischen Verfolgungs- und Terrorapparats\u201d und versucht in f\u00fcnf Abschnitten \u201cdie europ\u00e4ische Dimension der NS-Schreckensherrschaft sichtbar\u201d zu machen.<\/p>\n<p>Im ersten Teil wird dargestellt, wie die NS-Diktatur errichtet wurde. im zweiten Abschnitt werden die zentralen Organisationen des Terrors, SS und Polizei, vorgestellt. Abschnitte drei und vier, die Schwerpunkte der Ausstellung, beschreiben Verfolgung und Vernichtung auf dem Gebiet des \u2018Deutschen Reiches\u2019 sowie in den besetzten Gebieten. Hier werden auch die systematische Vernichtung der Juden, die Deportationen von Roma und Sinti, die Bek\u00e4mpfung von Homosexuellen und die Verfolgung von Asozialen sowie von Kriegsgefangenen und anderen Ausl\u00e4ndern und Mordaktionen in Polen und der Sowjetunion behandelt. Im f\u00fcnften und letzten Abschnitt werden Kriegsende und die juristische Aufarbeitung der NS-Verbrechen dargestellt.<\/p>\n<p>Dabei thematisiert die Ausstellung auch die <a href=\"http:\/\/www.2mecs.de\/wp\/2008\/09\/homosexuelle-lange-zeit-vergessene-ns-opfer\/\" target=\"_blank\">Verfolgung Homosexueller<\/a> durch Gestapo, SS und Reichssicherheitshauptamt, sowohl im Verlauf der einzelnen Ausstellungsbereiche als auch in einem eigenen Panel. So z.B. im Gesch\u00e4ftsverteilungsplan (August 1939) des Reichskriminalpolizeiamts (\u2018Amt 5\u2032 des Reichssicherheitshauptamts; ans\u00e4ssig am Werderschen Markt 5-6), in dessen \u2018Referat IIA\u2019 sich damals die \u2018<a href=\"http:\/\/www.2mecs.de\/wp\/2008\/09\/die-reichszentrale-zur-bekampfung-der-homosexualitat-schreibtisch-tater-der-homosexuellenverfolgung\/\" target=\"_blank\">Reichszentrale zur Bek\u00e4mpfung der Homosexualit\u00e4t und Abtreibung<\/a>\u2018 befand:<\/p>\n<div id=\"shTitle\">\n<figure id=\"attachment_5728\" aria-describedby=\"caption-attachment-5728\" style=\"width: 570px\" class=\"wp-caption alignnone\"><a href=\"http:\/\/www.2mecs.de\/wp\/wp-content\/uploads\/2010\/05\/RKPA_Geschaeftsverteilungsplan1.jpg\" data-rel=\"lightbox-gallery-yHnJddSj\" data-rl_title=\"Gesch\u00e4ftsverteilungsplan des Reichskriminalpolizeiamts August 1939\" data-rl_caption=\"\"><img decoding=\"async\" class=\"size-full wp-image-5728 lazyload\" title=\"Gesch\u00e4ftsverteilungsplan des Reichskriminalpolizeiamts August 1939\" data-src=\"http:\/\/www.2mecs.de\/wp\/wp-content\/uploads\/2010\/05\/RKPA_Geschaeftsverteilungsplan1.jpg\" alt=\"Gesch\u00e4ftsverteilungsplan des Reichskriminalpolizeiamts August 1939\" width=\"570\" height=\"427\" data-srcset=\"https:\/\/www.2mecs.de\/wp\/wp-content\/uploads\/2010\/05\/RKPA_Geschaeftsverteilungsplan1.jpg 570w, https:\/\/www.2mecs.de\/wp\/wp-content\/uploads\/2010\/05\/RKPA_Geschaeftsverteilungsplan1-300x224.jpg 300w\" data-sizes=\"(max-width: 570px) 100vw, 570px\" src=\"data:image\/svg+xml;base64,PHN2ZyB3aWR0aD0iMSIgaGVpZ2h0PSIxIiB4bWxucz0iaHR0cDovL3d3dy53My5vcmcvMjAwMC9zdmciPjwvc3ZnPg==\" style=\"--smush-placeholder-width: 570px; --smush-placeholder-aspect-ratio: 570\/427;\" \/><\/a><figcaption id=\"caption-attachment-5728\" class=\"wp-caption-text\">Gesch\u00e4ftsverteilungsplan des Reichskriminalpolizeiamts August 1939<\/figcaption><\/figure>\n<\/div>\n<p>Ein eigenes Panel thematisiert gezielt die Verfolgung Homosexueller:<\/p>\n<figure id=\"attachment_5729\" aria-describedby=\"caption-attachment-5729\" style=\"width: 570px\" class=\"wp-caption alignnone\"><a href=\"http:\/\/www.2mecs.de\/wp\/wp-content\/uploads\/2010\/05\/TopografieDesTerrors_Homosexuellenverfolgung.jpg\" data-rel=\"lightbox-gallery-yHnJddSj\" data-rl_title=\"Topografie des Terrors \/ Homosexuellenverfolgung\" data-rl_caption=\"\"><img decoding=\"async\" class=\"size-full wp-image-5729 lazyload\" title=\"Topografie des Terrors \/ Homosexuellenverfolgung\" data-src=\"http:\/\/www.2mecs.de\/wp\/wp-content\/uploads\/2010\/05\/TopografieDesTerrors_Homosexuellenverfolgung.jpg\" alt=\"Topografie des Terrors \/ Homosexuellenverfolgung\" width=\"570\" height=\"427\" data-srcset=\"https:\/\/www.2mecs.de\/wp\/wp-content\/uploads\/2010\/05\/TopografieDesTerrors_Homosexuellenverfolgung.jpg 570w, https:\/\/www.2mecs.de\/wp\/wp-content\/uploads\/2010\/05\/TopografieDesTerrors_Homosexuellenverfolgung-300x224.jpg 300w\" data-sizes=\"(max-width: 570px) 100vw, 570px\" src=\"data:image\/svg+xml;base64,PHN2ZyB3aWR0aD0iMSIgaGVpZ2h0PSIxIiB4bWxucz0iaHR0cDovL3d3dy53My5vcmcvMjAwMC9zdmciPjwvc3ZnPg==\" style=\"--smush-placeholder-width: 570px; --smush-placeholder-aspect-ratio: 570\/427;\" \/><\/a><figcaption id=\"caption-attachment-5729\" class=\"wp-caption-text\">Topografie des Terrors \/ Homosexuellenverfolgung<\/figcaption><\/figure>\n<p>Hier finden sich Dokumente politisch verordneter Verfolgung wie auch pers\u00f6nlicher Schicksale verfolgter Homosexueller, so eine Aktennotiz Josef Meisinger (Referatsleiter IIS \u2018Homosexualit\u00e4t und Abtreibung\u2019) vom 7. Mai 1935 zur \u00c4nderung des\u00a0 \u00a7175, den Erlass zur Errichtung der \u2018Reichszentrale zur Bek\u00e4mpfung der Homosexualit\u00e4t und Abtreibung\u2018 oder die \u2018Belehrung von Angeh\u00f6rigen der SS und Polizei, dass homosexuelle Handlungen mit dem Tod bestraft werden\u2019 von 1942.<\/p>\n<figure id=\"attachment_5730\" aria-describedby=\"caption-attachment-5730\" style=\"width: 381px\" class=\"wp-caption alignnone\"><a href=\"http:\/\/www.2mecs.de\/wp\/wp-content\/uploads\/2010\/05\/P175Aktennotiz.jpg\" data-rel=\"lightbox-gallery-yHnJddSj\" data-rl_title=\"1935: \u00c4nderung \u00a7175, Aktennotiz Josef Meisinger\" data-rl_caption=\"\"><img decoding=\"async\" class=\"size-full wp-image-5730 lazyload\" title=\"1935: \u00c4nderung \u00a7175, Aktennotiz Josef Meisinger\" data-src=\"http:\/\/www.2mecs.de\/wp\/wp-content\/uploads\/2010\/05\/P175Aktennotiz.jpg\" alt=\"1935: \u00c4nderung \u00a7175, Aktennotiz Josef Meisinger\" width=\"381\" height=\"526\" data-srcset=\"https:\/\/www.2mecs.de\/wp\/wp-content\/uploads\/2010\/05\/P175Aktennotiz.jpg 381w, https:\/\/www.2mecs.de\/wp\/wp-content\/uploads\/2010\/05\/P175Aktennotiz-217x300.jpg 217w\" data-sizes=\"(max-width: 381px) 100vw, 381px\" src=\"data:image\/svg+xml;base64,PHN2ZyB3aWR0aD0iMSIgaGVpZ2h0PSIxIiB4bWxucz0iaHR0cDovL3d3dy53My5vcmcvMjAwMC9zdmciPjwvc3ZnPg==\" style=\"--smush-placeholder-width: 381px; --smush-placeholder-aspect-ratio: 381\/526;\" \/><\/a><figcaption id=\"caption-attachment-5730\" class=\"wp-caption-text\">1935: \u00c4nderung \u00a7175, Aktennotiz Josef Meisinger<\/figcaption><\/figure>\n<figure id=\"attachment_5732\" aria-describedby=\"caption-attachment-5732\" style=\"width: 427px\" class=\"wp-caption alignnone\"><a href=\"http:\/\/www.2mecs.de\/wp\/wp-content\/uploads\/2010\/05\/RZBHA_ErlassHimmler.jpg\" data-rel=\"lightbox-gallery-yHnJddSj\" data-rl_title=\"Erlass Himmlers zur Errichtung der &#8218;Reichszentrale zur Bek\u00e4mpfung der Homosexualit\u00e4t und Abtreibung&#8216;, 10.10.1936, Auszug\" data-rl_caption=\"\"><img decoding=\"async\" class=\"size-full wp-image-5732 lazyload\" title=\"Erlass Himmlers zur Errichtung der &#8218;Reichszentrale zur Bek\u00e4mpfung der Homosexualit\u00e4t und Abtreibung&#8216;, 10.10.1936, Auszug'Reichszentrale zur Bek\u00e4mpfung der Homosexualit\u00e4t und Abtreibung', 10.10.1936, Auszug\" data-src=\"http:\/\/www.2mecs.de\/wp\/wp-content\/uploads\/2010\/05\/RZBHA_ErlassHimmler.jpg\" alt=\"Erlass Himmlers zur Errichtung der 'Reichszentrale zur Bek\u00e4mpfung der Homosexualit\u00e4t und Abtreibung', 10.10.1936, Auszug\" width=\"427\" height=\"570\" data-srcset=\"https:\/\/www.2mecs.de\/wp\/wp-content\/uploads\/2010\/05\/RZBHA_ErlassHimmler.jpg 427w, https:\/\/www.2mecs.de\/wp\/wp-content\/uploads\/2010\/05\/RZBHA_ErlassHimmler-224x300.jpg 224w\" data-sizes=\"(max-width: 427px) 100vw, 427px\" src=\"data:image\/svg+xml;base64,PHN2ZyB3aWR0aD0iMSIgaGVpZ2h0PSIxIiB4bWxucz0iaHR0cDovL3d3dy53My5vcmcvMjAwMC9zdmciPjwvc3ZnPg==\" style=\"--smush-placeholder-width: 427px; --smush-placeholder-aspect-ratio: 427\/570;\" \/><\/a><figcaption id=\"caption-attachment-5732\" class=\"wp-caption-text\">Erlass Himmlers zur Errichtung der &#8218;Reichszentrale zur Bek\u00e4mpfung der Homosexualit\u00e4t und Abtreibung&#8216;, 10.10.1936, Auszug<\/figcaption><\/figure>\n<figure id=\"attachment_5733\" aria-describedby=\"caption-attachment-5733\" style=\"width: 409px\" class=\"wp-caption alignnone\"><a href=\"http:\/\/www.2mecs.de\/wp\/wp-content\/uploads\/2010\/05\/ErklaerungSS_175_Todesstrafe.jpg\" data-rel=\"lightbox-gallery-yHnJddSj\" data-rl_title=\"Belehrung SS und Polizei zur Bestrafung homosexueller Handlungen mit dem Tod, 1942\" data-rl_caption=\"\"><img decoding=\"async\" class=\"size-full wp-image-5733 lazyload\" title=\"Belehrung SS und Polizei zur Bestrafung homosexueller Handlungen mit dem Tod, 1942\" data-src=\"http:\/\/www.2mecs.de\/wp\/wp-content\/uploads\/2010\/05\/ErklaerungSS_175_Todesstrafe.jpg\" alt=\"Belehrung SS und Polizei zur Bestrafung homosexueller Handlungen mit dem Tod, 1942\" width=\"409\" height=\"511\" data-srcset=\"https:\/\/www.2mecs.de\/wp\/wp-content\/uploads\/2010\/05\/ErklaerungSS_175_Todesstrafe.jpg 409w, https:\/\/www.2mecs.de\/wp\/wp-content\/uploads\/2010\/05\/ErklaerungSS_175_Todesstrafe-240x300.jpg 240w\" data-sizes=\"(max-width: 409px) 100vw, 409px\" src=\"data:image\/svg+xml;base64,PHN2ZyB3aWR0aD0iMSIgaGVpZ2h0PSIxIiB4bWxucz0iaHR0cDovL3d3dy53My5vcmcvMjAwMC9zdmciPjwvc3ZnPg==\" style=\"--smush-placeholder-width: 409px; --smush-placeholder-aspect-ratio: 409\/511;\" \/><\/a><figcaption id=\"caption-attachment-5733\" class=\"wp-caption-text\">Belehrung SS und Polizei zur Bestrafung homosexueller Handlungen mit dem Tod, 1942<\/figcaption><\/figure>\n<p>sowie Beispiele f\u00fcr die allt\u00e4gliche Verfolgung, z.B. Denunziation \/ Meldung eines \u2018Betriebsobmannes\u2019 der Deutschen Arbeitsfront \u00fcber \u2018unsittliche Handlungen\u2019 von Betriebsangeh\u00f6rigen der Firma Zielh-Abegg vom 27. November 1941:<\/p>\n<figure id=\"attachment_5734\" aria-describedby=\"caption-attachment-5734\" style=\"width: 427px\" class=\"wp-caption alignnone\"><a href=\"http:\/\/www.2mecs.de\/wp\/wp-content\/uploads\/2010\/05\/DenunziationHomosexueller1941.jpg\" data-rel=\"lightbox-gallery-yHnJddSj\" data-rl_title=\"Denunziation vermeintlich Homosexueller, 1941\" data-rl_caption=\"\"><img decoding=\"async\" class=\"size-full wp-image-5734 lazyload\" title=\"Denunziation vermeintlich Homosexueller, 1941\" data-src=\"http:\/\/www.2mecs.de\/wp\/wp-content\/uploads\/2010\/05\/DenunziationHomosexueller1941.jpg\" alt=\"Denunziation vermeintlich Homosexueller, 1941\" width=\"427\" height=\"570\" data-srcset=\"https:\/\/www.2mecs.de\/wp\/wp-content\/uploads\/2010\/05\/DenunziationHomosexueller1941.jpg 427w, https:\/\/www.2mecs.de\/wp\/wp-content\/uploads\/2010\/05\/DenunziationHomosexueller1941-224x300.jpg 224w\" data-sizes=\"(max-width: 427px) 100vw, 427px\" src=\"data:image\/svg+xml;base64,PHN2ZyB3aWR0aD0iMSIgaGVpZ2h0PSIxIiB4bWxucz0iaHR0cDovL3d3dy53My5vcmcvMjAwMC9zdmciPjwvc3ZnPg==\" style=\"--smush-placeholder-width: 427px; --smush-placeholder-aspect-ratio: 427\/570;\" \/><\/a><figcaption id=\"caption-attachment-5734\" class=\"wp-caption-text\">Denunziation vermeintlich Homosexueller, 1941<\/figcaption><\/figure>\n<p>Die Ausstellung ist in einem umfangreichen (und mit 15\u20ac bemerkenswert g\u00fcnstigen) umfangreichen Katalog dokumentiert.<br \/>\nDie umfangreiche Bibliothek ist werktags f\u00fcr die \u00d6ffentlichkeit zug\u00e4nglich.<\/p>\n<p>Nicht weit vom Ort der T\u00e4ter, von der Ausstellung \u2018Topografie des Terrors\u2019 entfernt, am Rand des Tiergartens, befindet sich seit Mai 2008 ein Denkmal f\u00fcr eine der Opfergruppen, das \u2018<a href=\"https:\/\/www.2mecs.de\/wp\/2008\/05\/denkmal-fuer-die-im-nationalsozialismus-verfolgten-homosexuellen-eingeweiht\/\" target=\"_blank\">Denkmal f\u00fcr die im Nationalsozialismus verfolgten Homosexuellen<\/a>\u2018.<\/p>\n<p>weitere Informationen:<br \/>\nInternetseite <a href=\"http:\/\/www.topographie.de\/\" target=\"_blank\">Topografie des Terrors<\/a><br \/>\nJens Bisky: Topographie des Terrors \u2013 Zentrale der Niedertracht<br \/>\n.<\/p>\n","protected":false},"excerpt":{"rendered":"<p>Auf dem Gel\u00e4nde des ehemaligen Gestapo-Hauptquartiers und Sitz des \u2018Reichssicherheitshauptamts\u2019, Zentralen der Verfolgung und Vernichtung, wurde am 6. Mai 2010 die Ausstellung \u2018Topografie des Terrors\u2019 er\u00f6ffnet. Thematisiert wird auch die Verfolgung Homosexueller in der NS-Zeit. Berlin Kreuzberg, Niederkirchnerstra\u00dfe 8. Gegen\u00fcber das Abgeordnetenhaus von Berlin, Reste der Mauer. Ein kahles Gel\u00e4nde, ein flacher Neubau in einem [&hellip;]<\/p>\n","protected":false},"author":2,"featured_media":0,"comment_status":"open","ping_status":"open","sticky":false,"template":"","format":"standard","meta":{"_lmt_disableupdate":"","_lmt_disable":"","footnotes":""},"categories":[5],"tags":[141,22,142],"class_list":["post-5721","post","type-post","status-publish","format-standard","hentry","category-berlin","tag-homophobie","tag-ns-diktatur","tag-paragraph175"],"yoast_head":"<!-- This site is optimized with the Yoast SEO plugin v27.5 - https:\/\/yoast.com\/product\/yoast-seo-wordpress\/ -->\n<title>Topografie des Terrors dokumentiert Homosexuellen-Verfolgung<\/title>\n<meta name=\"description\" content=\"Topografie des Terrors \u2013 Ausstellung \u00fcber die Zentrale des Terrors dokumentiert auch Homosexuellen-Verfolgung\" \/>\n<meta name=\"robots\" content=\"index, follow, max-snippet:-1, max-image-preview:large, max-video-preview:-1\" \/>\n<link rel=\"canonical\" href=\"https:\/\/www.2mecs.de\/wp\/2010\/05\/topografie-des-terrors-ausstellung-uber-die-zentrale-des-terrors-dokumentiert-auch-homosexuellen-verfolgung\/\" \/>\n<meta property=\"og:locale\" content=\"de_DE\" \/>\n<meta property=\"og:type\" content=\"article\" \/>\n<meta property=\"og:title\" content=\"Topografie des Terrors dokumentiert Homosexuellen-Verfolgung\" \/>\n<meta property=\"og:description\" content=\"Topografie des Terrors \u2013 Ausstellung \u00fcber die Zentrale des Terrors dokumentiert auch Homosexuellen-Verfolgung\" \/>\n<meta property=\"og:url\" content=\"https:\/\/www.2mecs.de\/wp\/2010\/05\/topografie-des-terrors-ausstellung-uber-die-zentrale-des-terrors-dokumentiert-auch-homosexuellen-verfolgung\/\" \/>\n<meta property=\"og:site_name\" content=\"2mecs\" \/>\n<meta property=\"article:publisher\" content=\"https:\/\/www.facebook.com\/UlliWuerdemann\" \/>\n<meta property=\"article:author\" content=\"https:\/\/www.facebook.com\/UlliWuerdemann\" \/>\n<meta property=\"article:published_time\" content=\"2010-05-09T12:12:15+00:00\" \/>\n<meta property=\"article:modified_time\" content=\"2016-02-29T22:38:34+00:00\" \/>\n<meta property=\"og:image\" content=\"http:\/\/www.2mecs.de\/wp\/wp-content\/uploads\/2010\/05\/TopografieDesTerrors1.jpg\" \/>\n<meta name=\"author\" content=\"Ulrich W\u00fcrdemann\" \/>\n<meta name=\"twitter:card\" content=\"summary_large_image\" \/>\n<meta name=\"twitter:creator\" content=\"@2mecs\" \/>\n<meta name=\"twitter:site\" content=\"@2mecs\" \/>\n<meta name=\"twitter:label1\" content=\"Geschrieben von\" \/>\n\t<meta name=\"twitter:data1\" content=\"Ulrich W\u00fcrdemann\" \/>\n\t<meta name=\"twitter:label2\" content=\"Gesch\u00e4tzte Lesezeit\" \/>\n\t<meta name=\"twitter:data2\" content=\"3\u00a0Minuten\" \/>\n<script type=\"application\/ld+json\" class=\"yoast-schema-graph\">{\"@context\":\"https:\\\/\\\/schema.org\",\"@graph\":[{\"@type\":\"Article\",\"@id\":\"https:\\\/\\\/www.2mecs.de\\\/wp\\\/2010\\\/05\\\/topografie-des-terrors-ausstellung-uber-die-zentrale-des-terrors-dokumentiert-auch-homosexuellen-verfolgung\\\/#article\",\"isPartOf\":{\"@id\":\"https:\\\/\\\/www.2mecs.de\\\/wp\\\/2010\\\/05\\\/topografie-des-terrors-ausstellung-uber-die-zentrale-des-terrors-dokumentiert-auch-homosexuellen-verfolgung\\\/\"},\"author\":{\"name\":\"Ulrich W\u00fcrdemann\",\"@id\":\"https:\\\/\\\/www.2mecs.de\\\/wp\\\/#\\\/schema\\\/person\\\/b7eefbb1df4a84f40cdff92f9e45d996\"},\"headline\":\"Topografie des Terrors \u2013 Ausstellung \u00fcber die Zentrale des Terrors dokumentiert auch Homosexuellen-Verfolgung\",\"datePublished\":\"2010-05-09T12:12:15+00:00\",\"dateModified\":\"2016-02-29T22:38:34+00:00\",\"mainEntityOfPage\":{\"@id\":\"https:\\\/\\\/www.2mecs.de\\\/wp\\\/2010\\\/05\\\/topografie-des-terrors-ausstellung-uber-die-zentrale-des-terrors-dokumentiert-auch-homosexuellen-verfolgung\\\/\"},\"wordCount\":620,\"commentCount\":1,\"publisher\":{\"@id\":\"https:\\\/\\\/www.2mecs.de\\\/wp\\\/#\\\/schema\\\/person\\\/b7eefbb1df4a84f40cdff92f9e45d996\"},\"image\":{\"@id\":\"https:\\\/\\\/www.2mecs.de\\\/wp\\\/2010\\\/05\\\/topografie-des-terrors-ausstellung-uber-die-zentrale-des-terrors-dokumentiert-auch-homosexuellen-verfolgung\\\/#primaryimage\"},\"thumbnailUrl\":\"http:\\\/\\\/www.2mecs.de\\\/wp\\\/wp-content\\\/uploads\\\/2010\\\/05\\\/TopografieDesTerrors1.jpg\",\"keywords\":[\"Homophobie\",\"NS-Diktatur\",\"Paragraph 175\"],\"articleSection\":[\"Berlin\"],\"inLanguage\":\"de\",\"potentialAction\":[{\"@type\":\"CommentAction\",\"name\":\"Comment\",\"target\":[\"https:\\\/\\\/www.2mecs.de\\\/wp\\\/2010\\\/05\\\/topografie-des-terrors-ausstellung-uber-die-zentrale-des-terrors-dokumentiert-auch-homosexuellen-verfolgung\\\/#respond\"]}]},{\"@type\":\"WebPage\",\"@id\":\"https:\\\/\\\/www.2mecs.de\\\/wp\\\/2010\\\/05\\\/topografie-des-terrors-ausstellung-uber-die-zentrale-des-terrors-dokumentiert-auch-homosexuellen-verfolgung\\\/\",\"url\":\"https:\\\/\\\/www.2mecs.de\\\/wp\\\/2010\\\/05\\\/topografie-des-terrors-ausstellung-uber-die-zentrale-des-terrors-dokumentiert-auch-homosexuellen-verfolgung\\\/\",\"name\":\"Topografie des Terrors dokumentiert Homosexuellen-Verfolgung\",\"isPartOf\":{\"@id\":\"https:\\\/\\\/www.2mecs.de\\\/wp\\\/#website\"},\"primaryImageOfPage\":{\"@id\":\"https:\\\/\\\/www.2mecs.de\\\/wp\\\/2010\\\/05\\\/topografie-des-terrors-ausstellung-uber-die-zentrale-des-terrors-dokumentiert-auch-homosexuellen-verfolgung\\\/#primaryimage\"},\"image\":{\"@id\":\"https:\\\/\\\/www.2mecs.de\\\/wp\\\/2010\\\/05\\\/topografie-des-terrors-ausstellung-uber-die-zentrale-des-terrors-dokumentiert-auch-homosexuellen-verfolgung\\\/#primaryimage\"},\"thumbnailUrl\":\"http:\\\/\\\/www.2mecs.de\\\/wp\\\/wp-content\\\/uploads\\\/2010\\\/05\\\/TopografieDesTerrors1.jpg\",\"datePublished\":\"2010-05-09T12:12:15+00:00\",\"dateModified\":\"2016-02-29T22:38:34+00:00\",\"description\":\"Topografie des Terrors \u2013 Ausstellung \u00fcber die Zentrale des Terrors dokumentiert auch Homosexuellen-Verfolgung\",\"breadcrumb\":{\"@id\":\"https:\\\/\\\/www.2mecs.de\\\/wp\\\/2010\\\/05\\\/topografie-des-terrors-ausstellung-uber-die-zentrale-des-terrors-dokumentiert-auch-homosexuellen-verfolgung\\\/#breadcrumb\"},\"inLanguage\":\"de\",\"potentialAction\":[{\"@type\":\"ReadAction\",\"target\":[\"https:\\\/\\\/www.2mecs.de\\\/wp\\\/2010\\\/05\\\/topografie-des-terrors-ausstellung-uber-die-zentrale-des-terrors-dokumentiert-auch-homosexuellen-verfolgung\\\/\"]}]},{\"@type\":\"ImageObject\",\"inLanguage\":\"de\",\"@id\":\"https:\\\/\\\/www.2mecs.de\\\/wp\\\/2010\\\/05\\\/topografie-des-terrors-ausstellung-uber-die-zentrale-des-terrors-dokumentiert-auch-homosexuellen-verfolgung\\\/#primaryimage\",\"url\":\"http:\\\/\\\/www.2mecs.de\\\/wp\\\/wp-content\\\/uploads\\\/2010\\\/05\\\/TopografieDesTerrors1.jpg\",\"contentUrl\":\"http:\\\/\\\/www.2mecs.de\\\/wp\\\/wp-content\\\/uploads\\\/2010\\\/05\\\/TopografieDesTerrors1.jpg\"},{\"@type\":\"BreadcrumbList\",\"@id\":\"https:\\\/\\\/www.2mecs.de\\\/wp\\\/2010\\\/05\\\/topografie-des-terrors-ausstellung-uber-die-zentrale-des-terrors-dokumentiert-auch-homosexuellen-verfolgung\\\/#breadcrumb\",\"itemListElement\":[{\"@type\":\"ListItem\",\"position\":1,\"name\":\"2mecs\",\"item\":\"https:\\\/\\\/www.2mecs.de\\\/wp\\\/\"},{\"@type\":\"ListItem\",\"position\":2,\"name\":\"Deutschland\",\"item\":\"https:\\\/\\\/www.2mecs.de\\\/wp\\\/category\\\/deutschland\\\/\"},{\"@type\":\"ListItem\",\"position\":3,\"name\":\"Berlin\",\"item\":\"https:\\\/\\\/www.2mecs.de\\\/wp\\\/category\\\/deutschland\\\/berlin\\\/\"},{\"@type\":\"ListItem\",\"position\":4,\"name\":\"Topografie des Terrors \u2013 Ausstellung \u00fcber die Zentrale des Terrors dokumentiert auch Homosexuellen-Verfolgung\"}]},{\"@type\":\"WebSite\",\"@id\":\"https:\\\/\\\/www.2mecs.de\\\/wp\\\/#website\",\"url\":\"https:\\\/\\\/www.2mecs.de\\\/wp\\\/\",\"name\":\"2mecs\",\"description\":\"\",\"publisher\":{\"@id\":\"https:\\\/\\\/www.2mecs.de\\\/wp\\\/#\\\/schema\\\/person\\\/b7eefbb1df4a84f40cdff92f9e45d996\"},\"potentialAction\":[{\"@type\":\"SearchAction\",\"target\":{\"@type\":\"EntryPoint\",\"urlTemplate\":\"https:\\\/\\\/www.2mecs.de\\\/wp\\\/?s={search_term_string}\"},\"query-input\":{\"@type\":\"PropertyValueSpecification\",\"valueRequired\":true,\"valueName\":\"search_term_string\"}}],\"inLanguage\":\"de\"},{\"@type\":[\"Person\",\"Organization\"],\"@id\":\"https:\\\/\\\/www.2mecs.de\\\/wp\\\/#\\\/schema\\\/person\\\/b7eefbb1df4a84f40cdff92f9e45d996\",\"name\":\"Ulrich W\u00fcrdemann\",\"image\":{\"@type\":\"ImageObject\",\"inLanguage\":\"de\",\"@id\":\"https:\\\/\\\/www.2mecs.de\\\/wp\\\/wp-content\\\/uploads\\\/2024\\\/09\\\/Ulli-2024-Kiel.jpg\",\"url\":\"https:\\\/\\\/www.2mecs.de\\\/wp\\\/wp-content\\\/uploads\\\/2024\\\/09\\\/Ulli-2024-Kiel.jpg\",\"contentUrl\":\"https:\\\/\\\/www.2mecs.de\\\/wp\\\/wp-content\\\/uploads\\\/2024\\\/09\\\/Ulli-2024-Kiel.jpg\",\"width\":200,\"height\":200,\"caption\":\"Ulrich W\u00fcrdemann\"},\"logo\":{\"@id\":\"https:\\\/\\\/www.2mecs.de\\\/wp\\\/wp-content\\\/uploads\\\/2024\\\/09\\\/Ulli-2024-Kiel.jpg\"},\"description\":\"einer der beiden 2mecs. Schwulenbewegt, Aids- und Therapie-Aktivist. Von 2005 bis 2012 Herausgeber www.ondamaris.de Ulli ist Frankreich-Liebhaber &amp; Bordeaux- \\\/ Lacanau-Fan. Mehr unter 2mecs -&gt; Ulli -&gt; Biographisches\",\"sameAs\":[\"http:\\\/\\\/www.2mecs.de\\\/wp\\\/\",\"https:\\\/\\\/www.facebook.com\\\/UlliWuerdemann\",\"https:\\\/\\\/www.instagram.com\\\/ulli_2mecs\\\/\",\"https:\\\/\\\/www.youtube.com\\\/channel\\\/UCbk075wzRnAk2_sbCYCAVNA\\\/\"],\"url\":\"https:\\\/\\\/www.2mecs.de\\\/wp\\\/author\\\/ulli\\\/\"}]}<\/script>\n<!-- \/ Yoast SEO plugin. -->","yoast_head_json":{"title":"Topografie des Terrors dokumentiert Homosexuellen-Verfolgung","description":"Topografie des Terrors \u2013 Ausstellung \u00fcber die Zentrale des Terrors dokumentiert auch Homosexuellen-Verfolgung","robots":{"index":"index","follow":"follow","max-snippet":"max-snippet:-1","max-image-preview":"max-image-preview:large","max-video-preview":"max-video-preview:-1"},"canonical":"https:\/\/www.2mecs.de\/wp\/2010\/05\/topografie-des-terrors-ausstellung-uber-die-zentrale-des-terrors-dokumentiert-auch-homosexuellen-verfolgung\/","og_locale":"de_DE","og_type":"article","og_title":"Topografie des Terrors dokumentiert Homosexuellen-Verfolgung","og_description":"Topografie des Terrors \u2013 Ausstellung \u00fcber die Zentrale des Terrors dokumentiert auch Homosexuellen-Verfolgung","og_url":"https:\/\/www.2mecs.de\/wp\/2010\/05\/topografie-des-terrors-ausstellung-uber-die-zentrale-des-terrors-dokumentiert-auch-homosexuellen-verfolgung\/","og_site_name":"2mecs","article_publisher":"https:\/\/www.facebook.com\/UlliWuerdemann","article_author":"https:\/\/www.facebook.com\/UlliWuerdemann","article_published_time":"2010-05-09T12:12:15+00:00","article_modified_time":"2016-02-29T22:38:34+00:00","og_image":[{"url":"http:\/\/www.2mecs.de\/wp\/wp-content\/uploads\/2010\/05\/TopografieDesTerrors1.jpg","type":"","width":"","height":""}],"author":"Ulrich W\u00fcrdemann","twitter_card":"summary_large_image","twitter_creator":"@2mecs","twitter_site":"@2mecs","twitter_misc":{"Geschrieben von":"Ulrich W\u00fcrdemann","Gesch\u00e4tzte Lesezeit":"3\u00a0Minuten"},"schema":{"@context":"https:\/\/schema.org","@graph":[{"@type":"Article","@id":"https:\/\/www.2mecs.de\/wp\/2010\/05\/topografie-des-terrors-ausstellung-uber-die-zentrale-des-terrors-dokumentiert-auch-homosexuellen-verfolgung\/#article","isPartOf":{"@id":"https:\/\/www.2mecs.de\/wp\/2010\/05\/topografie-des-terrors-ausstellung-uber-die-zentrale-des-terrors-dokumentiert-auch-homosexuellen-verfolgung\/"},"author":{"name":"Ulrich W\u00fcrdemann","@id":"https:\/\/www.2mecs.de\/wp\/#\/schema\/person\/b7eefbb1df4a84f40cdff92f9e45d996"},"headline":"Topografie des Terrors \u2013 Ausstellung \u00fcber die Zentrale des Terrors dokumentiert auch Homosexuellen-Verfolgung","datePublished":"2010-05-09T12:12:15+00:00","dateModified":"2016-02-29T22:38:34+00:00","mainEntityOfPage":{"@id":"https:\/\/www.2mecs.de\/wp\/2010\/05\/topografie-des-terrors-ausstellung-uber-die-zentrale-des-terrors-dokumentiert-auch-homosexuellen-verfolgung\/"},"wordCount":620,"commentCount":1,"publisher":{"@id":"https:\/\/www.2mecs.de\/wp\/#\/schema\/person\/b7eefbb1df4a84f40cdff92f9e45d996"},"image":{"@id":"https:\/\/www.2mecs.de\/wp\/2010\/05\/topografie-des-terrors-ausstellung-uber-die-zentrale-des-terrors-dokumentiert-auch-homosexuellen-verfolgung\/#primaryimage"},"thumbnailUrl":"http:\/\/www.2mecs.de\/wp\/wp-content\/uploads\/2010\/05\/TopografieDesTerrors1.jpg","keywords":["Homophobie","NS-Diktatur","Paragraph 175"],"articleSection":["Berlin"],"inLanguage":"de","potentialAction":[{"@type":"CommentAction","name":"Comment","target":["https:\/\/www.2mecs.de\/wp\/2010\/05\/topografie-des-terrors-ausstellung-uber-die-zentrale-des-terrors-dokumentiert-auch-homosexuellen-verfolgung\/#respond"]}]},{"@type":"WebPage","@id":"https:\/\/www.2mecs.de\/wp\/2010\/05\/topografie-des-terrors-ausstellung-uber-die-zentrale-des-terrors-dokumentiert-auch-homosexuellen-verfolgung\/","url":"https:\/\/www.2mecs.de\/wp\/2010\/05\/topografie-des-terrors-ausstellung-uber-die-zentrale-des-terrors-dokumentiert-auch-homosexuellen-verfolgung\/","name":"Topografie des Terrors dokumentiert Homosexuellen-Verfolgung","isPartOf":{"@id":"https:\/\/www.2mecs.de\/wp\/#website"},"primaryImageOfPage":{"@id":"https:\/\/www.2mecs.de\/wp\/2010\/05\/topografie-des-terrors-ausstellung-uber-die-zentrale-des-terrors-dokumentiert-auch-homosexuellen-verfolgung\/#primaryimage"},"image":{"@id":"https:\/\/www.2mecs.de\/wp\/2010\/05\/topografie-des-terrors-ausstellung-uber-die-zentrale-des-terrors-dokumentiert-auch-homosexuellen-verfolgung\/#primaryimage"},"thumbnailUrl":"http:\/\/www.2mecs.de\/wp\/wp-content\/uploads\/2010\/05\/TopografieDesTerrors1.jpg","datePublished":"2010-05-09T12:12:15+00:00","dateModified":"2016-02-29T22:38:34+00:00","description":"Topografie des Terrors \u2013 Ausstellung \u00fcber die Zentrale des Terrors dokumentiert auch Homosexuellen-Verfolgung","breadcrumb":{"@id":"https:\/\/www.2mecs.de\/wp\/2010\/05\/topografie-des-terrors-ausstellung-uber-die-zentrale-des-terrors-dokumentiert-auch-homosexuellen-verfolgung\/#breadcrumb"},"inLanguage":"de","potentialAction":[{"@type":"ReadAction","target":["https:\/\/www.2mecs.de\/wp\/2010\/05\/topografie-des-terrors-ausstellung-uber-die-zentrale-des-terrors-dokumentiert-auch-homosexuellen-verfolgung\/"]}]},{"@type":"ImageObject","inLanguage":"de","@id":"https:\/\/www.2mecs.de\/wp\/2010\/05\/topografie-des-terrors-ausstellung-uber-die-zentrale-des-terrors-dokumentiert-auch-homosexuellen-verfolgung\/#primaryimage","url":"http:\/\/www.2mecs.de\/wp\/wp-content\/uploads\/2010\/05\/TopografieDesTerrors1.jpg","contentUrl":"http:\/\/www.2mecs.de\/wp\/wp-content\/uploads\/2010\/05\/TopografieDesTerrors1.jpg"},{"@type":"BreadcrumbList","@id":"https:\/\/www.2mecs.de\/wp\/2010\/05\/topografie-des-terrors-ausstellung-uber-die-zentrale-des-terrors-dokumentiert-auch-homosexuellen-verfolgung\/#breadcrumb","itemListElement":[{"@type":"ListItem","position":1,"name":"2mecs","item":"https:\/\/www.2mecs.de\/wp\/"},{"@type":"ListItem","position":2,"name":"Deutschland","item":"https:\/\/www.2mecs.de\/wp\/category\/deutschland\/"},{"@type":"ListItem","position":3,"name":"Berlin","item":"https:\/\/www.2mecs.de\/wp\/category\/deutschland\/berlin\/"},{"@type":"ListItem","position":4,"name":"Topografie des Terrors \u2013 Ausstellung \u00fcber die Zentrale des Terrors dokumentiert auch Homosexuellen-Verfolgung"}]},{"@type":"WebSite","@id":"https:\/\/www.2mecs.de\/wp\/#website","url":"https:\/\/www.2mecs.de\/wp\/","name":"2mecs","description":"","publisher":{"@id":"https:\/\/www.2mecs.de\/wp\/#\/schema\/person\/b7eefbb1df4a84f40cdff92f9e45d996"},"potentialAction":[{"@type":"SearchAction","target":{"@type":"EntryPoint","urlTemplate":"https:\/\/www.2mecs.de\/wp\/?s={search_term_string}"},"query-input":{"@type":"PropertyValueSpecification","valueRequired":true,"valueName":"search_term_string"}}],"inLanguage":"de"},{"@type":["Person","Organization"],"@id":"https:\/\/www.2mecs.de\/wp\/#\/schema\/person\/b7eefbb1df4a84f40cdff92f9e45d996","name":"Ulrich W\u00fcrdemann","image":{"@type":"ImageObject","inLanguage":"de","@id":"https:\/\/www.2mecs.de\/wp\/wp-content\/uploads\/2024\/09\/Ulli-2024-Kiel.jpg","url":"https:\/\/www.2mecs.de\/wp\/wp-content\/uploads\/2024\/09\/Ulli-2024-Kiel.jpg","contentUrl":"https:\/\/www.2mecs.de\/wp\/wp-content\/uploads\/2024\/09\/Ulli-2024-Kiel.jpg","width":200,"height":200,"caption":"Ulrich W\u00fcrdemann"},"logo":{"@id":"https:\/\/www.2mecs.de\/wp\/wp-content\/uploads\/2024\/09\/Ulli-2024-Kiel.jpg"},"description":"einer der beiden 2mecs. Schwulenbewegt, Aids- und Therapie-Aktivist. Von 2005 bis 2012 Herausgeber www.ondamaris.de Ulli ist Frankreich-Liebhaber &amp; Bordeaux- \/ Lacanau-Fan. Mehr unter 2mecs -&gt; Ulli -&gt; Biographisches","sameAs":["http:\/\/www.2mecs.de\/wp\/","https:\/\/www.facebook.com\/UlliWuerdemann","https:\/\/www.instagram.com\/ulli_2mecs\/","https:\/\/www.youtube.com\/channel\/UCbk075wzRnAk2_sbCYCAVNA\/"],"url":"https:\/\/www.2mecs.de\/wp\/author\/ulli\/"}]}},"modified_by":"Ulrich W\u00fcrdemann","amp_enabled":true,"_links":{"self":[{"href":"https:\/\/www.2mecs.de\/wp\/wp-json\/wp\/v2\/posts\/5721","targetHints":{"allow":["GET"]}}],"collection":[{"href":"https:\/\/www.2mecs.de\/wp\/wp-json\/wp\/v2\/posts"}],"about":[{"href":"https:\/\/www.2mecs.de\/wp\/wp-json\/wp\/v2\/types\/post"}],"author":[{"embeddable":true,"href":"https:\/\/www.2mecs.de\/wp\/wp-json\/wp\/v2\/users\/2"}],"replies":[{"embeddable":true,"href":"https:\/\/www.2mecs.de\/wp\/wp-json\/wp\/v2\/comments?post=5721"}],"version-history":[{"count":6,"href":"https:\/\/www.2mecs.de\/wp\/wp-json\/wp\/v2\/posts\/5721\/revisions"}],"predecessor-version":[{"id":26819,"href":"https:\/\/www.2mecs.de\/wp\/wp-json\/wp\/v2\/posts\/5721\/revisions\/26819"}],"wp:attachment":[{"href":"https:\/\/www.2mecs.de\/wp\/wp-json\/wp\/v2\/media?parent=5721"}],"wp:term":[{"taxonomy":"category","embeddable":true,"href":"https:\/\/www.2mecs.de\/wp\/wp-json\/wp\/v2\/categories?post=5721"},{"taxonomy":"post_tag","embeddable":true,"href":"https:\/\/www.2mecs.de\/wp\/wp-json\/wp\/v2\/tags?post=5721"}],"curies":[{"name":"wp","href":"https:\/\/api.w.org\/{rel}","templated":true}]}}