{"id":52967,"date":"2020-11-25T15:48:33","date_gmt":"2020-11-25T14:48:33","guid":{"rendered":"https:\/\/www.2mecs.de\/wp\/?p=52967"},"modified":"2023-08-27T15:42:41","modified_gmt":"2023-08-27T13:42:41","slug":"hydrail-wasserstoff-im-schienenverkehr-beispiel-in-bremervoerde","status":"publish","type":"post","link":"https:\/\/www.2mecs.de\/wp\/2020\/11\/hydrail-wasserstoff-im-schienenverkehr-beispiel-in-bremervoerde\/","title":{"rendered":"Hydrail &#8211; Wasserstoff im Schienenverkehr, Beispiel in Bremerv\u00f6rde"},"content":{"rendered":"\n<p><strong>Der Einsatz von Wasserstoff im Schienenverkehr mittels Brennstoffzellen (Hydrail) gilt als gro\u00dfe Hoffnung f\u00fcr umweltfreundlichen Verkehr auf nicht elektrifiztierten Schienenstrecken.<\/strong><\/p>\n\n\n\n<p>\u00dcber <strong>40 Prozent<\/strong> des <strong>Schienennetz<\/strong>es in Deuschland sind derzeit <strong>nicht elektrifiziert<\/strong> und werden nahezu ausschlie\u00dflich im <strong>Diesel<\/strong>-Betrieb genutzt. Hier liegt ein gro\u00dfes Potenzial f\u00fcr umweltfreundlichen Schienenverkehr. Voraussetzung: die Verwendung von &#8218;<strong>gr\u00fcnem Wasserstoff<\/strong>&#8218;, Wasserstoff der unter Einsatz von Strom aus erneuerbaren Quellen produziert wurde.<\/p>\n\n\n\n<p>In <strong>Bremerv\u00f6rde <\/strong>im Norden von <strong>Niedersachsen<\/strong> wird der Einsatz von Wasserstoff im Schienenverkehr bereits seit 2018 erfolgreich getestet.<\/p>\n\n\n\n<p>Inzwischen wird der Regelbetrieb vorbereitet und die erforderliche Infrastruktur aufgebaut.<\/p>\n\n\n\n<h2 class=\"wp-block-heading\">seit 2018: Wasserstoff-Z\u00fcge im Personenverkehr zwischen Bremerv\u00f6rde und Cuxhaven<\/h2>\n\n\n\n<p>Seit <strong>17. September 2018<\/strong> setzen die Elbe-Weser-Verkehrsbetriebe <a href=\"https:\/\/www.evb-elbe-weser.de\/startseite\/\" target=\"_blank\" rel=\"noreferrer noopener\">EVB<\/a> auf der \u2013 nicht elektrifizierten \u2013 knapp 100 km langen Verbindung <strong>zwischen Buxtehude und Cuxhaven<\/strong> zwei Fahrzeuge <strong>Alstom Coradia iLint<\/strong> ein. Zum <strong>ersten Mal weltweit<\/strong> werden hier <strong>im \u00f6ffentlichen Linienverkehr<\/strong> Brennstoffzellen \u2013 Schienenfahrzeuge (<strong>Vorserienfahrzeuge <\/strong>im <strong>Pilotbetrieb<\/strong>) im <strong>Regelbetrieb <\/strong>eingesetzt.<\/p>\n\n\n\n<figure class=\"wp-block-image size-large\"><a href=\"https:\/\/www.2mecs.de\/wp\/wp-content\/uploads\/2019\/06\/Bremervoerde-Coradia-iLint.jpg\" data-rel=\"lightbox-gallery-HXkCFM5m\" data-rl_title=\"Bremervoerde-Coradia-iLint\" data-rl_caption=\"\" title=\"Bremervoerde-Coradia-iLint\"><img decoding=\"async\" width=\"1024\" height=\"576\" data-src=\"https:\/\/www.2mecs.de\/wp\/wp-content\/uploads\/2019\/06\/Bremervoerde-Coradia-iLint-1024x576.jpg\" alt=\"Brennstoffzellen-Antrieb: Alstom Coradia iLint 2019 im Bahnhof Bremerv\u00f6rde\" class=\"wp-image-43726 lazyload\" data-srcset=\"https:\/\/www.2mecs.de\/wp\/wp-content\/uploads\/2019\/06\/Bremervoerde-Coradia-iLint-1024x576.jpg 1024w, https:\/\/www.2mecs.de\/wp\/wp-content\/uploads\/2019\/06\/Bremervoerde-Coradia-iLint-300x169.jpg 300w, https:\/\/www.2mecs.de\/wp\/wp-content\/uploads\/2019\/06\/Bremervoerde-Coradia-iLint-768x432.jpg 768w, https:\/\/www.2mecs.de\/wp\/wp-content\/uploads\/2019\/06\/Bremervoerde-Coradia-iLint.jpg 1955w\" data-sizes=\"(max-width: 1024px) 100vw, 1024px\" src=\"data:image\/svg+xml;base64,PHN2ZyB3aWR0aD0iMSIgaGVpZ2h0PSIxIiB4bWxucz0iaHR0cDovL3d3dy53My5vcmcvMjAwMC9zdmciPjwvc3ZnPg==\" style=\"--smush-placeholder-width: 1024px; --smush-placeholder-aspect-ratio: 1024\/576;\" \/><\/a><figcaption class=\"wp-element-caption\">Brennstoffzellen-Antrieb: Alstom Coradia iLint 2019 im Bahnhof Bremerv\u00f6rde<\/figcaption><\/figure>\n\n\n\n<p>Die iLint-Z\u00fcge von Alstom wurden erstmals am <strong>20. September 2016<\/strong> <strong>vorgestellt<\/strong> (erster Personenzug in Serienfertigung mit Wasserstoff-Antrieb). Sie k\u00f6nnen eine maximale H\u00f6chstgeschwindigkeit von 160 km\/h erreichen, die Reichweite liegt zwischen 600 und 800 km. Am 14. M\u00e4rz 2017 fanden die ersten Probefahrten statt.<\/p>\n\n\n\n<figure class=\"wp-block-image size-large\"><a href=\"https:\/\/www.2mecs.de\/wp\/wp-content\/uploads\/2020\/11\/Coradia-iLint-Bremervoerde-2019.jpg\" data-rel=\"lightbox-gallery-HXkCFM5m\" data-rl_title=\"Coradia-iLint-Bremervoerde-2019\" data-rl_caption=\"\" title=\"Coradia-iLint-Bremervoerde-2019\"><img decoding=\"async\" width=\"1024\" height=\"576\" data-src=\"https:\/\/www.2mecs.de\/wp\/wp-content\/uploads\/2020\/11\/Coradia-iLint-Bremervoerde-2019-1024x576.jpg\" alt=\"Alstom Coradia iLint 2019 im Bahnhof Bremerv\u00f6rde Wasserstoff Brennstoffzelle\" class=\"wp-image-52977 lazyload\" data-srcset=\"https:\/\/www.2mecs.de\/wp\/wp-content\/uploads\/2020\/11\/Coradia-iLint-Bremervoerde-2019-1024x576.jpg 1024w, https:\/\/www.2mecs.de\/wp\/wp-content\/uploads\/2020\/11\/Coradia-iLint-Bremervoerde-2019-300x169.jpg 300w, https:\/\/www.2mecs.de\/wp\/wp-content\/uploads\/2020\/11\/Coradia-iLint-Bremervoerde-2019-768x432.jpg 768w, https:\/\/www.2mecs.de\/wp\/wp-content\/uploads\/2020\/11\/Coradia-iLint-Bremervoerde-2019-1536x864.jpg 1536w, https:\/\/www.2mecs.de\/wp\/wp-content\/uploads\/2020\/11\/Coradia-iLint-Bremervoerde-2019-1200x675.jpg 1200w, https:\/\/www.2mecs.de\/wp\/wp-content\/uploads\/2020\/11\/Coradia-iLint-Bremervoerde-2019.jpg 1584w\" data-sizes=\"(max-width: 1024px) 100vw, 1024px\" src=\"data:image\/svg+xml;base64,PHN2ZyB3aWR0aD0iMSIgaGVpZ2h0PSIxIiB4bWxucz0iaHR0cDovL3d3dy53My5vcmcvMjAwMC9zdmciPjwvc3ZnPg==\" style=\"--smush-placeholder-width: 1024px; --smush-placeholder-aspect-ratio: 1024\/576;\" \/><\/a><figcaption class=\"wp-element-caption\">Alstom Coradia iLint 2019 im Bahnhof Bremerv\u00f6rde<\/figcaption><\/figure>\n\n\n\n<p>F\u00fcr die Wasserstoff-Versorgung der Brennstoffzellen (2x 20 kW Leistung) befinden sich zwei jeweils 90kg Wasserstoff fassende Tanks auf dem Dach <\/p>\n\n\n\n<p>Am 11. Juli 2018 wurden die Fahrzeuge des Typ iLINT f\u00fcr den kommerziellen Fahrgasteinsatz in Deutschland <strong>zugelasssen<\/strong>.<\/p>\n\n\n\n<h2 class=\"wp-block-heading\">2020: die weltweit erste Wasserstoff- Tankstelle f\u00fcr Personenz\u00fcge entsteht in Bremerv\u00f6rde<\/h2>\n\n\n\n<p>In der Region Bremerv\u00f6rde soll 2022 der Regelbetrieb von Wasserstoffz\u00fcgen im Schienenpersonenverkehr starten. Zu deren Versorgung wird eine <strong>Wasserstofftankstelle <\/strong>errichtet.<\/p>\n\n\n\n<p>Die Bauarbeiten f\u00fcr die in der N\u00e4he des Bahnhofs Bremerv\u00f6rde gelegenen Wasserstoff-Tankstelle f\u00fcr Z\u00fcge begannen im September 2020. Errichtet wird sie im Auftrag der LNVG Landesnahverkehrsgesellschaft Niedersachsen vom Gas- Unternehmen Linde. <\/p>\n\n\n\n<p>Die LNVG wurde 1996 gegr\u00fcndte und ist zu 100% im Besitz des Landes Niedersachsen. Sie unterh\u00e4lt einen <strong>landeseigenen Fahrzeugpool<\/strong> (LNVG beschafft und vermietet).<\/p>\n\n\n\n<p>Die Fertigstellung ist geplant f\u00fcr Mitte 2021. Sie soll eine Kapazit\u00e4t von nominal 1.600 kg Wasserstoff pro Tag haben (und w\u00e4re damit eine der gr\u00f6\u00dften Wasserstofftankstellen der Welt).<\/p>\n\n\n\n<p>Die <strong>Wasserstofftankstelle Bremerv\u00f6rde<\/strong> dient nach Inbetriebnahme der Versorgung der Wasserstoffz\u00fcge im Regelbetrieb (s.u.). Sie ist damit die <strong>erste Wasserstofftankstelle f\u00fcr Personenz\u00fcge<\/strong>.<\/p>\n\n\n\n<figure class=\"wp-block-image size-large\"><a href=\"https:\/\/www.2mecs.de\/wp\/wp-content\/uploads\/2023\/08\/20230826-EVB-Wasserstoff-Tankstelle-Bremervoerde.jpg\" data-rel=\"lightbox-gallery-HXkCFM5m\" data-rl_title=\"20230826-EVB-Wasserstoff-Tankstelle-Bremervoerde\" data-rl_caption=\"\" title=\"20230826-EVB-Wasserstoff-Tankstelle-Bremervoerde\"><img decoding=\"async\" width=\"1024\" height=\"576\" data-src=\"https:\/\/www.2mecs.de\/wp\/wp-content\/uploads\/2023\/08\/20230826-EVB-Wasserstoff-Tankstelle-Bremervoerde-1024x576.jpg\" alt=\"\" class=\"wp-image-65922 lazyload\" data-srcset=\"https:\/\/www.2mecs.de\/wp\/wp-content\/uploads\/2023\/08\/20230826-EVB-Wasserstoff-Tankstelle-Bremervoerde-1024x576.jpg 1024w, https:\/\/www.2mecs.de\/wp\/wp-content\/uploads\/2023\/08\/20230826-EVB-Wasserstoff-Tankstelle-Bremervoerde-300x169.jpg 300w, https:\/\/www.2mecs.de\/wp\/wp-content\/uploads\/2023\/08\/20230826-EVB-Wasserstoff-Tankstelle-Bremervoerde-768x432.jpg 768w, https:\/\/www.2mecs.de\/wp\/wp-content\/uploads\/2023\/08\/20230826-EVB-Wasserstoff-Tankstelle-Bremervoerde-1200x675.jpg 1200w, https:\/\/www.2mecs.de\/wp\/wp-content\/uploads\/2023\/08\/20230826-EVB-Wasserstoff-Tankstelle-Bremervoerde.jpg 1361w\" data-sizes=\"(max-width: 1024px) 100vw, 1024px\" src=\"data:image\/svg+xml;base64,PHN2ZyB3aWR0aD0iMSIgaGVpZ2h0PSIxIiB4bWxucz0iaHR0cDovL3d3dy53My5vcmcvMjAwMC9zdmciPjwvc3ZnPg==\" style=\"--smush-placeholder-width: 1024px; --smush-placeholder-aspect-ratio: 1024\/576;\" \/><\/a><figcaption class=\"wp-element-caption\">Wasserstoff Tankstelle Bremerv\u00f6rde (Foto August 2023)<\/figcaption><\/figure>\n\n\n\n<p>Eine sp\u00e4tere Erweiterung der Wasserstofftankstelle um eine Anlage zur vor-Ort- <strong>Herstellung <\/strong>von <strong>gr\u00fcnem Wasserstoff<\/strong> ist angedacht. Zun\u00e4chst wird der Wasserstoff aus Stade und Hamburg sowie den Niederlanden per LKW angeliefert.<\/p>\n\n\n\n<h2 class=\"wp-block-heading\">ab 2022: Wasserstoff-Z\u00fcge im Regelbetrieb in Niedersachsen<\/h2>\n\n\n\n<p><strong>Ab 2022<\/strong> sollen <strong>Wasserstoff-Z\u00fcge<\/strong> in Niedersachsen im <strong>Regelbetrieb <\/strong>eingesetzt werden. <\/p>\n\n\n\n<p>Zun\u00e4chst ist der Einsatz von <strong>14 Alstom- Regionalz\u00fcgen<\/strong> vorgesehen. Diese hat die Landesverkehrsgesellschaft Niedersachsen zwischenzeitlich bestellt. Der am 9. November 2017 unterzeichnete Vertrag umfasst die Beschaffung sowie 30 Jahre Instandhaltung durch Alstom in der EVB-Werkstatt Bremerv\u00f6rde.<\/p>\n\n\n\n<p>Hergestellt werden die Z\u00fcge im Alstom-Werk in Salzgitter (Niedersachsen). Die Fahrzeuge werden Teil des Fahrzeugpools der LNVG und an die EVB vermietet. Eingesetzt werden sollen die Wasserstoffz\u00fcge zwischen Cuxhaven, <a href=\"https:\/\/www.2mecs.de\/wp\/tag\/bremerhaven\/\" target=\"_blank\" rel=\"noreferrer noopener\">Bremerhaven<\/a>, Buxtehude und Bremerv\u00f6rde.<\/p>\n\n\n\n<p>In Nordrhein-Westfalen hat die DB Anfang September 2022 eine Testfahrt mit einem <strong>Siemens<\/strong>&#8211; Wassserstoffzug unterniommnen. Der &#8218;Mireo plus H&#8216; soll eine Recihweite von bis zu 800km haben. Weitere Testfahrten ohne Passagiere sind f\u00fcr Herbst 2023 im Nordschwarzwald vorgesehen.<\/p>\n\n\n\n<h2 class=\"wp-block-heading\">2022: Wasserstoff-Zug knackt 1000-km &#8211; Marke<\/h2>\n\n\n\n<p>Mitte September 2022 knackt ein Wasserstoff-Zug aus Bremerv\u00f6rde als erster Wasserstoffzug weltweit die <strong>1.000-km &#8211; Marke<\/strong>.<\/p>\n\n\n\n<p>Mit einer <strong>250kg &#8211; Tankf\u00fcllung Wasserstoff<\/strong> schaftt ein Fahrzeug Coradia iLint eine Strecke von 1.175 km. Der Zug fuhr am 15.9.2022 von Bremerv\u00f6rde bis Burghausen an der Grenze zu \u00d6sterreich &#8211; und schaffte noch 100km zur\u00fcck M\u00fcnchen.<\/p>\n\n\n\n<p>Zur\u00fcck nach Bremerv\u00f6rde wurde der Wasserstoffzug von einer Diesellok gezogen &#8211; mangels entsprechender Wasserstoff-Tankstellen auf der Strecke.<\/p>\n\n\n\n<h2 class=\"wp-block-heading\">Wasserrstoffz\u00fcge auch in Italien und Frankreich<\/h2>\n\n\n\n<p>Ab 2023 sollen Wasserstoffz\u00fcge in der Region Lombardei um <strong>Turin <\/strong>eingesetzt werden. Ende November 2020 schloss der Hersteller Alstom einen Vertrag \u00fcber 6 Z\u00fcge mit Ferrovie Nord Milano (FNM) sowie eine Option \u00fcber weitere 8 Einheiten des Typs Coradia Stream. Die Brennstoffzellen-Technologie (BZ) wird vom Coradia iLint (wie er in Bremerv\u00f6rde eingesetzt wird) \u00fcbernommen.<\/p>\n\n\n\n<p>Auch in <strong>Frankreich <\/strong>werden absehbar erste Wasserstoffz\u00fcge eingestezt. Die SNCF bestellte am 8. April 2021 insgesamt 12 Wasserstoffz\u00fcge f\u00fcr den Regionalverkehr in 4 Regionen (Auvergne-Rh\u00f4ne-Alpes, Bourgogne-Franche-Comt\u00e9, Occitanie und Grand Est). <\/p>\n\n\n\n<p>Der Einsatz der Fahrzeuge des Typs Coradia iLint soll 2023 mit dem Testen erster Prototypen beginnen. Ab 2025 soll der Regelbetrieb folgen.<\/p>\n\n\n\n<p>In <strong>\u00d6sterreich <\/strong>fand 2020 ein dreimonatiger Testbetrieb des iLint statt. zudem hat der Zug die Zulassung f\u00fcr das Strreckennetz in \u00d6sterreich erhalten (zweiter Staat nach Deutschland).<\/p>\n\n\n\n<p>Tests fanden 2020 auch in der Region Groningen \/ <strong>Niederlande <\/strong>statt.<\/p>\n","protected":false},"excerpt":{"rendered":"<p>Der Einsatz von Wasserstoff im Schienenverkehr mittels Brennstoffzellen (Hydrail) gilt als gro\u00dfe Hoffnung f\u00fcr umweltfreundlichen Verkehr auf nicht elektrifiztierten Schienenstrecken. \u00dcber 40 Prozent des Schienennetzes in Deuschland sind derzeit nicht elektrifiziert und werden nahezu ausschlie\u00dflich im Diesel-Betrieb genutzt. Hier liegt ein gro\u00dfes Potenzial f\u00fcr umweltfreundlichen Schienenverkehr. Voraussetzung: die Verwendung von &#8218;gr\u00fcnem Wasserstoff&#8218;, Wasserstoff der unter [&hellip;]<\/p>\n","protected":false},"author":2,"featured_media":52977,"comment_status":"open","ping_status":"open","sticky":false,"template":"","format":"standard","meta":{"_lmt_disableupdate":"no","_lmt_disable":"no","footnotes":""},"categories":[87],"tags":[217,33],"class_list":["post-52967","post","type-post","status-publish","format-standard","has-post-thumbnail","hentry","category-politisches","tag-bremerhaven","tag-verkehr"],"yoast_head":"<!-- This site is optimized with the Yoast SEO plugin v27.5 - https:\/\/yoast.com\/product\/yoast-seo-wordpress\/ -->\n<title>Hydrail - Wasserstoff im Schienenverkehr, Beispiel in Bremerv\u00f6rde - 2mecs<\/title>\n<meta name=\"description\" content=\"Wasserstoff im Schienenverkehr Personenverkehr Hydrail Tankstelle Bremerv\u00f6rde Alstom iLint Buxtehude Bremerhaven Cuxhaven\" \/>\n<meta name=\"robots\" content=\"index, follow, max-snippet:-1, max-image-preview:large, max-video-preview:-1\" \/>\n<link rel=\"canonical\" href=\"https:\/\/www.2mecs.de\/wp\/2020\/11\/hydrail-wasserstoff-im-schienenverkehr-beispiel-in-bremervoerde\/\" \/>\n<meta property=\"og:locale\" content=\"de_DE\" \/>\n<meta property=\"og:type\" content=\"article\" \/>\n<meta property=\"og:title\" content=\"Hydrail - Wasserstoff im Schienenverkehr, Beispiel in Bremerv\u00f6rde - 2mecs\" \/>\n<meta property=\"og:description\" content=\"Wasserstoff im Schienenverkehr Personenverkehr Hydrail Tankstelle Bremerv\u00f6rde Alstom iLint Buxtehude Bremerhaven Cuxhaven\" \/>\n<meta property=\"og:url\" content=\"https:\/\/www.2mecs.de\/wp\/2020\/11\/hydrail-wasserstoff-im-schienenverkehr-beispiel-in-bremervoerde\/\" \/>\n<meta property=\"og:site_name\" content=\"2mecs\" \/>\n<meta property=\"article:publisher\" content=\"https:\/\/www.facebook.com\/UlliWuerdemann\" \/>\n<meta property=\"article:author\" content=\"https:\/\/www.facebook.com\/UlliWuerdemann\" \/>\n<meta property=\"article:published_time\" content=\"2020-11-25T14:48:33+00:00\" \/>\n<meta property=\"article:modified_time\" content=\"2023-08-27T13:42:41+00:00\" \/>\n<meta property=\"og:image\" content=\"https:\/\/www.2mecs.de\/wp\/wp-content\/uploads\/2020\/11\/Coradia-iLint-Bremervoerde-2019.jpg\" \/>\n\t<meta property=\"og:image:width\" content=\"1584\" \/>\n\t<meta property=\"og:image:height\" content=\"891\" \/>\n\t<meta property=\"og:image:type\" content=\"image\/jpeg\" \/>\n<meta name=\"author\" content=\"Ulrich W\u00fcrdemann\" \/>\n<meta name=\"twitter:card\" content=\"summary_large_image\" \/>\n<meta name=\"twitter:creator\" content=\"@2mecs\" \/>\n<meta name=\"twitter:site\" content=\"@2mecs\" \/>\n<meta name=\"twitter:label1\" content=\"Geschrieben von\" \/>\n\t<meta name=\"twitter:data1\" content=\"Ulrich W\u00fcrdemann\" \/>\n\t<meta name=\"twitter:label2\" content=\"Gesch\u00e4tzte Lesezeit\" \/>\n\t<meta name=\"twitter:data2\" content=\"5\u00a0Minuten\" \/>\n<script type=\"application\/ld+json\" class=\"yoast-schema-graph\">{\"@context\":\"https:\\\/\\\/schema.org\",\"@graph\":[{\"@type\":\"Article\",\"@id\":\"https:\\\/\\\/www.2mecs.de\\\/wp\\\/2020\\\/11\\\/hydrail-wasserstoff-im-schienenverkehr-beispiel-in-bremervoerde\\\/#article\",\"isPartOf\":{\"@id\":\"https:\\\/\\\/www.2mecs.de\\\/wp\\\/2020\\\/11\\\/hydrail-wasserstoff-im-schienenverkehr-beispiel-in-bremervoerde\\\/\"},\"author\":{\"name\":\"Ulrich W\u00fcrdemann\",\"@id\":\"https:\\\/\\\/www.2mecs.de\\\/wp\\\/#\\\/schema\\\/person\\\/b7eefbb1df4a84f40cdff92f9e45d996\"},\"headline\":\"Hydrail &#8211; Wasserstoff im Schienenverkehr, Beispiel in Bremerv\u00f6rde\",\"datePublished\":\"2020-11-25T14:48:33+00:00\",\"dateModified\":\"2023-08-27T13:42:41+00:00\",\"mainEntityOfPage\":{\"@id\":\"https:\\\/\\\/www.2mecs.de\\\/wp\\\/2020\\\/11\\\/hydrail-wasserstoff-im-schienenverkehr-beispiel-in-bremervoerde\\\/\"},\"wordCount\":784,\"commentCount\":1,\"publisher\":{\"@id\":\"https:\\\/\\\/www.2mecs.de\\\/wp\\\/#\\\/schema\\\/person\\\/b7eefbb1df4a84f40cdff92f9e45d996\"},\"image\":{\"@id\":\"https:\\\/\\\/www.2mecs.de\\\/wp\\\/2020\\\/11\\\/hydrail-wasserstoff-im-schienenverkehr-beispiel-in-bremervoerde\\\/#primaryimage\"},\"thumbnailUrl\":\"https:\\\/\\\/www.2mecs.de\\\/wp\\\/wp-content\\\/uploads\\\/2020\\\/11\\\/Coradia-iLint-Bremervoerde-2019.jpg\",\"keywords\":[\"Bremerhaven\",\"Verkehr\"],\"articleSection\":[\"Politisches\"],\"inLanguage\":\"de\",\"potentialAction\":[{\"@type\":\"CommentAction\",\"name\":\"Comment\",\"target\":[\"https:\\\/\\\/www.2mecs.de\\\/wp\\\/2020\\\/11\\\/hydrail-wasserstoff-im-schienenverkehr-beispiel-in-bremervoerde\\\/#respond\"]}]},{\"@type\":\"WebPage\",\"@id\":\"https:\\\/\\\/www.2mecs.de\\\/wp\\\/2020\\\/11\\\/hydrail-wasserstoff-im-schienenverkehr-beispiel-in-bremervoerde\\\/\",\"url\":\"https:\\\/\\\/www.2mecs.de\\\/wp\\\/2020\\\/11\\\/hydrail-wasserstoff-im-schienenverkehr-beispiel-in-bremervoerde\\\/\",\"name\":\"Hydrail - Wasserstoff im Schienenverkehr, Beispiel in Bremerv\u00f6rde - 2mecs\",\"isPartOf\":{\"@id\":\"https:\\\/\\\/www.2mecs.de\\\/wp\\\/#website\"},\"primaryImageOfPage\":{\"@id\":\"https:\\\/\\\/www.2mecs.de\\\/wp\\\/2020\\\/11\\\/hydrail-wasserstoff-im-schienenverkehr-beispiel-in-bremervoerde\\\/#primaryimage\"},\"image\":{\"@id\":\"https:\\\/\\\/www.2mecs.de\\\/wp\\\/2020\\\/11\\\/hydrail-wasserstoff-im-schienenverkehr-beispiel-in-bremervoerde\\\/#primaryimage\"},\"thumbnailUrl\":\"https:\\\/\\\/www.2mecs.de\\\/wp\\\/wp-content\\\/uploads\\\/2020\\\/11\\\/Coradia-iLint-Bremervoerde-2019.jpg\",\"datePublished\":\"2020-11-25T14:48:33+00:00\",\"dateModified\":\"2023-08-27T13:42:41+00:00\",\"description\":\"Wasserstoff im Schienenverkehr Personenverkehr Hydrail Tankstelle Bremerv\u00f6rde Alstom iLint Buxtehude Bremerhaven Cuxhaven\",\"breadcrumb\":{\"@id\":\"https:\\\/\\\/www.2mecs.de\\\/wp\\\/2020\\\/11\\\/hydrail-wasserstoff-im-schienenverkehr-beispiel-in-bremervoerde\\\/#breadcrumb\"},\"inLanguage\":\"de\",\"potentialAction\":[{\"@type\":\"ReadAction\",\"target\":[\"https:\\\/\\\/www.2mecs.de\\\/wp\\\/2020\\\/11\\\/hydrail-wasserstoff-im-schienenverkehr-beispiel-in-bremervoerde\\\/\"]}]},{\"@type\":\"ImageObject\",\"inLanguage\":\"de\",\"@id\":\"https:\\\/\\\/www.2mecs.de\\\/wp\\\/2020\\\/11\\\/hydrail-wasserstoff-im-schienenverkehr-beispiel-in-bremervoerde\\\/#primaryimage\",\"url\":\"https:\\\/\\\/www.2mecs.de\\\/wp\\\/wp-content\\\/uploads\\\/2020\\\/11\\\/Coradia-iLint-Bremervoerde-2019.jpg\",\"contentUrl\":\"https:\\\/\\\/www.2mecs.de\\\/wp\\\/wp-content\\\/uploads\\\/2020\\\/11\\\/Coradia-iLint-Bremervoerde-2019.jpg\",\"width\":1584,\"height\":891},{\"@type\":\"BreadcrumbList\",\"@id\":\"https:\\\/\\\/www.2mecs.de\\\/wp\\\/2020\\\/11\\\/hydrail-wasserstoff-im-schienenverkehr-beispiel-in-bremervoerde\\\/#breadcrumb\",\"itemListElement\":[{\"@type\":\"ListItem\",\"position\":1,\"name\":\"2mecs\",\"item\":\"https:\\\/\\\/www.2mecs.de\\\/wp\\\/\"},{\"@type\":\"ListItem\",\"position\":2,\"name\":\"Politisches\",\"item\":\"https:\\\/\\\/www.2mecs.de\\\/wp\\\/category\\\/politisches\\\/\"},{\"@type\":\"ListItem\",\"position\":3,\"name\":\"Hydrail &#8211; Wasserstoff im Schienenverkehr, Beispiel in Bremerv\u00f6rde\"}]},{\"@type\":\"WebSite\",\"@id\":\"https:\\\/\\\/www.2mecs.de\\\/wp\\\/#website\",\"url\":\"https:\\\/\\\/www.2mecs.de\\\/wp\\\/\",\"name\":\"2mecs\",\"description\":\"\",\"publisher\":{\"@id\":\"https:\\\/\\\/www.2mecs.de\\\/wp\\\/#\\\/schema\\\/person\\\/b7eefbb1df4a84f40cdff92f9e45d996\"},\"potentialAction\":[{\"@type\":\"SearchAction\",\"target\":{\"@type\":\"EntryPoint\",\"urlTemplate\":\"https:\\\/\\\/www.2mecs.de\\\/wp\\\/?s={search_term_string}\"},\"query-input\":{\"@type\":\"PropertyValueSpecification\",\"valueRequired\":true,\"valueName\":\"search_term_string\"}}],\"inLanguage\":\"de\"},{\"@type\":[\"Person\",\"Organization\"],\"@id\":\"https:\\\/\\\/www.2mecs.de\\\/wp\\\/#\\\/schema\\\/person\\\/b7eefbb1df4a84f40cdff92f9e45d996\",\"name\":\"Ulrich W\u00fcrdemann\",\"image\":{\"@type\":\"ImageObject\",\"inLanguage\":\"de\",\"@id\":\"https:\\\/\\\/www.2mecs.de\\\/wp\\\/wp-content\\\/uploads\\\/2024\\\/09\\\/Ulli-2024-Kiel.jpg\",\"url\":\"https:\\\/\\\/www.2mecs.de\\\/wp\\\/wp-content\\\/uploads\\\/2024\\\/09\\\/Ulli-2024-Kiel.jpg\",\"contentUrl\":\"https:\\\/\\\/www.2mecs.de\\\/wp\\\/wp-content\\\/uploads\\\/2024\\\/09\\\/Ulli-2024-Kiel.jpg\",\"width\":200,\"height\":200,\"caption\":\"Ulrich W\u00fcrdemann\"},\"logo\":{\"@id\":\"https:\\\/\\\/www.2mecs.de\\\/wp\\\/wp-content\\\/uploads\\\/2024\\\/09\\\/Ulli-2024-Kiel.jpg\"},\"description\":\"einer der beiden 2mecs. Schwulenbewegt, Aids- und Therapie-Aktivist. Von 2005 bis 2012 Herausgeber www.ondamaris.de Ulli ist Frankreich-Liebhaber &amp; Bordeaux- \\\/ Lacanau-Fan. Mehr unter 2mecs -&gt; Ulli -&gt; Biographisches\",\"sameAs\":[\"http:\\\/\\\/www.2mecs.de\\\/wp\\\/\",\"https:\\\/\\\/www.facebook.com\\\/UlliWuerdemann\",\"https:\\\/\\\/www.instagram.com\\\/ulli_2mecs\\\/\",\"https:\\\/\\\/www.youtube.com\\\/channel\\\/UCbk075wzRnAk2_sbCYCAVNA\\\/\"],\"url\":\"https:\\\/\\\/www.2mecs.de\\\/wp\\\/author\\\/ulli\\\/\"}]}<\/script>\n<!-- \/ Yoast SEO plugin. -->","yoast_head_json":{"title":"Hydrail - Wasserstoff im Schienenverkehr, Beispiel in Bremerv\u00f6rde - 2mecs","description":"Wasserstoff im Schienenverkehr Personenverkehr Hydrail Tankstelle Bremerv\u00f6rde Alstom iLint Buxtehude Bremerhaven Cuxhaven","robots":{"index":"index","follow":"follow","max-snippet":"max-snippet:-1","max-image-preview":"max-image-preview:large","max-video-preview":"max-video-preview:-1"},"canonical":"https:\/\/www.2mecs.de\/wp\/2020\/11\/hydrail-wasserstoff-im-schienenverkehr-beispiel-in-bremervoerde\/","og_locale":"de_DE","og_type":"article","og_title":"Hydrail - Wasserstoff im Schienenverkehr, Beispiel in Bremerv\u00f6rde - 2mecs","og_description":"Wasserstoff im Schienenverkehr Personenverkehr Hydrail Tankstelle Bremerv\u00f6rde Alstom iLint Buxtehude Bremerhaven Cuxhaven","og_url":"https:\/\/www.2mecs.de\/wp\/2020\/11\/hydrail-wasserstoff-im-schienenverkehr-beispiel-in-bremervoerde\/","og_site_name":"2mecs","article_publisher":"https:\/\/www.facebook.com\/UlliWuerdemann","article_author":"https:\/\/www.facebook.com\/UlliWuerdemann","article_published_time":"2020-11-25T14:48:33+00:00","article_modified_time":"2023-08-27T13:42:41+00:00","og_image":[{"width":1584,"height":891,"url":"https:\/\/www.2mecs.de\/wp\/wp-content\/uploads\/2020\/11\/Coradia-iLint-Bremervoerde-2019.jpg","type":"image\/jpeg"}],"author":"Ulrich W\u00fcrdemann","twitter_card":"summary_large_image","twitter_creator":"@2mecs","twitter_site":"@2mecs","twitter_misc":{"Geschrieben von":"Ulrich W\u00fcrdemann","Gesch\u00e4tzte Lesezeit":"5\u00a0Minuten"},"schema":{"@context":"https:\/\/schema.org","@graph":[{"@type":"Article","@id":"https:\/\/www.2mecs.de\/wp\/2020\/11\/hydrail-wasserstoff-im-schienenverkehr-beispiel-in-bremervoerde\/#article","isPartOf":{"@id":"https:\/\/www.2mecs.de\/wp\/2020\/11\/hydrail-wasserstoff-im-schienenverkehr-beispiel-in-bremervoerde\/"},"author":{"name":"Ulrich W\u00fcrdemann","@id":"https:\/\/www.2mecs.de\/wp\/#\/schema\/person\/b7eefbb1df4a84f40cdff92f9e45d996"},"headline":"Hydrail &#8211; Wasserstoff im Schienenverkehr, Beispiel in Bremerv\u00f6rde","datePublished":"2020-11-25T14:48:33+00:00","dateModified":"2023-08-27T13:42:41+00:00","mainEntityOfPage":{"@id":"https:\/\/www.2mecs.de\/wp\/2020\/11\/hydrail-wasserstoff-im-schienenverkehr-beispiel-in-bremervoerde\/"},"wordCount":784,"commentCount":1,"publisher":{"@id":"https:\/\/www.2mecs.de\/wp\/#\/schema\/person\/b7eefbb1df4a84f40cdff92f9e45d996"},"image":{"@id":"https:\/\/www.2mecs.de\/wp\/2020\/11\/hydrail-wasserstoff-im-schienenverkehr-beispiel-in-bremervoerde\/#primaryimage"},"thumbnailUrl":"https:\/\/www.2mecs.de\/wp\/wp-content\/uploads\/2020\/11\/Coradia-iLint-Bremervoerde-2019.jpg","keywords":["Bremerhaven","Verkehr"],"articleSection":["Politisches"],"inLanguage":"de","potentialAction":[{"@type":"CommentAction","name":"Comment","target":["https:\/\/www.2mecs.de\/wp\/2020\/11\/hydrail-wasserstoff-im-schienenverkehr-beispiel-in-bremervoerde\/#respond"]}]},{"@type":"WebPage","@id":"https:\/\/www.2mecs.de\/wp\/2020\/11\/hydrail-wasserstoff-im-schienenverkehr-beispiel-in-bremervoerde\/","url":"https:\/\/www.2mecs.de\/wp\/2020\/11\/hydrail-wasserstoff-im-schienenverkehr-beispiel-in-bremervoerde\/","name":"Hydrail - Wasserstoff im Schienenverkehr, Beispiel in Bremerv\u00f6rde - 2mecs","isPartOf":{"@id":"https:\/\/www.2mecs.de\/wp\/#website"},"primaryImageOfPage":{"@id":"https:\/\/www.2mecs.de\/wp\/2020\/11\/hydrail-wasserstoff-im-schienenverkehr-beispiel-in-bremervoerde\/#primaryimage"},"image":{"@id":"https:\/\/www.2mecs.de\/wp\/2020\/11\/hydrail-wasserstoff-im-schienenverkehr-beispiel-in-bremervoerde\/#primaryimage"},"thumbnailUrl":"https:\/\/www.2mecs.de\/wp\/wp-content\/uploads\/2020\/11\/Coradia-iLint-Bremervoerde-2019.jpg","datePublished":"2020-11-25T14:48:33+00:00","dateModified":"2023-08-27T13:42:41+00:00","description":"Wasserstoff im Schienenverkehr Personenverkehr Hydrail Tankstelle Bremerv\u00f6rde Alstom iLint Buxtehude Bremerhaven Cuxhaven","breadcrumb":{"@id":"https:\/\/www.2mecs.de\/wp\/2020\/11\/hydrail-wasserstoff-im-schienenverkehr-beispiel-in-bremervoerde\/#breadcrumb"},"inLanguage":"de","potentialAction":[{"@type":"ReadAction","target":["https:\/\/www.2mecs.de\/wp\/2020\/11\/hydrail-wasserstoff-im-schienenverkehr-beispiel-in-bremervoerde\/"]}]},{"@type":"ImageObject","inLanguage":"de","@id":"https:\/\/www.2mecs.de\/wp\/2020\/11\/hydrail-wasserstoff-im-schienenverkehr-beispiel-in-bremervoerde\/#primaryimage","url":"https:\/\/www.2mecs.de\/wp\/wp-content\/uploads\/2020\/11\/Coradia-iLint-Bremervoerde-2019.jpg","contentUrl":"https:\/\/www.2mecs.de\/wp\/wp-content\/uploads\/2020\/11\/Coradia-iLint-Bremervoerde-2019.jpg","width":1584,"height":891},{"@type":"BreadcrumbList","@id":"https:\/\/www.2mecs.de\/wp\/2020\/11\/hydrail-wasserstoff-im-schienenverkehr-beispiel-in-bremervoerde\/#breadcrumb","itemListElement":[{"@type":"ListItem","position":1,"name":"2mecs","item":"https:\/\/www.2mecs.de\/wp\/"},{"@type":"ListItem","position":2,"name":"Politisches","item":"https:\/\/www.2mecs.de\/wp\/category\/politisches\/"},{"@type":"ListItem","position":3,"name":"Hydrail &#8211; Wasserstoff im Schienenverkehr, Beispiel in Bremerv\u00f6rde"}]},{"@type":"WebSite","@id":"https:\/\/www.2mecs.de\/wp\/#website","url":"https:\/\/www.2mecs.de\/wp\/","name":"2mecs","description":"","publisher":{"@id":"https:\/\/www.2mecs.de\/wp\/#\/schema\/person\/b7eefbb1df4a84f40cdff92f9e45d996"},"potentialAction":[{"@type":"SearchAction","target":{"@type":"EntryPoint","urlTemplate":"https:\/\/www.2mecs.de\/wp\/?s={search_term_string}"},"query-input":{"@type":"PropertyValueSpecification","valueRequired":true,"valueName":"search_term_string"}}],"inLanguage":"de"},{"@type":["Person","Organization"],"@id":"https:\/\/www.2mecs.de\/wp\/#\/schema\/person\/b7eefbb1df4a84f40cdff92f9e45d996","name":"Ulrich W\u00fcrdemann","image":{"@type":"ImageObject","inLanguage":"de","@id":"https:\/\/www.2mecs.de\/wp\/wp-content\/uploads\/2024\/09\/Ulli-2024-Kiel.jpg","url":"https:\/\/www.2mecs.de\/wp\/wp-content\/uploads\/2024\/09\/Ulli-2024-Kiel.jpg","contentUrl":"https:\/\/www.2mecs.de\/wp\/wp-content\/uploads\/2024\/09\/Ulli-2024-Kiel.jpg","width":200,"height":200,"caption":"Ulrich W\u00fcrdemann"},"logo":{"@id":"https:\/\/www.2mecs.de\/wp\/wp-content\/uploads\/2024\/09\/Ulli-2024-Kiel.jpg"},"description":"einer der beiden 2mecs. Schwulenbewegt, Aids- und Therapie-Aktivist. Von 2005 bis 2012 Herausgeber www.ondamaris.de Ulli ist Frankreich-Liebhaber &amp; Bordeaux- \/ Lacanau-Fan. Mehr unter 2mecs -&gt; Ulli -&gt; Biographisches","sameAs":["http:\/\/www.2mecs.de\/wp\/","https:\/\/www.facebook.com\/UlliWuerdemann","https:\/\/www.instagram.com\/ulli_2mecs\/","https:\/\/www.youtube.com\/channel\/UCbk075wzRnAk2_sbCYCAVNA\/"],"url":"https:\/\/www.2mecs.de\/wp\/author\/ulli\/"}]}},"modified_by":"Ulrich W\u00fcrdemann","amp_enabled":true,"_links":{"self":[{"href":"https:\/\/www.2mecs.de\/wp\/wp-json\/wp\/v2\/posts\/52967","targetHints":{"allow":["GET"]}}],"collection":[{"href":"https:\/\/www.2mecs.de\/wp\/wp-json\/wp\/v2\/posts"}],"about":[{"href":"https:\/\/www.2mecs.de\/wp\/wp-json\/wp\/v2\/types\/post"}],"author":[{"embeddable":true,"href":"https:\/\/www.2mecs.de\/wp\/wp-json\/wp\/v2\/users\/2"}],"replies":[{"embeddable":true,"href":"https:\/\/www.2mecs.de\/wp\/wp-json\/wp\/v2\/comments?post=52967"}],"version-history":[{"count":4,"href":"https:\/\/www.2mecs.de\/wp\/wp-json\/wp\/v2\/posts\/52967\/revisions"}],"predecessor-version":[{"id":65923,"href":"https:\/\/www.2mecs.de\/wp\/wp-json\/wp\/v2\/posts\/52967\/revisions\/65923"}],"wp:featuredmedia":[{"embeddable":true,"href":"https:\/\/www.2mecs.de\/wp\/wp-json\/wp\/v2\/media\/52977"}],"wp:attachment":[{"href":"https:\/\/www.2mecs.de\/wp\/wp-json\/wp\/v2\/media?parent=52967"}],"wp:term":[{"taxonomy":"category","embeddable":true,"href":"https:\/\/www.2mecs.de\/wp\/wp-json\/wp\/v2\/categories?post=52967"},{"taxonomy":"post_tag","embeddable":true,"href":"https:\/\/www.2mecs.de\/wp\/wp-json\/wp\/v2\/tags?post=52967"}],"curies":[{"name":"wp","href":"https:\/\/api.w.org\/{rel}","templated":true}]}}