{"id":5287,"date":"2008-06-11T11:12:44","date_gmt":"2008-06-11T09:12:44","guid":{"rendered":"http:\/\/www.2mecs.de\/wp\/?p=5287"},"modified":"2015-08-18T09:39:12","modified_gmt":"2015-08-18T07:39:12","slug":"auch-oekostrom-kann-dreckig-sein-akt","status":"publish","type":"post","link":"https:\/\/www.2mecs.de\/wp\/2008\/06\/auch-oekostrom-kann-dreckig-sein-akt\/","title":{"rendered":"Auch \u00d6kostrom kann \u2018dreckig\u2019 sein \u2026 (akt.)"},"content":{"rendered":"<div>\n<p>Ich bin mittelm\u00e4\u00dfig entt\u00e4uscht. Da kauft man seit Jahren seinen Strom bei einem Unternehmen, das verspricht, zu bezahlbaren Konditionen \u201csauberen Strom\u201d zu liefern \u2013 und erf\u00e4hrt dann via FTD und <a href=\"http:\/\/www.spiegel.de\/wirtschaft\/energie-lichtblick-liefert-auch-atomstrom-a-558946.html\" target=\"_blank\">SpON<\/a>, dass einem doch Atom- und Kohlestrom untergejubelt wird.<\/p>\n<p>Lichtblick selbst wirbt auf seiner Site f\u00fcr sein Produkt mit den Worten \u201d LichtBlick bietet umweltfreundlichen Strom zum g\u00fcnstigen Preis. Dieses Ziel erreichen wir mit einem Strommix, der zugleich h\u00f6chste \u00f6kologische und \u00f6konomische Anforderungen erf\u00fcllt.\u201d Und weiter: \u201cSeit 2003 wird unser Strom vollst\u00e4ndig aus regenerativen Energiequellen wie Wasser, Biomasse, Sonnenenergie oder Windkraft erzeugt.\u201d<\/p>\n<p>Es geht (wenn ich den Sachverhalt richtig verstanden habe) darum, dass geplanter Strombedarf und reale Situation nicht immer \u00fcberein passen, und entstehende Fehlmengen kurzfristig abgedeckt werden m\u00fcssen. Diese werden an Stromb\u00f6rsen zugekauft \u2013 und darunter kann sich dann auch Kohle- und Atomstrom befinden. Der den Kunden dennoch als \u00d6kostrom geliefert wird.<\/p>\n<p>Oder, wie <a href=\"http:\/\/www.spiegel.de\/wirtschaft\/oekostrom-lichtblick-wehrt-sich-gegen-schummel-vorwurf-a-559076.html\" target=\"_blank\">SpON<\/a> treffend formuliert, \u201ch\u00e4tte Lichtblick von vornherein in seinen Brosch\u00fcren darauf hingewiesen, dass minimale Mengen an Strom an der Leipziger Stromb\u00f6rse European Energy Exchane (EEX) dazugekauft werden, also Strom aus Atom- und Kohlekraftwerken \u2013 niemand h\u00e4tte das als Betrug am Kunden aufgefasst.\u201d<\/p>\n<p>Die Details kann der interessierte Leser bei FTD und SpON nachlesen.<br \/>\nLichtblick selbst reagierte immerhin schnell, hat bereits morgens eine Presseerkl\u00e4rung auf seiner Site.<\/p>\n<p>Die jedoch zeigt auch, dass Lichtblick nicht verstanden hat. Es mag ja sein, dass ein Zukauf geringer Mengen via Stromb\u00f6rse erforderlich ist, dass hier nicht gesteuert werden kann, ob dieser Zukauf aus regenerativen Quellen stammt. Nur \u2013 warum sagen sie dies nicht (bzw. erst \u201cwenn das Kind in den Brunnen gefallen ist\u201d)? Warum dieses sorgsam gepflegte Saubermann-Image, das nun das schale Gef\u00fchl hinterl\u00e4sst, ich sei in <a href=\"http:\/\/www.2mecs.de\/wp\/2007\/07\/energiefragen\/\" target=\"_self\">Energiefragen<\/a> einer \u201c\u00d6ko-Mogelpackung\u201d aufgesessen, einer Werbel\u00fcge?<\/p>\n<p>Ich bin entt\u00e4uscht \u2013 entt\u00e4uscht weniger von der Notwendigkeit des Zukaufs (schlie\u00dflich, es geht bei Lichtblick um im Saldo 0,5% des verkauften Stroms). Entt\u00e4uscht vielmehr von eine, Unternehmen, das nicht den Mut findet, dies auch (vorher) \u00f6ffentlich seinen Kunden zu sagen, vielmehr an einem Sauberstrom-Image strickt, das wissentlich ziemliche Laufmaschen hat \u2026<\/p>\n<p>An Lichtblick habe ich spontan folgende Mail geschickt:<\/p>\n<p><em>\u201cSehr geehrte Damen und Herren,<br \/>\nin FTD und SpON lese ich, Lichtblick habe auch Atom- und Kohlestrom geliefert. In ihrer Pressemitteilung best\u00e4tigen Sie dies und stellen es als \u201czwangsl\u00e4ufig\u201d, \u201cunvermeidbare Abweichungen\u201d, \u201cg\u00e4ngige Praxis\u201d usw.<\/em><\/p>\n<p><em>Ich bin kein Experte in Sachen Stromhandel und -lieferung. Aber sowohl mein Lebenspartner und ich als auch zahlreiche unserer Freunde sind zu Lichtblick gewechselt gerade auch weil sie den Eindruck erwecken, hier gebe es 100% sauberen Strom \u2013 und nicht auch untergemischt Atomstrom.<\/em><\/p>\n<p><em>Der von ihnen zur Begr\u00fcndung dargestellte Sachverhalt mag zutreffend sein, das vermag ich nicht zu beurteilen. aber in ihrer Kommunikation ist dies nie so dargestellt worden, ich habe den Eindruck gewonnen, Lichtblick sei garantiert ohne Atomstrom.<\/em><\/p>\n<p><em>Wollte ich einfach g\u00fcnstigen Strom, inkl. Atomstrom, w\u00e4re ich l\u00e4ngst bei Yello &amp; co \u2014 ich bin gerade Lichtblick-Kunde, weil sowohl das Produkt als auch der Preis im Verh\u00e4ltnis stimmen.<br \/>\nSelbst wenn ihr gew\u00e4hltes Verfahren \u201cbranchenweiter Konsens\u201d ist, wie sie schreiben, w\u00e4re ich als Kunde dankbar gewesen, davon auch zu wissen \u2013 und nicht in jeder Abrechnung, jedem Kundenbrief ein sauberes \u00d6kostrom-Gewissen vorgegaukelt zu bekommen.<\/em><\/p>\n<p><em>Schade \u2013 wieder ein Traum eines gangbaren Wegs gelebten Umweltschutzes na nicht geplatzt aber entzaubert \u2026<\/em><\/p>\n<p><em>Ich w\u00e4re ihnen dankbar, wenn ihre Unternehmenskommunikation zuk\u00fcnftig wieder \u2018sauberer\u2019 w\u00e4re \u2026<br \/>\nMit freundlichen Gr\u00fc\u00dfen, ihr entt\u00e4uschter Kunde \u2026<\/em><\/p>\n<p><em>Nebenbei \u2013 wenn sie selbst regenerative Mengen am Spotmarkt verkaufen, warum gibt es dann nicht an der eex auch einen \u201cUnter-Markt\u201d f\u00fcr regenerative Energie, an dem sie im Bedarfsfall zukaufen? Das k\u00f6nnte doch zur L\u00f6sung des Problems beitragen \u2026<\/em><\/p>\n<p>Mal sehen, wie Lichtblick reagiert \u2026 <span style=\"text-decoration: line-through;\">ich werde berichten<\/span> \u2026<\/p>\n<p><strong>11:34<\/strong>, Lichtblick hat reagiert. Dass sie ein Informationsproblem haben, scheinen sie bisher nicht verstanden haben. Dass sie genervt sind, kann man dem Ton der Mail hingegen gut entnehmen \u2026<\/p>\n<p>Hier LichtBlicks Antwort.<br \/>\n<em> \u201cSehr geehrter Herr W\u00fcrdemann,<br \/>\nvielen Dank f\u00fcr Ihre E-Mail.<br \/>\nDie von der FTD aufgegriffene Thematik betrifft nicht den planbaren Stromeinkauf, der den prognostizierten Bedarf der Stromkunden vollst\u00e4ndig deckt. Vielmehr geht es hier nur um die Mengen, die zur Kompensation von kurzfristig auftretenden Abweichungen zwischen prognostiziertem und tats\u00e4chlichem Verbrauch der Kunden erforderlich sind. Es handelt sich dabei um zwangsl\u00e4ufig auftretende Mengen, die weniger als ein Prozent der Gesamtmenge ausmachen. Diese sogenannte Regelenergie kann nicht \u201cgr\u00fcn\u201c beschafft werden.<br \/>\nDer planbare Stromeinkauf erfolgt bei LichtBlick wie durch die unabh\u00e4ngigen Zertifizierer best\u00e4tigt \u2013 vollst\u00e4ndig in generativer Qualit\u00e4t. LichtBlick f\u00fchrt eine zeitgleiche Versorgung seiner Kunden durch, deckt den Bedarf der Kunden also zeitgleich in dem Moment des Verbrauchs.<br \/>\nAlle \u00d6kostromanbieter, die das Modell der zeitgleichen Versorgung bei Haushalts- und Gewerbekunden anwenden, und alle Zertifizierer von \u00d6kostromprodukten kennen diese grunds\u00e4tzlichen Abl\u00e4ufe des Strommarktes und akzeptieren aus diesem Grund die oben beschriebenen, unvermeidbaren Abweichungen zwischen prognostiziertem und tats\u00e4chlichem Kundenverbrauch.<br \/>\nF\u00fcr weitere R\u00fcckfragen stehen wir Ihnen gerne zur Verf\u00fcgung und verbleiben<br \/>\nmit freundlichen Gr\u00fc\u00dfen<br \/>\ni. A. Natalie Kassab, Kundenservice, Privat-und Gewerbekunden, LichtBlick \u2013 Die Zukunft der Energie GmbH &amp; Co. KG, Zirkusweg 6, 20539 Hamburg\u201d<\/em><\/p>\n<p>Auf weitere Nachfrage teilt Lichtblick am 12. Juni 2008 mit:<br \/>\n<em>\u201cWir verstehen Ihren Unmut und m\u00f6chten uns auf diesem Wege bedanken, dass wir zu diesem Thema noch einmal Stellung nehmen d\u00fcrfen.<\/em><\/p>\n<p><em>Wir denken dar\u00fcber nach, die Kunden in Zukunft auf den kleinen, unvermeidlichen Anteil von Strom aus Atom- oder Kohlekraftwerken hinzuweisen. Damit w\u00e4ren wir der erste Anbieter der diese Problematik in der Werbung ausdr\u00fccklich anspricht. Selbstverst\u00e4ndlich versuchen wir zuk\u00fcnftig die branchen\u00fcblichen Praxen f\u00fcr unsere Kunden noch transparenter zu gestalten um das Vertrauen zu halten, bzw. zu st\u00e4rken.<br \/>\n\u2026\u201d<\/em><\/p>\n<\/div>\n","protected":false},"excerpt":{"rendered":"<p>Ich bin mittelm\u00e4\u00dfig entt\u00e4uscht. Da kauft man seit Jahren seinen Strom bei einem Unternehmen, das verspricht, zu bezahlbaren Konditionen \u201csauberen Strom\u201d zu liefern \u2013 und erf\u00e4hrt dann via FTD und SpON, dass einem doch Atom- und Kohlestrom untergejubelt wird. Lichtblick selbst wirbt auf seiner Site f\u00fcr sein Produkt mit den Worten \u201d LichtBlick bietet umweltfreundlichen [&hellip;]<\/p>\n","protected":false},"author":2,"featured_media":0,"comment_status":"open","ping_status":"open","sticky":false,"template":"","format":"standard","meta":{"_lmt_disableupdate":"","_lmt_disable":"","footnotes":""},"categories":[87],"tags":[189,111],"class_list":["post-5287","post","type-post","status-publish","format-standard","hentry","category-politisches","tag-atomenergie","tag-umwelt"],"yoast_head":"<!-- This site is optimized with the Yoast SEO plugin v27.5 - https:\/\/yoast.com\/product\/yoast-seo-wordpress\/ -->\n<title>Auch \u00d6kostrom kann \u2018dreckig\u2019 sein \u2026 (akt.) - 2mecs<\/title>\n<meta name=\"description\" content=\"Kann auch \u00d6kostrom dreckig sein?\" \/>\n<meta name=\"robots\" content=\"index, follow, max-snippet:-1, max-image-preview:large, max-video-preview:-1\" \/>\n<link rel=\"canonical\" href=\"https:\/\/www.2mecs.de\/wp\/2008\/06\/auch-oekostrom-kann-dreckig-sein-akt\/\" \/>\n<meta property=\"og:locale\" content=\"de_DE\" \/>\n<meta property=\"og:type\" content=\"article\" \/>\n<meta property=\"og:title\" content=\"Auch \u00d6kostrom kann \u2018dreckig\u2019 sein \u2026 (akt.) - 2mecs\" \/>\n<meta property=\"og:description\" content=\"Kann auch \u00d6kostrom dreckig sein?\" \/>\n<meta property=\"og:url\" content=\"https:\/\/www.2mecs.de\/wp\/2008\/06\/auch-oekostrom-kann-dreckig-sein-akt\/\" \/>\n<meta property=\"og:site_name\" content=\"2mecs\" \/>\n<meta property=\"article:publisher\" content=\"https:\/\/www.facebook.com\/UlliWuerdemann\" \/>\n<meta property=\"article:author\" content=\"https:\/\/www.facebook.com\/UlliWuerdemann\" \/>\n<meta property=\"article:published_time\" content=\"2008-06-11T09:12:44+00:00\" \/>\n<meta property=\"article:modified_time\" content=\"2015-08-18T07:39:12+00:00\" \/>\n<meta name=\"author\" content=\"Ulrich W\u00fcrdemann\" \/>\n<meta name=\"twitter:card\" content=\"summary_large_image\" \/>\n<meta name=\"twitter:creator\" content=\"@2mecs\" \/>\n<meta name=\"twitter:site\" content=\"@2mecs\" \/>\n<meta name=\"twitter:label1\" content=\"Geschrieben von\" \/>\n\t<meta name=\"twitter:data1\" content=\"Ulrich W\u00fcrdemann\" \/>\n\t<meta name=\"twitter:label2\" content=\"Gesch\u00e4tzte Lesezeit\" \/>\n\t<meta name=\"twitter:data2\" content=\"5\u00a0Minuten\" \/>\n<script type=\"application\/ld+json\" class=\"yoast-schema-graph\">{\"@context\":\"https:\\\/\\\/schema.org\",\"@graph\":[{\"@type\":\"Article\",\"@id\":\"https:\\\/\\\/www.2mecs.de\\\/wp\\\/2008\\\/06\\\/auch-oekostrom-kann-dreckig-sein-akt\\\/#article\",\"isPartOf\":{\"@id\":\"https:\\\/\\\/www.2mecs.de\\\/wp\\\/2008\\\/06\\\/auch-oekostrom-kann-dreckig-sein-akt\\\/\"},\"author\":{\"name\":\"Ulrich W\u00fcrdemann\",\"@id\":\"https:\\\/\\\/www.2mecs.de\\\/wp\\\/#\\\/schema\\\/person\\\/b7eefbb1df4a84f40cdff92f9e45d996\"},\"headline\":\"Auch \u00d6kostrom kann \u2018dreckig\u2019 sein \u2026 (akt.)\",\"datePublished\":\"2008-06-11T09:12:44+00:00\",\"dateModified\":\"2015-08-18T07:39:12+00:00\",\"mainEntityOfPage\":{\"@id\":\"https:\\\/\\\/www.2mecs.de\\\/wp\\\/2008\\\/06\\\/auch-oekostrom-kann-dreckig-sein-akt\\\/\"},\"wordCount\":957,\"commentCount\":0,\"publisher\":{\"@id\":\"https:\\\/\\\/www.2mecs.de\\\/wp\\\/#\\\/schema\\\/person\\\/b7eefbb1df4a84f40cdff92f9e45d996\"},\"keywords\":[\"Atomenergie\",\"Umwelt\"],\"articleSection\":[\"Politisches\"],\"inLanguage\":\"de\",\"potentialAction\":[{\"@type\":\"CommentAction\",\"name\":\"Comment\",\"target\":[\"https:\\\/\\\/www.2mecs.de\\\/wp\\\/2008\\\/06\\\/auch-oekostrom-kann-dreckig-sein-akt\\\/#respond\"]}]},{\"@type\":\"WebPage\",\"@id\":\"https:\\\/\\\/www.2mecs.de\\\/wp\\\/2008\\\/06\\\/auch-oekostrom-kann-dreckig-sein-akt\\\/\",\"url\":\"https:\\\/\\\/www.2mecs.de\\\/wp\\\/2008\\\/06\\\/auch-oekostrom-kann-dreckig-sein-akt\\\/\",\"name\":\"Auch \u00d6kostrom kann \u2018dreckig\u2019 sein \u2026 (akt.) - 2mecs\",\"isPartOf\":{\"@id\":\"https:\\\/\\\/www.2mecs.de\\\/wp\\\/#website\"},\"datePublished\":\"2008-06-11T09:12:44+00:00\",\"dateModified\":\"2015-08-18T07:39:12+00:00\",\"description\":\"Kann auch \u00d6kostrom dreckig sein?\",\"breadcrumb\":{\"@id\":\"https:\\\/\\\/www.2mecs.de\\\/wp\\\/2008\\\/06\\\/auch-oekostrom-kann-dreckig-sein-akt\\\/#breadcrumb\"},\"inLanguage\":\"de\",\"potentialAction\":[{\"@type\":\"ReadAction\",\"target\":[\"https:\\\/\\\/www.2mecs.de\\\/wp\\\/2008\\\/06\\\/auch-oekostrom-kann-dreckig-sein-akt\\\/\"]}]},{\"@type\":\"BreadcrumbList\",\"@id\":\"https:\\\/\\\/www.2mecs.de\\\/wp\\\/2008\\\/06\\\/auch-oekostrom-kann-dreckig-sein-akt\\\/#breadcrumb\",\"itemListElement\":[{\"@type\":\"ListItem\",\"position\":1,\"name\":\"2mecs\",\"item\":\"https:\\\/\\\/www.2mecs.de\\\/wp\\\/\"},{\"@type\":\"ListItem\",\"position\":2,\"name\":\"Politisches\",\"item\":\"https:\\\/\\\/www.2mecs.de\\\/wp\\\/category\\\/politisches\\\/\"},{\"@type\":\"ListItem\",\"position\":3,\"name\":\"Auch \u00d6kostrom kann \u2018dreckig\u2019 sein \u2026 (akt.)\"}]},{\"@type\":\"WebSite\",\"@id\":\"https:\\\/\\\/www.2mecs.de\\\/wp\\\/#website\",\"url\":\"https:\\\/\\\/www.2mecs.de\\\/wp\\\/\",\"name\":\"2mecs\",\"description\":\"\",\"publisher\":{\"@id\":\"https:\\\/\\\/www.2mecs.de\\\/wp\\\/#\\\/schema\\\/person\\\/b7eefbb1df4a84f40cdff92f9e45d996\"},\"potentialAction\":[{\"@type\":\"SearchAction\",\"target\":{\"@type\":\"EntryPoint\",\"urlTemplate\":\"https:\\\/\\\/www.2mecs.de\\\/wp\\\/?s={search_term_string}\"},\"query-input\":{\"@type\":\"PropertyValueSpecification\",\"valueRequired\":true,\"valueName\":\"search_term_string\"}}],\"inLanguage\":\"de\"},{\"@type\":[\"Person\",\"Organization\"],\"@id\":\"https:\\\/\\\/www.2mecs.de\\\/wp\\\/#\\\/schema\\\/person\\\/b7eefbb1df4a84f40cdff92f9e45d996\",\"name\":\"Ulrich W\u00fcrdemann\",\"image\":{\"@type\":\"ImageObject\",\"inLanguage\":\"de\",\"@id\":\"https:\\\/\\\/www.2mecs.de\\\/wp\\\/wp-content\\\/uploads\\\/2024\\\/09\\\/Ulli-2024-Kiel.jpg\",\"url\":\"https:\\\/\\\/www.2mecs.de\\\/wp\\\/wp-content\\\/uploads\\\/2024\\\/09\\\/Ulli-2024-Kiel.jpg\",\"contentUrl\":\"https:\\\/\\\/www.2mecs.de\\\/wp\\\/wp-content\\\/uploads\\\/2024\\\/09\\\/Ulli-2024-Kiel.jpg\",\"width\":200,\"height\":200,\"caption\":\"Ulrich W\u00fcrdemann\"},\"logo\":{\"@id\":\"https:\\\/\\\/www.2mecs.de\\\/wp\\\/wp-content\\\/uploads\\\/2024\\\/09\\\/Ulli-2024-Kiel.jpg\"},\"description\":\"einer der beiden 2mecs. Schwulenbewegt, Aids- und Therapie-Aktivist. Von 2005 bis 2012 Herausgeber www.ondamaris.de Ulli ist Frankreich-Liebhaber &amp; Bordeaux- \\\/ Lacanau-Fan. Mehr unter 2mecs -&gt; Ulli -&gt; Biographisches\",\"sameAs\":[\"http:\\\/\\\/www.2mecs.de\\\/wp\\\/\",\"https:\\\/\\\/www.facebook.com\\\/UlliWuerdemann\",\"https:\\\/\\\/www.instagram.com\\\/ulli_2mecs\\\/\",\"https:\\\/\\\/www.youtube.com\\\/channel\\\/UCbk075wzRnAk2_sbCYCAVNA\\\/\"],\"url\":\"https:\\\/\\\/www.2mecs.de\\\/wp\\\/author\\\/ulli\\\/\"}]}<\/script>\n<!-- \/ Yoast SEO plugin. -->","yoast_head_json":{"title":"Auch \u00d6kostrom kann \u2018dreckig\u2019 sein \u2026 (akt.) - 2mecs","description":"Kann auch \u00d6kostrom dreckig sein?","robots":{"index":"index","follow":"follow","max-snippet":"max-snippet:-1","max-image-preview":"max-image-preview:large","max-video-preview":"max-video-preview:-1"},"canonical":"https:\/\/www.2mecs.de\/wp\/2008\/06\/auch-oekostrom-kann-dreckig-sein-akt\/","og_locale":"de_DE","og_type":"article","og_title":"Auch \u00d6kostrom kann \u2018dreckig\u2019 sein \u2026 (akt.) - 2mecs","og_description":"Kann auch \u00d6kostrom dreckig sein?","og_url":"https:\/\/www.2mecs.de\/wp\/2008\/06\/auch-oekostrom-kann-dreckig-sein-akt\/","og_site_name":"2mecs","article_publisher":"https:\/\/www.facebook.com\/UlliWuerdemann","article_author":"https:\/\/www.facebook.com\/UlliWuerdemann","article_published_time":"2008-06-11T09:12:44+00:00","article_modified_time":"2015-08-18T07:39:12+00:00","author":"Ulrich W\u00fcrdemann","twitter_card":"summary_large_image","twitter_creator":"@2mecs","twitter_site":"@2mecs","twitter_misc":{"Geschrieben von":"Ulrich W\u00fcrdemann","Gesch\u00e4tzte Lesezeit":"5\u00a0Minuten"},"schema":{"@context":"https:\/\/schema.org","@graph":[{"@type":"Article","@id":"https:\/\/www.2mecs.de\/wp\/2008\/06\/auch-oekostrom-kann-dreckig-sein-akt\/#article","isPartOf":{"@id":"https:\/\/www.2mecs.de\/wp\/2008\/06\/auch-oekostrom-kann-dreckig-sein-akt\/"},"author":{"name":"Ulrich W\u00fcrdemann","@id":"https:\/\/www.2mecs.de\/wp\/#\/schema\/person\/b7eefbb1df4a84f40cdff92f9e45d996"},"headline":"Auch \u00d6kostrom kann \u2018dreckig\u2019 sein \u2026 (akt.)","datePublished":"2008-06-11T09:12:44+00:00","dateModified":"2015-08-18T07:39:12+00:00","mainEntityOfPage":{"@id":"https:\/\/www.2mecs.de\/wp\/2008\/06\/auch-oekostrom-kann-dreckig-sein-akt\/"},"wordCount":957,"commentCount":0,"publisher":{"@id":"https:\/\/www.2mecs.de\/wp\/#\/schema\/person\/b7eefbb1df4a84f40cdff92f9e45d996"},"keywords":["Atomenergie","Umwelt"],"articleSection":["Politisches"],"inLanguage":"de","potentialAction":[{"@type":"CommentAction","name":"Comment","target":["https:\/\/www.2mecs.de\/wp\/2008\/06\/auch-oekostrom-kann-dreckig-sein-akt\/#respond"]}]},{"@type":"WebPage","@id":"https:\/\/www.2mecs.de\/wp\/2008\/06\/auch-oekostrom-kann-dreckig-sein-akt\/","url":"https:\/\/www.2mecs.de\/wp\/2008\/06\/auch-oekostrom-kann-dreckig-sein-akt\/","name":"Auch \u00d6kostrom kann \u2018dreckig\u2019 sein \u2026 (akt.) - 2mecs","isPartOf":{"@id":"https:\/\/www.2mecs.de\/wp\/#website"},"datePublished":"2008-06-11T09:12:44+00:00","dateModified":"2015-08-18T07:39:12+00:00","description":"Kann auch \u00d6kostrom dreckig sein?","breadcrumb":{"@id":"https:\/\/www.2mecs.de\/wp\/2008\/06\/auch-oekostrom-kann-dreckig-sein-akt\/#breadcrumb"},"inLanguage":"de","potentialAction":[{"@type":"ReadAction","target":["https:\/\/www.2mecs.de\/wp\/2008\/06\/auch-oekostrom-kann-dreckig-sein-akt\/"]}]},{"@type":"BreadcrumbList","@id":"https:\/\/www.2mecs.de\/wp\/2008\/06\/auch-oekostrom-kann-dreckig-sein-akt\/#breadcrumb","itemListElement":[{"@type":"ListItem","position":1,"name":"2mecs","item":"https:\/\/www.2mecs.de\/wp\/"},{"@type":"ListItem","position":2,"name":"Politisches","item":"https:\/\/www.2mecs.de\/wp\/category\/politisches\/"},{"@type":"ListItem","position":3,"name":"Auch \u00d6kostrom kann \u2018dreckig\u2019 sein \u2026 (akt.)"}]},{"@type":"WebSite","@id":"https:\/\/www.2mecs.de\/wp\/#website","url":"https:\/\/www.2mecs.de\/wp\/","name":"2mecs","description":"","publisher":{"@id":"https:\/\/www.2mecs.de\/wp\/#\/schema\/person\/b7eefbb1df4a84f40cdff92f9e45d996"},"potentialAction":[{"@type":"SearchAction","target":{"@type":"EntryPoint","urlTemplate":"https:\/\/www.2mecs.de\/wp\/?s={search_term_string}"},"query-input":{"@type":"PropertyValueSpecification","valueRequired":true,"valueName":"search_term_string"}}],"inLanguage":"de"},{"@type":["Person","Organization"],"@id":"https:\/\/www.2mecs.de\/wp\/#\/schema\/person\/b7eefbb1df4a84f40cdff92f9e45d996","name":"Ulrich W\u00fcrdemann","image":{"@type":"ImageObject","inLanguage":"de","@id":"https:\/\/www.2mecs.de\/wp\/wp-content\/uploads\/2024\/09\/Ulli-2024-Kiel.jpg","url":"https:\/\/www.2mecs.de\/wp\/wp-content\/uploads\/2024\/09\/Ulli-2024-Kiel.jpg","contentUrl":"https:\/\/www.2mecs.de\/wp\/wp-content\/uploads\/2024\/09\/Ulli-2024-Kiel.jpg","width":200,"height":200,"caption":"Ulrich W\u00fcrdemann"},"logo":{"@id":"https:\/\/www.2mecs.de\/wp\/wp-content\/uploads\/2024\/09\/Ulli-2024-Kiel.jpg"},"description":"einer der beiden 2mecs. Schwulenbewegt, Aids- und Therapie-Aktivist. Von 2005 bis 2012 Herausgeber www.ondamaris.de Ulli ist Frankreich-Liebhaber &amp; Bordeaux- \/ Lacanau-Fan. Mehr unter 2mecs -&gt; Ulli -&gt; Biographisches","sameAs":["http:\/\/www.2mecs.de\/wp\/","https:\/\/www.facebook.com\/UlliWuerdemann","https:\/\/www.instagram.com\/ulli_2mecs\/","https:\/\/www.youtube.com\/channel\/UCbk075wzRnAk2_sbCYCAVNA\/"],"url":"https:\/\/www.2mecs.de\/wp\/author\/ulli\/"}]}},"modified_by":"Ulrich W\u00fcrdemann","amp_enabled":true,"_links":{"self":[{"href":"https:\/\/www.2mecs.de\/wp\/wp-json\/wp\/v2\/posts\/5287","targetHints":{"allow":["GET"]}}],"collection":[{"href":"https:\/\/www.2mecs.de\/wp\/wp-json\/wp\/v2\/posts"}],"about":[{"href":"https:\/\/www.2mecs.de\/wp\/wp-json\/wp\/v2\/types\/post"}],"author":[{"embeddable":true,"href":"https:\/\/www.2mecs.de\/wp\/wp-json\/wp\/v2\/users\/2"}],"replies":[{"embeddable":true,"href":"https:\/\/www.2mecs.de\/wp\/wp-json\/wp\/v2\/comments?post=5287"}],"version-history":[{"count":5,"href":"https:\/\/www.2mecs.de\/wp\/wp-json\/wp\/v2\/posts\/5287\/revisions"}],"predecessor-version":[{"id":55539,"href":"https:\/\/www.2mecs.de\/wp\/wp-json\/wp\/v2\/posts\/5287\/revisions\/55539"}],"wp:attachment":[{"href":"https:\/\/www.2mecs.de\/wp\/wp-json\/wp\/v2\/media?parent=5287"}],"wp:term":[{"taxonomy":"category","embeddable":true,"href":"https:\/\/www.2mecs.de\/wp\/wp-json\/wp\/v2\/categories?post=5287"},{"taxonomy":"post_tag","embeddable":true,"href":"https:\/\/www.2mecs.de\/wp\/wp-json\/wp\/v2\/tags?post=5287"}],"curies":[{"name":"wp","href":"https:\/\/api.w.org\/{rel}","templated":true}]}}