{"id":52214,"date":"2020-10-23T11:42:04","date_gmt":"2020-10-23T09:42:04","guid":{"rendered":"https:\/\/www.2mecs.de\/wp\/?p=52214"},"modified":"2026-03-24T08:43:09","modified_gmt":"2026-03-24T07:43:09","slug":"tous-anti-covid-coronavirus-tracing-app-in-frankreich","status":"publish","type":"post","link":"https:\/\/www.2mecs.de\/wp\/2020\/10\/tous-anti-covid-coronavirus-tracing-app-in-frankreich\/","title":{"rendered":"Tous Anti Covid &#8211; Coronavirus Tracing App in Frankreich"},"content":{"rendered":"\n<p>Sieit 22. Oktober 2020 steht mit <strong>Tous Anti Covid<\/strong> eine neue <strong>Coronavirus Tracing App in Frankreich<\/strong> zum Download zur Verf\u00fcgung. Nach dem Scheitern der ersten App StopCOVID ist dies der zweite Anlauf. Im Fr\u00fchjahr 2021 nutzen etwa 13 Mio. Franzosen die App.<\/p>\n\n\n\n<figure class=\"wp-block-image size-large\"><a href=\"https:\/\/www.2mecs.de\/wp\/wp-content\/uploads\/2020\/10\/Tous-Anti-Covid-2.jpg\" data-rel=\"lightbox-gallery-rsbqSLVm\" data-rl_title=\"Tous-Anti-Covid-2\" data-rl_caption=\"\" title=\"Tous-Anti-Covid-2\"><img decoding=\"async\" width=\"1024\" height=\"779\" data-src=\"https:\/\/www.2mecs.de\/wp\/wp-content\/uploads\/2020\/10\/Tous-Anti-Covid-2-1024x779.jpg\" alt=\"Tous Anti Covid - Coronavirus Tracing App in Frankreich\" class=\"wp-image-52284 lazyload\" data-srcset=\"https:\/\/www.2mecs.de\/wp\/wp-content\/uploads\/2020\/10\/Tous-Anti-Covid-2-1024x779.jpg 1024w, https:\/\/www.2mecs.de\/wp\/wp-content\/uploads\/2020\/10\/Tous-Anti-Covid-2-300x228.jpg 300w, https:\/\/www.2mecs.de\/wp\/wp-content\/uploads\/2020\/10\/Tous-Anti-Covid-2-768x584.jpg 768w, https:\/\/www.2mecs.de\/wp\/wp-content\/uploads\/2020\/10\/Tous-Anti-Covid-2.jpg 1044w\" data-sizes=\"(max-width: 1024px) 100vw, 1024px\" src=\"data:image\/svg+xml;base64,PHN2ZyB3aWR0aD0iMSIgaGVpZ2h0PSIxIiB4bWxucz0iaHR0cDovL3d3dy53My5vcmcvMjAwMC9zdmciPjwvc3ZnPg==\" style=\"--smush-placeholder-width: 1024px; --smush-placeholder-aspect-ratio: 1024\/779;\" \/><\/a><figcaption>Tous Anti Covid &#8211; Coronavirus Tracing App in Frankreich (gouvernement.fr)<\/figcaption><\/figure>\n\n\n\n<h2 class=\"wp-block-heading\">TousAnti Covid &#8211; zweite Coronavirus Tracing App in Frankreich<\/h2>\n\n\n\n<p>Seit 22. Oktober 2020 macht Frankreich mit der <strong>Corona Tracing<\/strong> App <strong>Tous Anti Covid<\/strong> (Alle gegen Covid) einen Neustart beim Coronavirus Tracing per App.<\/p>\n\n\n\n<p>Am 12. Oktober 2020 k\u00fcndigte Premierminister <em>Jean Castex<\/em> an, ab 22. Oktober werde die neue Version der Tracing App zur Verf\u00fcgung stehen. Diese werde dann auch den Namen wechseln und zuk\u00fcnftig Tous Anti COVID hei\u00dfen. Ein Unterschied soll Medienberichten inhaltlich sein, dass nun Kontakte ab 5 (statt zuvor 15 Minuten) als Schwelle f\u00fcr eine Meldung gelten. Zudem soll die Regierung zuk\u00fcnftig \u00fcber die App lokale Warnmeldungen verbreiten k\u00f6nnen.<\/p>\n\n\n\n<p>Anfang 2021 wurde die M\u00f6glichkeit erg\u00e4nzt, mithilfe eines QR-Codes in Oret wie Restaurants oder Bars einzuchecken (ab 9. Juni 2021 wieder zul\u00e4ssig). Seit Start k\u00f6nnen zudem Ausgangsbescheinigungen in der App hinterlegt werden.<\/p>\n\n\n\n<p>Wie die erste App StopCOVID verfolgt auch die neue App Tous Anti COVID (anders als die Mehrzahl der <a href=\"https:\/\/www.2mecs.de\/wp\/2020\/04\/coronographien-26-coronavirus-tracing-apps-in-europa\/\" target=\"_blank\" rel=\"noreferrer noopener\">Coronavirus Tracing Apps in Europa<\/a>) den <strong>zentralen Ansatz<\/strong> &#8211; sie ist damit weiterhin <strong>nicht kompatibel<\/strong> mit der europ\u00e4ischen Datenaustausch-Platform f\u00fcr Coronavirus Tracing Apps. Gr\u00fcnde der &#8217;nationalen Souver\u00e4nit\u00e4t&#8216; seien entscheidend f\u00fcr das Festhalten am zentralen Ansatz, so die Regierung.<\/p>\n\n\n\n<p>Im Gegensatz zur alten App soll Tous Anti Covid nur im Bedarfsfall (z.B. Restaunrantbesuch) eingeschaltet werden. Die fr\u00fchere App StopCOVID, <br \/>die st\u00e4ndig aktiv sein musste, war auch wegen ihres hohen Akku- Verbrauchs unbeliebt.<\/p>\n\n\n\n<figure class=\"wp-block-image size-large\"><a href=\"https:\/\/www.2mecs.de\/wp\/wp-content\/uploads\/2020\/10\/EU-Interoperabilitaet-Corona-Apps.png\" data-rel=\"lightbox-gallery-rsbqSLVm\" data-rl_title=\"EU-Interoperabilitaet-Corona-Apps\" data-rl_caption=\"\" title=\"EU-Interoperabilitaet-Corona-Apps\"><img decoding=\"async\" width=\"1024\" height=\"1024\" data-src=\"https:\/\/www.2mecs.de\/wp\/wp-content\/uploads\/2020\/10\/EU-Interoperabilitaet-Corona-Apps-1024x1024.png\" alt=\"EU- Interoperabilit\u00e4t von Corona Tracing Apps - auch mit TousAntiCovid weiterhin ohne Frankreich (Grafik: EU-Kommission)\" class=\"wp-image-52348 lazyload\" data-srcset=\"https:\/\/www.2mecs.de\/wp\/wp-content\/uploads\/2020\/10\/EU-Interoperabilitaet-Corona-Apps-1024x1024.png 1024w, https:\/\/www.2mecs.de\/wp\/wp-content\/uploads\/2020\/10\/EU-Interoperabilitaet-Corona-Apps-300x300.png 300w, https:\/\/www.2mecs.de\/wp\/wp-content\/uploads\/2020\/10\/EU-Interoperabilitaet-Corona-Apps-150x150.png 150w, https:\/\/www.2mecs.de\/wp\/wp-content\/uploads\/2020\/10\/EU-Interoperabilitaet-Corona-Apps-768x768.png 768w, https:\/\/www.2mecs.de\/wp\/wp-content\/uploads\/2020\/10\/EU-Interoperabilitaet-Corona-Apps.png 1080w\" data-sizes=\"(max-width: 1024px) 100vw, 1024px\" src=\"data:image\/svg+xml;base64,PHN2ZyB3aWR0aD0iMSIgaGVpZ2h0PSIxIiB4bWxucz0iaHR0cDovL3d3dy53My5vcmcvMjAwMC9zdmciPjwvc3ZnPg==\" style=\"--smush-placeholder-width: 1024px; --smush-placeholder-aspect-ratio: 1024\/1024;\" \/><\/a><figcaption>EU- Interoperabilit\u00e4t von Corona Tracing Apps &#8211; auch mit TousAntiCovid weiterhin ohne Frankreich (Grafik: EU-Kommission)<\/figcaption><\/figure>\n\n\n\n<p>Tous Anti Covid sei eine &#8218;angereichtere und interaktive&#8216; Weiterentwicklung  der ersten App StopCOVID, k\u00fcndigte der Gesundheitsminister an. [<em>Angesichts weitgehend gleichgebliebener Kernfunktionalit\u00e4t scheint es sich mehr um ein Re-Design und Re-Branding der alten App zu handeln<\/em>] Die Oberfl\u00e4che sei optisch und ergonomisch optimiert worden. Erg\u00e4nzt wurde eine Informationsbereich zur Covid-19 &#8211; Situation in Frankreich (teils in Echtzeit). Zudem ebsteht nun mit &#8222;D\u00e9pistageCovid&#8220; direkter Zugang zur Liste der Corina test Zentren in Frankreich. Unter &#8222;MesConseilsCovid&#8220; k\u00f6nnen personalisierte Ratschl\u00e4ge eingeholt werden. Der Besuch in einem Restaurnat kann per App &#8218;gebucht&#8216; werden.<\/p>\n\n\n\n<p>Die Einf\u00fchrung soll von einer Marketing- Kampagne auf sozialen Netzwerken begleitet werden. An die Anwender der bisherigen App wird die neue Version per Update verteilt.<\/p>\n\n\n\n<p>Am 26. Oktober sollen bereits 4 Millionen Downloads erreicht worden sein &#8211; allerdings seit 2. Juni 2020, also inklusive der (ca. 2,6 Mio.) Downloads der Vorg\u00e4nger- App StopCOVID (s.u.). Am 29. Oktober <a href=\"https:\/\/www.rtl.fr\/actu\/debats-societe\/confinement-un-generateur-d-attestation-de-deplacement-bientot-dans-tous-anti-covid-7800913653\" target=\"_blank\" rel=\"noreferrer noopener\">berichteten <\/a>Medien \u00fcber 4,6 Mio. Downloads, am 30. Oktober <a href=\"https:\/\/finance.orange.fr\/actualite-eco\/article\/tousanticovid-l-application-depasse-les-6-millions-de-telechargements-CNT000001uwZpv.html\" target=\"_blank\" rel=\"noreferrer noopener\">von<\/a> 6 Mio.. Mitte November berichteten Medien von gut 9 Mio. Downloads der App, Anfang Dezember von 10 Mio. Allerdings wurde die App auch mehrere hunterttausend mal wieder deinstalliert.<\/p>\n\n\n\n<p>Die franz\u00f6sische Regierung strebt an, bis Mitte Dezember 15 Millionen User der App zu erreichen.<\/p>\n\n\n\n<p><em>Ersten Anwender- Berichten aus Deutschland zufolge muss scheinbar f\u00fcr die Nutzung von Tous Anti Covid die deutsche Corona Warn App deaktiviert werden, eine parallele Nutzung beider Apps sei nicht m\u00f6glich. Gerade f\u00fcr Pendler im Grenzbereich keine optimale L\u00f6sung &#8230;<\/em><\/p>\n\n\n\n<h2 class=\"wp-block-heading\">Pass sanitaire<\/h2>\n\n\n\n<p>Am 1. Juli 2021 trat die Verordnung \u00fcber das <a href=\"https:\/\/ec.europa.eu\/info\/live-work-travel-eu\/coronavirus-response\/safe-covid-19-vaccines-europeans\/eu-digital-covid-certificate_de\" target=\"_blank\" rel=\"noreferrer noopener\">digitale COVID-Zertifikat der EU<\/a> in Kraft. Dieses Zertfikat (QR-Code) dient als Nachweis, dass mensch geimpft, genesen oder negativ auf Corona getestet wurde.<\/p>\n\n\n\n<p>Das COVID-Zertifikat wurde in Frankreich ab 9. Juni 2021 als <strong>Pass sanitaire<\/strong> umgesetzt. Der Nachweis kann erfolgen mit der App TousAntiCovid.<br \/>EU-B\u00fcrger k\u00f6nnen ihren QR-Code (Impf- oder Test-Zertifikat des Heimatlandes) in die franz\u00f6sische App hochladen &#8211; es werden aber auch andere digitale Nachweise wie Corona Warn App CWA oder CovPass akzeptiert.<\/p>\n\n\n\n<p>Seit 21. Juli 2021 ist er u.a. in Kultureinrichtungen verpflichtend vorgeschrieben, seit 9. August 2021 auch in Bars, Restaurants, Caf\u00e9s etc. Auf Beschluss der Assembl\u00e9e nationale vom 20. Oktober 2021 ist der Pass sanitaire bis 31. Juli 2022 Pflicht.<\/p>\n\n\n\n<p>Ab 15. Januar kann der <strong>pass sanitaire<\/strong> auch automatisch deaktiviert werden (und seine G\u00fcltigkeit damit verlieren). Diese <strong>Deaktivierung <\/strong>erfolgt bei Personen, die nicht sp\u00e4testens sieben Monate nach der letzten impfung eine Auffrisch-Impfung (Booster) erhalten haben.<\/p>\n\n\n\n<p>Ab 1. Januar 2022 soll der <a href=\"https:\/\/www.2mecs.de\/wp\/2022\/01\/impfpass-pass-vaccinal-in-frankreich-ab-2022\/\" target=\"_blank\" rel=\"noreferrer noopener\">Pass Sanitaire zum reinen <strong>Impf-Nachweis<\/strong> weiterentwickelt werden als pass vaccinal<\/a> &#8211; er wird dann keine Test-Nachweise merh enthalten.<\/p>\n\n\n\n<h2 class=\"wp-block-heading\">Flop Stop Covid &#8211; gescheiterte erste Corona Tarcing App in Frankreich<\/h2>\n\n\n\n<p>Vom 2. Juni bis 21. Oktober 2020 wurde in Frankreich die <strong>Coronavirus Tracing App Stop Covid<\/strong> angeboten &#8211; sie scheiterte. Eine Chronologie:<\/p>\n\n\n\n<p><a rel=\"noreferrer noopener\" href=\"https:\/\/www.2mecs.de\/wp\/2017\/05\/edouard-philippe\/\" target=\"_blank\">Premierminister Edouard Philippe<\/a> bezeichnete in seinem Ausstiegsplan am 28. April eine tracing App als wesentlichen Bestandteil. Das franz\u00f6sische Parlament stimmte dem Einsatz der App am 27. Mai 2020 zu, am Folgetag auch der Senat. Unter Frankreichs Parlamentariern war der Einsatz einer Tracing App zuvor umstritten. Die Debatte \u00fcber eine solche App <a rel=\"noreferrer noopener\" href=\"https:\/\/www.sueddeutsche.de\/politik\/frankreich-kritik-an-app-gerechtfertigt-1.4892020\" target=\"_blank\">war <\/a>zuvor wegen Kritik an Grundrechte-Verletzungen vertagt worden.<\/p>\n\n\n\n<p>Unter dem Namen <em><strong>StopCovid<\/strong><\/em> (&#8218;tracage&#8216; oder &#8217;suivi de contact&#8216;) wurde in Frankreich eine Bluetooth-basierte Tracing App entwickelt, die auf den zentralen Ansatz setzte. Entwickler waren die Unternehmen <em>Withings<\/em>, <em>Orange<\/em> (Telekommunikation) und <em>Dassault<\/em> unter Beteiligung des <em>Institut national de recherche en informatique et en automatique<\/em> (Inria, Projekt-Seite) mit ihrem Protokoll f\u00fcr einen zentralen Ansatz, <em>Robert<\/em> (vgl. <a rel=\"noreferrer noopener\" href=\"https:\/\/www.2mecs.de\/wp\/2020\/04\/coronographien-22-pepp-pt-als-basis-fuer-tracking-app\/\" target=\"_blank\">PEPP-PT oder DP-3T<\/a>).<\/p>\n\n\n\n<p>C\u00e9dric O, Staatssekret\u00e4r f\u00fcr Digitales, best\u00e4tigte, dass <em>StopCovid<\/em> die einzige App sein werde, die vollkommen in das Gesundheitssystem Frankreichs integriert werde. Frankreich werde am <strong>zentralen <\/strong>Ansatz festhalten. Dies sei eine Frage nationaler Souvernit\u00e4t.<\/p>\n\n\n\n<p>Die App StopCovid  war aufgrund des zentralen Ansatzes <strong>nicht komplett kompatibel <\/strong>mit der Bluetooth-L\u00f6sung von Apple und Google (Apple gibt permanente Bluetooth Nutzung im Hintergrund nicht frei; die App muss st\u00e4ndig im Vordergrund laufen). IPhones haben in Frankreich einen Marktanteil von gesch\u00e4tzt 20%<\/p>\n\n\n\n<p>Am 11. Mai <a rel=\"noreferrer noopener\" href=\"https:\/\/www.acteurspublics.fr\/articles\/stopcovid-linria-jette-les-bases-dun-compromis-entre-les-differentes-options-europeennes\" target=\"_blank\">zeichneten <\/a>sich zun\u00e4chst Schritte des <em>Inria <\/em>ab, doch noch eine L\u00f6sung anzustreben, die mit anderen europ\u00e4ischen Apps kompatibel sein k\u00f6nnte. Mitte Mai zeichnet sich zunehmend Kritik am Festhalten am zentralen Ansatz ab, mehrere Medien <a rel=\"noreferrer noopener\" href=\"http:\/\/www.leparisien.fr\/politique\/coronavirus-l-application-stopcovid-bientot-enterree-15-05-2020-8317827.php\" target=\"_blank\">spekulieren <\/a>ein &#8218;Einstampfen&#8216; der App stehe kurz bevor. Dennoch wurde am zentralen Ansatz festgehalten.<\/p>\n\n\n\n<p>Aufgrund des zentralen Ansatzes konnte die franz\u00f6sische Corona App nicht in die <a href=\"https:\/\/t3n.de\/news\/eu-auftrag-sap-telekom-nationale-1305725\/\" target=\"_blank\" rel=\"noreferrer noopener\">geplante EU- Austauschplatform f\u00fcr Corona Apps<\/a> einbezogen werden (mit deren Entwicklung SAP und Telekom beauftragt wurden).<\/p>\n\n\n\n<p>Einer <a rel=\"noreferrer noopener\" href=\"https:\/\/www.cnil.fr\/fr\/publication-de-lavis-de-la-cnil-sur-le-projet-dapplication-mobile-stopcovid\" target=\"_blank\">Stellungnahme <\/a>der nationalen Datenschutzbeh\u00f6rde CNIL vom 26. April 2020 zufolge soll die App mit Datenschutz-Regeln \/ DSGVO \u00fcbereinstimmen (pdf). Voraussetzungen seien Freiwilligkeit und Anonymit\u00e4t. Am 26. Mai genehmigte CNIL den Einsatz der App.<\/p>\n\n\n\n<p>Ein erster Teil des Quellcodes der App <a rel=\"noreferrer noopener\" href=\"https:\/\/www.bfmtv.com\/tech\/stopcovid-une-partie-du-code-source-de-l-application-sera-publiee-mardi-1911085.html\" target=\"_blank\">wurden <\/a>am 12. Mai ver\u00f6ffentlicht werden. Die App <em>StopCovid<\/em> sollte urspr\u00fcnglich am 11. Mai einsatzbereit sein. Der Start erfolgte dann mit einer ersten einsatzf\u00e4higen App am 2. Juni.<\/p>\n\n\n\n<p>Seit Dienstag 2. Juni stand die App zum Download zur Verf\u00fcgung. Nach einem Tag h\u00e4tten bereits 600.000 Menschen das Programm heruntergeladen, zeigte sich Digital- Staatssekret\u00e4r Fr\u00e9deric O erfreut. Am 6. Juni sei sie bereits eine Million Mal aktiviert worden. Am 20. Juni hatten 1,7 Millionnen Personen die App geladen. Ende Juli waren knapp 2,5 Millionen Downloads <a href=\"https:\/\/www.sudouest.fr\/2020\/07\/30\/application-stopcovid-avec-entre-2-et-2-5-millions-de-telechargements-un-peu-difficile-de-faire-le-bilan-7703969-10861.php\" target=\"_blank\" rel=\"noreferrer noopener\">erreicht<\/a>, vor der Einstellung im Oktober 2,6 Mio.<\/p>\n\n\n\n<blockquote class=\"wp-block-quote is-layout-flow wp-block-quote-is-layout-flow\"><p>&#8222;Ja, ich fordere die Franzosen dazu auf, sie zu nutzen, aber ich will ehrlich sein &#8211; ich selbst nutze sie nicht.&#8220;<\/p><cite>Jean Castex, Premierminister Frankreichs<\/cite><\/blockquote>\n\n\n\n<p>Anfang Oktober 2020 sprachen franz\u00f6sische Medien <a href=\"https:\/\/www.lemonde.fr\/pixels\/article\/2020\/10\/03\/stopcovid-quatre-mois-apres-son-lancement-une-appli-a-la-peine-maintenue-sans-grande-conviction_6054604_4408996.html\" target=\"_blank\" rel=\"noreferrer noopener\">von <\/a>2,2 Mio. aktiven Nutzern der App (etwa 3% der Bev\u00f6lkerung). 6.512 QR-Codes (die einen Nutzer als Corona-positiv melden) seien eingescannt worden. 800 Personen h\u00e4tten Benachrichtigungen \u00fcber die App erhalten.<\/p>\n\n\n\n<p>Inzwischen hat die Organisation AntiCor Anzeige erstattet, weil sie Betrugsvorw\u00fcrfe bei der App-Entwicklung und -Pflege bef\u00fcrchtet. So sollen monatliche Kosten f\u00fcr die Pflege der App in H\u00f6he von 100.000 \u20ac entstanden sein.<\/p>\n","protected":false},"excerpt":{"rendered":"<p>Sieit 22. Oktober 2020 steht mit Tous Anti Covid eine neue Coronavirus Tracing App in Frankreich zum Download zur Verf\u00fcgung. Nach dem Scheitern der ersten App StopCOVID ist dies der zweite Anlauf. Im Fr\u00fchjahr 2021 nutzen etwa 13 Mio. Franzosen die App. TousAnti Covid &#8211; zweite Coronavirus Tracing App in Frankreich Seit 22. Oktober 2020 [&hellip;]<\/p>\n","protected":false},"author":2,"featured_media":52284,"comment_status":"open","ping_status":"open","sticky":false,"template":"","format":"standard","meta":{"_lmt_disableupdate":"no","_lmt_disable":"no","footnotes":""},"categories":[805,10],"tags":[134],"class_list":["post-52214","post","type-post","status-publish","format-standard","has-post-thumbnail","hentry","category-covid19","category-frankreich","tag-gesundheit"],"yoast_head":"<!-- This site is optimized with the Yoast SEO plugin v27.5 - https:\/\/yoast.com\/product\/yoast-seo-wordpress\/ -->\n<title>Tous Anti Covid - Coronavirus Tracing App in Frankreich - 2mecs<\/title>\n<meta name=\"description\" content=\"Sieit 22. Oktober 2020 Tous Anti Covid neue Coronavirus Tracing App in Frankreich nach Scheitern StopCOVID Flop COVID-19 Pandemie Tracking\" \/>\n<meta name=\"robots\" content=\"index, follow, max-snippet:-1, max-image-preview:large, max-video-preview:-1\" \/>\n<link rel=\"canonical\" href=\"https:\/\/www.2mecs.de\/wp\/2020\/10\/tous-anti-covid-coronavirus-tracing-app-in-frankreich\/\" \/>\n<meta property=\"og:locale\" content=\"de_DE\" \/>\n<meta property=\"og:type\" content=\"article\" \/>\n<meta property=\"og:title\" content=\"Tous Anti Covid - Coronavirus Tracing App in Frankreich - 2mecs\" \/>\n<meta property=\"og:description\" content=\"Sieit 22. Oktober 2020 Tous Anti Covid neue Coronavirus Tracing App in Frankreich nach Scheitern StopCOVID Flop COVID-19 Pandemie Tracking\" \/>\n<meta property=\"og:url\" content=\"https:\/\/www.2mecs.de\/wp\/2020\/10\/tous-anti-covid-coronavirus-tracing-app-in-frankreich\/\" \/>\n<meta property=\"og:site_name\" content=\"2mecs\" \/>\n<meta property=\"article:publisher\" content=\"https:\/\/www.facebook.com\/UlliWuerdemann\" \/>\n<meta property=\"article:author\" content=\"https:\/\/www.facebook.com\/UlliWuerdemann\" \/>\n<meta property=\"article:published_time\" content=\"2020-10-23T09:42:04+00:00\" \/>\n<meta property=\"article:modified_time\" content=\"2026-03-24T07:43:09+00:00\" \/>\n<meta property=\"og:image\" content=\"https:\/\/www.2mecs.de\/wp\/wp-content\/uploads\/2020\/10\/Tous-Anti-Covid-2.jpg\" \/>\n\t<meta property=\"og:image:width\" content=\"1044\" \/>\n\t<meta property=\"og:image:height\" content=\"794\" \/>\n\t<meta property=\"og:image:type\" content=\"image\/jpeg\" \/>\n<meta name=\"author\" content=\"Ulrich W\u00fcrdemann\" \/>\n<meta name=\"twitter:card\" content=\"summary_large_image\" \/>\n<meta name=\"twitter:creator\" content=\"@2mecs\" \/>\n<meta name=\"twitter:site\" content=\"@2mecs\" \/>\n<meta name=\"twitter:label1\" content=\"Geschrieben von\" \/>\n\t<meta name=\"twitter:data1\" content=\"Ulrich W\u00fcrdemann\" \/>\n\t<meta name=\"twitter:label2\" content=\"Gesch\u00e4tzte Lesezeit\" \/>\n\t<meta name=\"twitter:data2\" content=\"6\u00a0Minuten\" \/>\n<script type=\"application\/ld+json\" class=\"yoast-schema-graph\">{\"@context\":\"https:\\\/\\\/schema.org\",\"@graph\":[{\"@type\":\"Article\",\"@id\":\"https:\\\/\\\/www.2mecs.de\\\/wp\\\/2020\\\/10\\\/tous-anti-covid-coronavirus-tracing-app-in-frankreich\\\/#article\",\"isPartOf\":{\"@id\":\"https:\\\/\\\/www.2mecs.de\\\/wp\\\/2020\\\/10\\\/tous-anti-covid-coronavirus-tracing-app-in-frankreich\\\/\"},\"author\":{\"name\":\"Ulrich W\u00fcrdemann\",\"@id\":\"https:\\\/\\\/www.2mecs.de\\\/wp\\\/#\\\/schema\\\/person\\\/b7eefbb1df4a84f40cdff92f9e45d996\"},\"headline\":\"Tous Anti Covid &#8211; Coronavirus Tracing App in Frankreich\",\"datePublished\":\"2020-10-23T09:42:04+00:00\",\"dateModified\":\"2026-03-24T07:43:09+00:00\",\"mainEntityOfPage\":{\"@id\":\"https:\\\/\\\/www.2mecs.de\\\/wp\\\/2020\\\/10\\\/tous-anti-covid-coronavirus-tracing-app-in-frankreich\\\/\"},\"wordCount\":1257,\"commentCount\":2,\"publisher\":{\"@id\":\"https:\\\/\\\/www.2mecs.de\\\/wp\\\/#\\\/schema\\\/person\\\/b7eefbb1df4a84f40cdff92f9e45d996\"},\"image\":{\"@id\":\"https:\\\/\\\/www.2mecs.de\\\/wp\\\/2020\\\/10\\\/tous-anti-covid-coronavirus-tracing-app-in-frankreich\\\/#primaryimage\"},\"thumbnailUrl\":\"https:\\\/\\\/www.2mecs.de\\\/wp\\\/wp-content\\\/uploads\\\/2020\\\/10\\\/Tous-Anti-Covid-2.jpg\",\"keywords\":[\"Gesundheit\"],\"articleSection\":[\"COVID19\",\"Frankreich\"],\"inLanguage\":\"de\",\"potentialAction\":[{\"@type\":\"CommentAction\",\"name\":\"Comment\",\"target\":[\"https:\\\/\\\/www.2mecs.de\\\/wp\\\/2020\\\/10\\\/tous-anti-covid-coronavirus-tracing-app-in-frankreich\\\/#respond\"]}]},{\"@type\":\"WebPage\",\"@id\":\"https:\\\/\\\/www.2mecs.de\\\/wp\\\/2020\\\/10\\\/tous-anti-covid-coronavirus-tracing-app-in-frankreich\\\/\",\"url\":\"https:\\\/\\\/www.2mecs.de\\\/wp\\\/2020\\\/10\\\/tous-anti-covid-coronavirus-tracing-app-in-frankreich\\\/\",\"name\":\"Tous Anti Covid - Coronavirus Tracing App in Frankreich - 2mecs\",\"isPartOf\":{\"@id\":\"https:\\\/\\\/www.2mecs.de\\\/wp\\\/#website\"},\"primaryImageOfPage\":{\"@id\":\"https:\\\/\\\/www.2mecs.de\\\/wp\\\/2020\\\/10\\\/tous-anti-covid-coronavirus-tracing-app-in-frankreich\\\/#primaryimage\"},\"image\":{\"@id\":\"https:\\\/\\\/www.2mecs.de\\\/wp\\\/2020\\\/10\\\/tous-anti-covid-coronavirus-tracing-app-in-frankreich\\\/#primaryimage\"},\"thumbnailUrl\":\"https:\\\/\\\/www.2mecs.de\\\/wp\\\/wp-content\\\/uploads\\\/2020\\\/10\\\/Tous-Anti-Covid-2.jpg\",\"datePublished\":\"2020-10-23T09:42:04+00:00\",\"dateModified\":\"2026-03-24T07:43:09+00:00\",\"description\":\"Sieit 22. Oktober 2020 Tous Anti Covid neue Coronavirus Tracing App in Frankreich nach Scheitern StopCOVID Flop COVID-19 Pandemie Tracking\",\"breadcrumb\":{\"@id\":\"https:\\\/\\\/www.2mecs.de\\\/wp\\\/2020\\\/10\\\/tous-anti-covid-coronavirus-tracing-app-in-frankreich\\\/#breadcrumb\"},\"inLanguage\":\"de\",\"potentialAction\":[{\"@type\":\"ReadAction\",\"target\":[\"https:\\\/\\\/www.2mecs.de\\\/wp\\\/2020\\\/10\\\/tous-anti-covid-coronavirus-tracing-app-in-frankreich\\\/\"]}]},{\"@type\":\"ImageObject\",\"inLanguage\":\"de\",\"@id\":\"https:\\\/\\\/www.2mecs.de\\\/wp\\\/2020\\\/10\\\/tous-anti-covid-coronavirus-tracing-app-in-frankreich\\\/#primaryimage\",\"url\":\"https:\\\/\\\/www.2mecs.de\\\/wp\\\/wp-content\\\/uploads\\\/2020\\\/10\\\/Tous-Anti-Covid-2.jpg\",\"contentUrl\":\"https:\\\/\\\/www.2mecs.de\\\/wp\\\/wp-content\\\/uploads\\\/2020\\\/10\\\/Tous-Anti-Covid-2.jpg\",\"width\":1044,\"height\":794},{\"@type\":\"BreadcrumbList\",\"@id\":\"https:\\\/\\\/www.2mecs.de\\\/wp\\\/2020\\\/10\\\/tous-anti-covid-coronavirus-tracing-app-in-frankreich\\\/#breadcrumb\",\"itemListElement\":[{\"@type\":\"ListItem\",\"position\":1,\"name\":\"2mecs\",\"item\":\"https:\\\/\\\/www.2mecs.de\\\/wp\\\/\"},{\"@type\":\"ListItem\",\"position\":2,\"name\":\"Frankreich\",\"item\":\"https:\\\/\\\/www.2mecs.de\\\/wp\\\/category\\\/frankreich\\\/\"},{\"@type\":\"ListItem\",\"position\":3,\"name\":\"Tous Anti Covid &#8211; Coronavirus Tracing App in Frankreich\"}]},{\"@type\":\"WebSite\",\"@id\":\"https:\\\/\\\/www.2mecs.de\\\/wp\\\/#website\",\"url\":\"https:\\\/\\\/www.2mecs.de\\\/wp\\\/\",\"name\":\"2mecs\",\"description\":\"\",\"publisher\":{\"@id\":\"https:\\\/\\\/www.2mecs.de\\\/wp\\\/#\\\/schema\\\/person\\\/b7eefbb1df4a84f40cdff92f9e45d996\"},\"potentialAction\":[{\"@type\":\"SearchAction\",\"target\":{\"@type\":\"EntryPoint\",\"urlTemplate\":\"https:\\\/\\\/www.2mecs.de\\\/wp\\\/?s={search_term_string}\"},\"query-input\":{\"@type\":\"PropertyValueSpecification\",\"valueRequired\":true,\"valueName\":\"search_term_string\"}}],\"inLanguage\":\"de\"},{\"@type\":[\"Person\",\"Organization\"],\"@id\":\"https:\\\/\\\/www.2mecs.de\\\/wp\\\/#\\\/schema\\\/person\\\/b7eefbb1df4a84f40cdff92f9e45d996\",\"name\":\"Ulrich W\u00fcrdemann\",\"image\":{\"@type\":\"ImageObject\",\"inLanguage\":\"de\",\"@id\":\"https:\\\/\\\/www.2mecs.de\\\/wp\\\/wp-content\\\/uploads\\\/2024\\\/09\\\/Ulli-2024-Kiel.jpg\",\"url\":\"https:\\\/\\\/www.2mecs.de\\\/wp\\\/wp-content\\\/uploads\\\/2024\\\/09\\\/Ulli-2024-Kiel.jpg\",\"contentUrl\":\"https:\\\/\\\/www.2mecs.de\\\/wp\\\/wp-content\\\/uploads\\\/2024\\\/09\\\/Ulli-2024-Kiel.jpg\",\"width\":200,\"height\":200,\"caption\":\"Ulrich W\u00fcrdemann\"},\"logo\":{\"@id\":\"https:\\\/\\\/www.2mecs.de\\\/wp\\\/wp-content\\\/uploads\\\/2024\\\/09\\\/Ulli-2024-Kiel.jpg\"},\"description\":\"einer der beiden 2mecs. Schwulenbewegt, Aids- und Therapie-Aktivist. Von 2005 bis 2012 Herausgeber www.ondamaris.de Ulli ist Frankreich-Liebhaber &amp; Bordeaux- \\\/ Lacanau-Fan. Mehr unter 2mecs -&gt; Ulli -&gt; Biographisches\",\"sameAs\":[\"http:\\\/\\\/www.2mecs.de\\\/wp\\\/\",\"https:\\\/\\\/www.facebook.com\\\/UlliWuerdemann\",\"https:\\\/\\\/www.instagram.com\\\/ulli_2mecs\\\/\",\"https:\\\/\\\/www.youtube.com\\\/channel\\\/UCbk075wzRnAk2_sbCYCAVNA\\\/\"],\"url\":\"https:\\\/\\\/www.2mecs.de\\\/wp\\\/author\\\/ulli\\\/\"}]}<\/script>\n<!-- \/ Yoast SEO plugin. -->","yoast_head_json":{"title":"Tous Anti Covid - Coronavirus Tracing App in Frankreich - 2mecs","description":"Sieit 22. Oktober 2020 Tous Anti Covid neue Coronavirus Tracing App in Frankreich nach Scheitern StopCOVID Flop COVID-19 Pandemie Tracking","robots":{"index":"index","follow":"follow","max-snippet":"max-snippet:-1","max-image-preview":"max-image-preview:large","max-video-preview":"max-video-preview:-1"},"canonical":"https:\/\/www.2mecs.de\/wp\/2020\/10\/tous-anti-covid-coronavirus-tracing-app-in-frankreich\/","og_locale":"de_DE","og_type":"article","og_title":"Tous Anti Covid - Coronavirus Tracing App in Frankreich - 2mecs","og_description":"Sieit 22. Oktober 2020 Tous Anti Covid neue Coronavirus Tracing App in Frankreich nach Scheitern StopCOVID Flop COVID-19 Pandemie Tracking","og_url":"https:\/\/www.2mecs.de\/wp\/2020\/10\/tous-anti-covid-coronavirus-tracing-app-in-frankreich\/","og_site_name":"2mecs","article_publisher":"https:\/\/www.facebook.com\/UlliWuerdemann","article_author":"https:\/\/www.facebook.com\/UlliWuerdemann","article_published_time":"2020-10-23T09:42:04+00:00","article_modified_time":"2026-03-24T07:43:09+00:00","og_image":[{"width":1044,"height":794,"url":"https:\/\/www.2mecs.de\/wp\/wp-content\/uploads\/2020\/10\/Tous-Anti-Covid-2.jpg","type":"image\/jpeg"}],"author":"Ulrich W\u00fcrdemann","twitter_card":"summary_large_image","twitter_creator":"@2mecs","twitter_site":"@2mecs","twitter_misc":{"Geschrieben von":"Ulrich W\u00fcrdemann","Gesch\u00e4tzte Lesezeit":"6\u00a0Minuten"},"schema":{"@context":"https:\/\/schema.org","@graph":[{"@type":"Article","@id":"https:\/\/www.2mecs.de\/wp\/2020\/10\/tous-anti-covid-coronavirus-tracing-app-in-frankreich\/#article","isPartOf":{"@id":"https:\/\/www.2mecs.de\/wp\/2020\/10\/tous-anti-covid-coronavirus-tracing-app-in-frankreich\/"},"author":{"name":"Ulrich W\u00fcrdemann","@id":"https:\/\/www.2mecs.de\/wp\/#\/schema\/person\/b7eefbb1df4a84f40cdff92f9e45d996"},"headline":"Tous Anti Covid &#8211; Coronavirus Tracing App in Frankreich","datePublished":"2020-10-23T09:42:04+00:00","dateModified":"2026-03-24T07:43:09+00:00","mainEntityOfPage":{"@id":"https:\/\/www.2mecs.de\/wp\/2020\/10\/tous-anti-covid-coronavirus-tracing-app-in-frankreich\/"},"wordCount":1257,"commentCount":2,"publisher":{"@id":"https:\/\/www.2mecs.de\/wp\/#\/schema\/person\/b7eefbb1df4a84f40cdff92f9e45d996"},"image":{"@id":"https:\/\/www.2mecs.de\/wp\/2020\/10\/tous-anti-covid-coronavirus-tracing-app-in-frankreich\/#primaryimage"},"thumbnailUrl":"https:\/\/www.2mecs.de\/wp\/wp-content\/uploads\/2020\/10\/Tous-Anti-Covid-2.jpg","keywords":["Gesundheit"],"articleSection":["COVID19","Frankreich"],"inLanguage":"de","potentialAction":[{"@type":"CommentAction","name":"Comment","target":["https:\/\/www.2mecs.de\/wp\/2020\/10\/tous-anti-covid-coronavirus-tracing-app-in-frankreich\/#respond"]}]},{"@type":"WebPage","@id":"https:\/\/www.2mecs.de\/wp\/2020\/10\/tous-anti-covid-coronavirus-tracing-app-in-frankreich\/","url":"https:\/\/www.2mecs.de\/wp\/2020\/10\/tous-anti-covid-coronavirus-tracing-app-in-frankreich\/","name":"Tous Anti Covid - Coronavirus Tracing App in Frankreich - 2mecs","isPartOf":{"@id":"https:\/\/www.2mecs.de\/wp\/#website"},"primaryImageOfPage":{"@id":"https:\/\/www.2mecs.de\/wp\/2020\/10\/tous-anti-covid-coronavirus-tracing-app-in-frankreich\/#primaryimage"},"image":{"@id":"https:\/\/www.2mecs.de\/wp\/2020\/10\/tous-anti-covid-coronavirus-tracing-app-in-frankreich\/#primaryimage"},"thumbnailUrl":"https:\/\/www.2mecs.de\/wp\/wp-content\/uploads\/2020\/10\/Tous-Anti-Covid-2.jpg","datePublished":"2020-10-23T09:42:04+00:00","dateModified":"2026-03-24T07:43:09+00:00","description":"Sieit 22. Oktober 2020 Tous Anti Covid neue Coronavirus Tracing App in Frankreich nach Scheitern StopCOVID Flop COVID-19 Pandemie Tracking","breadcrumb":{"@id":"https:\/\/www.2mecs.de\/wp\/2020\/10\/tous-anti-covid-coronavirus-tracing-app-in-frankreich\/#breadcrumb"},"inLanguage":"de","potentialAction":[{"@type":"ReadAction","target":["https:\/\/www.2mecs.de\/wp\/2020\/10\/tous-anti-covid-coronavirus-tracing-app-in-frankreich\/"]}]},{"@type":"ImageObject","inLanguage":"de","@id":"https:\/\/www.2mecs.de\/wp\/2020\/10\/tous-anti-covid-coronavirus-tracing-app-in-frankreich\/#primaryimage","url":"https:\/\/www.2mecs.de\/wp\/wp-content\/uploads\/2020\/10\/Tous-Anti-Covid-2.jpg","contentUrl":"https:\/\/www.2mecs.de\/wp\/wp-content\/uploads\/2020\/10\/Tous-Anti-Covid-2.jpg","width":1044,"height":794},{"@type":"BreadcrumbList","@id":"https:\/\/www.2mecs.de\/wp\/2020\/10\/tous-anti-covid-coronavirus-tracing-app-in-frankreich\/#breadcrumb","itemListElement":[{"@type":"ListItem","position":1,"name":"2mecs","item":"https:\/\/www.2mecs.de\/wp\/"},{"@type":"ListItem","position":2,"name":"Frankreich","item":"https:\/\/www.2mecs.de\/wp\/category\/frankreich\/"},{"@type":"ListItem","position":3,"name":"Tous Anti Covid &#8211; Coronavirus Tracing App in Frankreich"}]},{"@type":"WebSite","@id":"https:\/\/www.2mecs.de\/wp\/#website","url":"https:\/\/www.2mecs.de\/wp\/","name":"2mecs","description":"","publisher":{"@id":"https:\/\/www.2mecs.de\/wp\/#\/schema\/person\/b7eefbb1df4a84f40cdff92f9e45d996"},"potentialAction":[{"@type":"SearchAction","target":{"@type":"EntryPoint","urlTemplate":"https:\/\/www.2mecs.de\/wp\/?s={search_term_string}"},"query-input":{"@type":"PropertyValueSpecification","valueRequired":true,"valueName":"search_term_string"}}],"inLanguage":"de"},{"@type":["Person","Organization"],"@id":"https:\/\/www.2mecs.de\/wp\/#\/schema\/person\/b7eefbb1df4a84f40cdff92f9e45d996","name":"Ulrich W\u00fcrdemann","image":{"@type":"ImageObject","inLanguage":"de","@id":"https:\/\/www.2mecs.de\/wp\/wp-content\/uploads\/2024\/09\/Ulli-2024-Kiel.jpg","url":"https:\/\/www.2mecs.de\/wp\/wp-content\/uploads\/2024\/09\/Ulli-2024-Kiel.jpg","contentUrl":"https:\/\/www.2mecs.de\/wp\/wp-content\/uploads\/2024\/09\/Ulli-2024-Kiel.jpg","width":200,"height":200,"caption":"Ulrich W\u00fcrdemann"},"logo":{"@id":"https:\/\/www.2mecs.de\/wp\/wp-content\/uploads\/2024\/09\/Ulli-2024-Kiel.jpg"},"description":"einer der beiden 2mecs. Schwulenbewegt, Aids- und Therapie-Aktivist. Von 2005 bis 2012 Herausgeber www.ondamaris.de Ulli ist Frankreich-Liebhaber &amp; Bordeaux- \/ Lacanau-Fan. Mehr unter 2mecs -&gt; Ulli -&gt; Biographisches","sameAs":["http:\/\/www.2mecs.de\/wp\/","https:\/\/www.facebook.com\/UlliWuerdemann","https:\/\/www.instagram.com\/ulli_2mecs\/","https:\/\/www.youtube.com\/channel\/UCbk075wzRnAk2_sbCYCAVNA\/"],"url":"https:\/\/www.2mecs.de\/wp\/author\/ulli\/"}]}},"modified_by":"Ulrich W\u00fcrdemann","amp_enabled":true,"_links":{"self":[{"href":"https:\/\/www.2mecs.de\/wp\/wp-json\/wp\/v2\/posts\/52214","targetHints":{"allow":["GET"]}}],"collection":[{"href":"https:\/\/www.2mecs.de\/wp\/wp-json\/wp\/v2\/posts"}],"about":[{"href":"https:\/\/www.2mecs.de\/wp\/wp-json\/wp\/v2\/types\/post"}],"author":[{"embeddable":true,"href":"https:\/\/www.2mecs.de\/wp\/wp-json\/wp\/v2\/users\/2"}],"replies":[{"embeddable":true,"href":"https:\/\/www.2mecs.de\/wp\/wp-json\/wp\/v2\/comments?post=52214"}],"version-history":[{"count":5,"href":"https:\/\/www.2mecs.de\/wp\/wp-json\/wp\/v2\/posts\/52214\/revisions"}],"predecessor-version":[{"id":74056,"href":"https:\/\/www.2mecs.de\/wp\/wp-json\/wp\/v2\/posts\/52214\/revisions\/74056"}],"wp:featuredmedia":[{"embeddable":true,"href":"https:\/\/www.2mecs.de\/wp\/wp-json\/wp\/v2\/media\/52284"}],"wp:attachment":[{"href":"https:\/\/www.2mecs.de\/wp\/wp-json\/wp\/v2\/media?parent=52214"}],"wp:term":[{"taxonomy":"category","embeddable":true,"href":"https:\/\/www.2mecs.de\/wp\/wp-json\/wp\/v2\/categories?post=52214"},{"taxonomy":"post_tag","embeddable":true,"href":"https:\/\/www.2mecs.de\/wp\/wp-json\/wp\/v2\/tags?post=52214"}],"curies":[{"name":"wp","href":"https:\/\/api.w.org\/{rel}","templated":true}]}}