{"id":30177,"date":"2009-03-02T08:25:55","date_gmt":"2009-03-02T07:25:55","guid":{"rendered":"https:\/\/www.2mecs.de\/wp\/?p=30177"},"modified":"2017-06-09T11:25:24","modified_gmt":"2017-06-09T09:25:24","slug":"deutsch-oesterreichisch-schweizer-aids-kongress-quo-vadis-community-beteiligung","status":"publish","type":"post","link":"https:\/\/www.2mecs.de\/wp\/2009\/03\/deutsch-oesterreichisch-schweizer-aids-kongress-quo-vadis-community-beteiligung\/","title":{"rendered":"1. Schweizerisch-\u00d6sterreichisch-Deutsche Aids-Kongress 2009 \u2013 quo vadis Community-Beteiligung ?"},"content":{"rendered":"<p><strong>Die aktive Einbeziehung von HIV betroffener Communities ist ein seit 1998 international etablierter Standard. Der S\u00d6DAK 2009 bem\u00fcht sich engagiert, mit diesem Prinzip zu brechen.<\/strong><\/p>\n<p>Der &#8222;1. Schweizerisch-\u00d6sterreichisch-Deutsche Aids-Kongress&#8220; (<span class=\"wpseo_keyword\">S\u00d6DAK 2009<\/span>) findet vom 24. bis 27. Juni im Schweizerischen St. Gallen statt. Das Pr\u00e4sidium des Kongresses besteht aus Elisabeth Puchhammer-St\u00f6ckl, Annette Haberl und Pietro <span class=\"wpseo_keyword\">Vernazza<\/span>.<\/p>\n<p>Das Motto des Kongresses lautet &#8218;Prepare for the long run &#8230;&#8216;. &#8222;Die AIDS Epidemie ist noch lange nicht besiegt, weder in Europa noch weltweit. Wir brauchen deshalb einen langen Atem und d\u00fcrfen im Kampf gegen die Infektionskrankheit nicht nachlassen,&#8220; schreiben die Organisatoren.<\/p>\n<p>&#8222;<em>Der S\u00d6DAK zeichnet sich durch seine im Europ\u00e4ischen Raum einzigartige interdisziplin\u00e4re Ausrichtung aus<\/em>&#8222;, betonen die Veranstalter.\u00a0 Eine Interdisziplinarit\u00e4t, bei der die Betroffenen wie es angesichts aktueller Entwicklungen scheint nur eine untergeordnete Rolle spielen.<\/p>\n<p>Das <a href=\"https:\/\/www.2mecs.de\/wp\/2013\/08\/genfer-prinzip-1998\/\" target=\"_blank\"><span class=\"wpseo_keyword\">Genfer Prinzip<\/span> (erstmals bei der Genfer Welt-Aids-Konferenz 1998<\/a>, dann beim Deutschen Aids-Kongress 1999 erfolgreich umgesetzt) besagt, die von HIV betroffenen Communities auf allen Ebenen der Kongress-Planung und Durchf\u00fchrung gleichberechtigt zu beteiligen.<\/p>\n<p style=\"padding-left: 30px;\">&#8222;Community involvement in the planning of an International AIDS Conference is as important as that of the scientific community and that representatives of both groups should participate on an equal footing towards this goal.&#8220; (IAS)<\/p>\n<p>Dieses einst erfolgreich etablierte Genfer bzw. <span class=\"wpseo_keyword\">Essener Prinzip<\/span> wird vom S\u00d6DAK 2009 trotz intensiver Bem\u00fchungen und Proteste aus den Communities nicht weitergef\u00fchrt. Die Deutsche Aids-Hilfe zeigte sich bereits erstaunt dar\u00fcber und geht davon aus, dass es sich um einen einmaligen Vorfall handelt und bei zuk\u00fcnftigen Konferenzen wieder eine regul\u00e4re Community-Einbindung stattfindet.<\/p>\n<p>Doch nicht nur die Einbindung von Community-Vertretern in Planung und Durchf\u00fchrung des Kongresses gestaltete sich scheinbar \u00e4u\u00dferst schwierig, selbst die Teilnahme von HIV-Positiven wird nicht eben erleichtert.<br \/>\nGab es bei fr\u00fcheren Kongressen Scholarships, die HIV-Positiven die Teilnahme erm\u00f6glichten (z.B. durch Erlass der nicht unerheblichen) Kongressgeb\u00fchren, 50 bis 290\u20ac), so fehlen diese Community-Scholarships beim S\u00d6DAK 2009 v\u00f6llig &#8211; es gibt 2009 kein Scholarship-Programm. Selbst ob es Community-Foren gibt, ist bisher unklar.<\/p>\n<p>Noch am 12. Mai 2008 formulierte das Kongresspr\u00e4sidium selbst &#8222;die Antworten sollen durch eine Vielzahl von interessierten Teilnehmern aus der Forschung, Klinik, Epidemiologie, Pr\u00e4ventionsarbeit bis hin zu den von HIV Betroffenen selbst diskutiert werden&#8220;. Fehlende Scholarships und Community-Programme erleichtern diesen doch scheinbar gew\u00fcnschten Dialog nicht gerade.<\/p>\n<p>W\u00e4hrend die Zusammenarbeit mit den Communities nur \u00e4u\u00dferst eingeschr\u00e4nkt erfolgt, scheint die Zusammenarbeit mit der Pharmaindustrie umso intensiver.\u00a0 So beginnt und endet jeder einzelne Post auf dem Blog des Kongresses mit Dank an die (industriellen) Sponsoren und Einblendung eines Sponsoren-Logos.<\/p>\n<p>&#8222;Eine gesunde Partnerschaft mit der Industrie muss aber im Interesse der von HIV-Betroffenen stehen, und darf sich nicht an den wirtschaftliche Interessen der Industrie orientieren&#8220;, formuliert das Kongresspr\u00e4sidium selbst (am 12.5.2008).<\/p>\n<p><em>Eine gesunde Partnerschaft &#8211; was f\u00fcr die Pharmaindustrie gilt, sollte f\u00fcr die von HIV betroffenen Communities in gleichem Umfang gelten. Dass dieses Prinzip in St. Gallen gebrochen wird, vom Kongresspr\u00e4sidium von Beginn an nicht als Ziel verstanden wurde, ein Rollback zu alten Strukturen versucht und gegen Community-Vertreter durchgesetzt wird, \u00fcberrascht und best\u00fcrzt. Dass dies unter Beteiligung eines Community-Boards erfolgt, \u00fcberrascht umso mehr. Die Organisatoren zuk\u00fcnftiger Kongresse sind aufgefordert, wieder zum Genfer Prinzip zur\u00fcck zu kehren.<\/em><\/p>\n<p>.<\/p>\n<p><em>Text 22. M\u00e4rz 2017 von ondamaris auf 2mecs<\/em><\/p>\n","protected":false},"excerpt":{"rendered":"<p>Die aktive Einbeziehung von HIV betroffener Communities ist ein seit 1998 international etablierter Standard. Der S\u00d6DAK 2009 bem\u00fcht sich engagiert, mit diesem Prinzip zu brechen. Der &#8222;1. Schweizerisch-\u00d6sterreichisch-Deutsche Aids-Kongress&#8220; (S\u00d6DAK 2009) findet vom 24. bis 27. Juni im Schweizerischen St. Gallen statt. Das Pr\u00e4sidium des Kongresses besteht aus Elisabeth Puchhammer-St\u00f6ckl, Annette Haberl und Pietro Vernazza. [&hellip;]<\/p>\n","protected":false},"author":2,"featured_media":0,"comment_status":"open","ping_status":"open","sticky":false,"template":"","format":"standard","meta":{"_lmt_disableupdate":"","_lmt_disable":"","footnotes":""},"categories":[156,202],"tags":[],"class_list":["post-30177","post","type-post","status-publish","format-standard","hentry","category-hivaids","category-ondamaris"],"yoast_head":"<!-- This site is optimized with the Yoast SEO plugin v27.5 - https:\/\/yoast.com\/product\/yoast-seo-wordpress\/ -->\n<title>1. Schweizerisch-\u00d6sterreichisch-Deutsche Aids-Kongress 2009 \u2013 quo vadis Community-Beteiligung ? - 2mecs<\/title>\n<meta name=\"description\" content=\"1. Schweizerisch-\u00d6sterreichisch-Deutsche Aids-Kongress welchen Weg nimmt die Community-Beteiligung?\" \/>\n<meta name=\"robots\" content=\"index, follow, max-snippet:-1, max-image-preview:large, max-video-preview:-1\" \/>\n<link rel=\"canonical\" href=\"https:\/\/www.2mecs.de\/wp\/2009\/03\/deutsch-oesterreichisch-schweizer-aids-kongress-quo-vadis-community-beteiligung\/\" \/>\n<meta property=\"og:locale\" content=\"de_DE\" \/>\n<meta property=\"og:type\" content=\"article\" \/>\n<meta property=\"og:title\" content=\"1. Schweizerisch-\u00d6sterreichisch-Deutsche Aids-Kongress 2009 \u2013 quo vadis Community-Beteiligung ? - 2mecs\" \/>\n<meta property=\"og:description\" content=\"1. Schweizerisch-\u00d6sterreichisch-Deutsche Aids-Kongress welchen Weg nimmt die Community-Beteiligung?\" \/>\n<meta property=\"og:url\" content=\"https:\/\/www.2mecs.de\/wp\/2009\/03\/deutsch-oesterreichisch-schweizer-aids-kongress-quo-vadis-community-beteiligung\/\" \/>\n<meta property=\"og:site_name\" content=\"2mecs\" \/>\n<meta property=\"article:publisher\" content=\"https:\/\/www.facebook.com\/UlliWuerdemann\" \/>\n<meta property=\"article:author\" content=\"https:\/\/www.facebook.com\/UlliWuerdemann\" \/>\n<meta property=\"article:published_time\" content=\"2009-03-02T07:25:55+00:00\" \/>\n<meta property=\"article:modified_time\" content=\"2017-06-09T09:25:24+00:00\" \/>\n<meta name=\"author\" content=\"Ulrich W\u00fcrdemann\" \/>\n<meta name=\"twitter:card\" content=\"summary_large_image\" \/>\n<meta name=\"twitter:creator\" content=\"@2mecs\" \/>\n<meta name=\"twitter:site\" content=\"@2mecs\" \/>\n<meta name=\"twitter:label1\" content=\"Geschrieben von\" \/>\n\t<meta name=\"twitter:data1\" content=\"Ulrich W\u00fcrdemann\" \/>\n\t<meta name=\"twitter:label2\" content=\"Gesch\u00e4tzte Lesezeit\" \/>\n\t<meta name=\"twitter:data2\" content=\"3\u00a0Minuten\" \/>\n<script type=\"application\/ld+json\" class=\"yoast-schema-graph\">{\"@context\":\"https:\\\/\\\/schema.org\",\"@graph\":[{\"@type\":\"Article\",\"@id\":\"https:\\\/\\\/www.2mecs.de\\\/wp\\\/2009\\\/03\\\/deutsch-oesterreichisch-schweizer-aids-kongress-quo-vadis-community-beteiligung\\\/#article\",\"isPartOf\":{\"@id\":\"https:\\\/\\\/www.2mecs.de\\\/wp\\\/2009\\\/03\\\/deutsch-oesterreichisch-schweizer-aids-kongress-quo-vadis-community-beteiligung\\\/\"},\"author\":{\"name\":\"Ulrich W\u00fcrdemann\",\"@id\":\"https:\\\/\\\/www.2mecs.de\\\/wp\\\/#\\\/schema\\\/person\\\/b7eefbb1df4a84f40cdff92f9e45d996\"},\"headline\":\"1. Schweizerisch-\u00d6sterreichisch-Deutsche Aids-Kongress 2009 \u2013 quo vadis Community-Beteiligung ?\",\"datePublished\":\"2009-03-02T07:25:55+00:00\",\"dateModified\":\"2017-06-09T09:25:24+00:00\",\"mainEntityOfPage\":{\"@id\":\"https:\\\/\\\/www.2mecs.de\\\/wp\\\/2009\\\/03\\\/deutsch-oesterreichisch-schweizer-aids-kongress-quo-vadis-community-beteiligung\\\/\"},\"wordCount\":545,\"commentCount\":0,\"publisher\":{\"@id\":\"https:\\\/\\\/www.2mecs.de\\\/wp\\\/#\\\/schema\\\/person\\\/b7eefbb1df4a84f40cdff92f9e45d996\"},\"articleSection\":[\"HIV\\\/Aids\",\"ondamaris Texte zu HIV &amp; Aids\"],\"inLanguage\":\"de\",\"potentialAction\":[{\"@type\":\"CommentAction\",\"name\":\"Comment\",\"target\":[\"https:\\\/\\\/www.2mecs.de\\\/wp\\\/2009\\\/03\\\/deutsch-oesterreichisch-schweizer-aids-kongress-quo-vadis-community-beteiligung\\\/#respond\"]}]},{\"@type\":\"WebPage\",\"@id\":\"https:\\\/\\\/www.2mecs.de\\\/wp\\\/2009\\\/03\\\/deutsch-oesterreichisch-schweizer-aids-kongress-quo-vadis-community-beteiligung\\\/\",\"url\":\"https:\\\/\\\/www.2mecs.de\\\/wp\\\/2009\\\/03\\\/deutsch-oesterreichisch-schweizer-aids-kongress-quo-vadis-community-beteiligung\\\/\",\"name\":\"1. Schweizerisch-\u00d6sterreichisch-Deutsche Aids-Kongress 2009 \u2013 quo vadis Community-Beteiligung ? - 2mecs\",\"isPartOf\":{\"@id\":\"https:\\\/\\\/www.2mecs.de\\\/wp\\\/#website\"},\"datePublished\":\"2009-03-02T07:25:55+00:00\",\"dateModified\":\"2017-06-09T09:25:24+00:00\",\"description\":\"1. Schweizerisch-\u00d6sterreichisch-Deutsche Aids-Kongress welchen Weg nimmt die Community-Beteiligung?\",\"breadcrumb\":{\"@id\":\"https:\\\/\\\/www.2mecs.de\\\/wp\\\/2009\\\/03\\\/deutsch-oesterreichisch-schweizer-aids-kongress-quo-vadis-community-beteiligung\\\/#breadcrumb\"},\"inLanguage\":\"de\",\"potentialAction\":[{\"@type\":\"ReadAction\",\"target\":[\"https:\\\/\\\/www.2mecs.de\\\/wp\\\/2009\\\/03\\\/deutsch-oesterreichisch-schweizer-aids-kongress-quo-vadis-community-beteiligung\\\/\"]}]},{\"@type\":\"BreadcrumbList\",\"@id\":\"https:\\\/\\\/www.2mecs.de\\\/wp\\\/2009\\\/03\\\/deutsch-oesterreichisch-schweizer-aids-kongress-quo-vadis-community-beteiligung\\\/#breadcrumb\",\"itemListElement\":[{\"@type\":\"ListItem\",\"position\":1,\"name\":\"2mecs\",\"item\":\"https:\\\/\\\/www.2mecs.de\\\/wp\\\/\"},{\"@type\":\"ListItem\",\"position\":2,\"name\":\"Gesundheit\",\"item\":\"https:\\\/\\\/www.2mecs.de\\\/wp\\\/category\\\/gesundheit\\\/\"},{\"@type\":\"ListItem\",\"position\":3,\"name\":\"HIV\\\/Aids\",\"item\":\"https:\\\/\\\/www.2mecs.de\\\/wp\\\/category\\\/gesundheit\\\/hivaids\\\/\"},{\"@type\":\"ListItem\",\"position\":4,\"name\":\"ondamaris Texte zu HIV &amp; Aids\",\"item\":\"https:\\\/\\\/www.2mecs.de\\\/wp\\\/category\\\/gesundheit\\\/hivaids\\\/ondamaris\\\/\"},{\"@type\":\"ListItem\",\"position\":5,\"name\":\"1. Schweizerisch-\u00d6sterreichisch-Deutsche Aids-Kongress 2009 \u2013 quo vadis Community-Beteiligung ?\"}]},{\"@type\":\"WebSite\",\"@id\":\"https:\\\/\\\/www.2mecs.de\\\/wp\\\/#website\",\"url\":\"https:\\\/\\\/www.2mecs.de\\\/wp\\\/\",\"name\":\"2mecs\",\"description\":\"\",\"publisher\":{\"@id\":\"https:\\\/\\\/www.2mecs.de\\\/wp\\\/#\\\/schema\\\/person\\\/b7eefbb1df4a84f40cdff92f9e45d996\"},\"potentialAction\":[{\"@type\":\"SearchAction\",\"target\":{\"@type\":\"EntryPoint\",\"urlTemplate\":\"https:\\\/\\\/www.2mecs.de\\\/wp\\\/?s={search_term_string}\"},\"query-input\":{\"@type\":\"PropertyValueSpecification\",\"valueRequired\":true,\"valueName\":\"search_term_string\"}}],\"inLanguage\":\"de\"},{\"@type\":[\"Person\",\"Organization\"],\"@id\":\"https:\\\/\\\/www.2mecs.de\\\/wp\\\/#\\\/schema\\\/person\\\/b7eefbb1df4a84f40cdff92f9e45d996\",\"name\":\"Ulrich W\u00fcrdemann\",\"image\":{\"@type\":\"ImageObject\",\"inLanguage\":\"de\",\"@id\":\"https:\\\/\\\/www.2mecs.de\\\/wp\\\/wp-content\\\/uploads\\\/2024\\\/09\\\/Ulli-2024-Kiel.jpg\",\"url\":\"https:\\\/\\\/www.2mecs.de\\\/wp\\\/wp-content\\\/uploads\\\/2024\\\/09\\\/Ulli-2024-Kiel.jpg\",\"contentUrl\":\"https:\\\/\\\/www.2mecs.de\\\/wp\\\/wp-content\\\/uploads\\\/2024\\\/09\\\/Ulli-2024-Kiel.jpg\",\"width\":200,\"height\":200,\"caption\":\"Ulrich W\u00fcrdemann\"},\"logo\":{\"@id\":\"https:\\\/\\\/www.2mecs.de\\\/wp\\\/wp-content\\\/uploads\\\/2024\\\/09\\\/Ulli-2024-Kiel.jpg\"},\"description\":\"einer der beiden 2mecs. Schwulenbewegt, Aids- und Therapie-Aktivist. Von 2005 bis 2012 Herausgeber www.ondamaris.de Ulli ist Frankreich-Liebhaber &amp; Bordeaux- \\\/ Lacanau-Fan. Mehr unter 2mecs -&gt; Ulli -&gt; Biographisches\",\"sameAs\":[\"http:\\\/\\\/www.2mecs.de\\\/wp\\\/\",\"https:\\\/\\\/www.facebook.com\\\/UlliWuerdemann\",\"https:\\\/\\\/www.instagram.com\\\/ulli_2mecs\\\/\",\"https:\\\/\\\/www.youtube.com\\\/channel\\\/UCbk075wzRnAk2_sbCYCAVNA\\\/\"],\"url\":\"https:\\\/\\\/www.2mecs.de\\\/wp\\\/author\\\/ulli\\\/\"}]}<\/script>\n<!-- \/ Yoast SEO plugin. -->","yoast_head_json":{"title":"1. Schweizerisch-\u00d6sterreichisch-Deutsche Aids-Kongress 2009 \u2013 quo vadis Community-Beteiligung ? - 2mecs","description":"1. Schweizerisch-\u00d6sterreichisch-Deutsche Aids-Kongress welchen Weg nimmt die Community-Beteiligung?","robots":{"index":"index","follow":"follow","max-snippet":"max-snippet:-1","max-image-preview":"max-image-preview:large","max-video-preview":"max-video-preview:-1"},"canonical":"https:\/\/www.2mecs.de\/wp\/2009\/03\/deutsch-oesterreichisch-schweizer-aids-kongress-quo-vadis-community-beteiligung\/","og_locale":"de_DE","og_type":"article","og_title":"1. Schweizerisch-\u00d6sterreichisch-Deutsche Aids-Kongress 2009 \u2013 quo vadis Community-Beteiligung ? - 2mecs","og_description":"1. Schweizerisch-\u00d6sterreichisch-Deutsche Aids-Kongress welchen Weg nimmt die Community-Beteiligung?","og_url":"https:\/\/www.2mecs.de\/wp\/2009\/03\/deutsch-oesterreichisch-schweizer-aids-kongress-quo-vadis-community-beteiligung\/","og_site_name":"2mecs","article_publisher":"https:\/\/www.facebook.com\/UlliWuerdemann","article_author":"https:\/\/www.facebook.com\/UlliWuerdemann","article_published_time":"2009-03-02T07:25:55+00:00","article_modified_time":"2017-06-09T09:25:24+00:00","author":"Ulrich W\u00fcrdemann","twitter_card":"summary_large_image","twitter_creator":"@2mecs","twitter_site":"@2mecs","twitter_misc":{"Geschrieben von":"Ulrich W\u00fcrdemann","Gesch\u00e4tzte Lesezeit":"3\u00a0Minuten"},"schema":{"@context":"https:\/\/schema.org","@graph":[{"@type":"Article","@id":"https:\/\/www.2mecs.de\/wp\/2009\/03\/deutsch-oesterreichisch-schweizer-aids-kongress-quo-vadis-community-beteiligung\/#article","isPartOf":{"@id":"https:\/\/www.2mecs.de\/wp\/2009\/03\/deutsch-oesterreichisch-schweizer-aids-kongress-quo-vadis-community-beteiligung\/"},"author":{"name":"Ulrich W\u00fcrdemann","@id":"https:\/\/www.2mecs.de\/wp\/#\/schema\/person\/b7eefbb1df4a84f40cdff92f9e45d996"},"headline":"1. Schweizerisch-\u00d6sterreichisch-Deutsche Aids-Kongress 2009 \u2013 quo vadis Community-Beteiligung ?","datePublished":"2009-03-02T07:25:55+00:00","dateModified":"2017-06-09T09:25:24+00:00","mainEntityOfPage":{"@id":"https:\/\/www.2mecs.de\/wp\/2009\/03\/deutsch-oesterreichisch-schweizer-aids-kongress-quo-vadis-community-beteiligung\/"},"wordCount":545,"commentCount":0,"publisher":{"@id":"https:\/\/www.2mecs.de\/wp\/#\/schema\/person\/b7eefbb1df4a84f40cdff92f9e45d996"},"articleSection":["HIV\/Aids","ondamaris Texte zu HIV &amp; Aids"],"inLanguage":"de","potentialAction":[{"@type":"CommentAction","name":"Comment","target":["https:\/\/www.2mecs.de\/wp\/2009\/03\/deutsch-oesterreichisch-schweizer-aids-kongress-quo-vadis-community-beteiligung\/#respond"]}]},{"@type":"WebPage","@id":"https:\/\/www.2mecs.de\/wp\/2009\/03\/deutsch-oesterreichisch-schweizer-aids-kongress-quo-vadis-community-beteiligung\/","url":"https:\/\/www.2mecs.de\/wp\/2009\/03\/deutsch-oesterreichisch-schweizer-aids-kongress-quo-vadis-community-beteiligung\/","name":"1. Schweizerisch-\u00d6sterreichisch-Deutsche Aids-Kongress 2009 \u2013 quo vadis Community-Beteiligung ? - 2mecs","isPartOf":{"@id":"https:\/\/www.2mecs.de\/wp\/#website"},"datePublished":"2009-03-02T07:25:55+00:00","dateModified":"2017-06-09T09:25:24+00:00","description":"1. Schweizerisch-\u00d6sterreichisch-Deutsche Aids-Kongress welchen Weg nimmt die Community-Beteiligung?","breadcrumb":{"@id":"https:\/\/www.2mecs.de\/wp\/2009\/03\/deutsch-oesterreichisch-schweizer-aids-kongress-quo-vadis-community-beteiligung\/#breadcrumb"},"inLanguage":"de","potentialAction":[{"@type":"ReadAction","target":["https:\/\/www.2mecs.de\/wp\/2009\/03\/deutsch-oesterreichisch-schweizer-aids-kongress-quo-vadis-community-beteiligung\/"]}]},{"@type":"BreadcrumbList","@id":"https:\/\/www.2mecs.de\/wp\/2009\/03\/deutsch-oesterreichisch-schweizer-aids-kongress-quo-vadis-community-beteiligung\/#breadcrumb","itemListElement":[{"@type":"ListItem","position":1,"name":"2mecs","item":"https:\/\/www.2mecs.de\/wp\/"},{"@type":"ListItem","position":2,"name":"Gesundheit","item":"https:\/\/www.2mecs.de\/wp\/category\/gesundheit\/"},{"@type":"ListItem","position":3,"name":"HIV\/Aids","item":"https:\/\/www.2mecs.de\/wp\/category\/gesundheit\/hivaids\/"},{"@type":"ListItem","position":4,"name":"ondamaris Texte zu HIV &amp; Aids","item":"https:\/\/www.2mecs.de\/wp\/category\/gesundheit\/hivaids\/ondamaris\/"},{"@type":"ListItem","position":5,"name":"1. Schweizerisch-\u00d6sterreichisch-Deutsche Aids-Kongress 2009 \u2013 quo vadis Community-Beteiligung ?"}]},{"@type":"WebSite","@id":"https:\/\/www.2mecs.de\/wp\/#website","url":"https:\/\/www.2mecs.de\/wp\/","name":"2mecs","description":"","publisher":{"@id":"https:\/\/www.2mecs.de\/wp\/#\/schema\/person\/b7eefbb1df4a84f40cdff92f9e45d996"},"potentialAction":[{"@type":"SearchAction","target":{"@type":"EntryPoint","urlTemplate":"https:\/\/www.2mecs.de\/wp\/?s={search_term_string}"},"query-input":{"@type":"PropertyValueSpecification","valueRequired":true,"valueName":"search_term_string"}}],"inLanguage":"de"},{"@type":["Person","Organization"],"@id":"https:\/\/www.2mecs.de\/wp\/#\/schema\/person\/b7eefbb1df4a84f40cdff92f9e45d996","name":"Ulrich W\u00fcrdemann","image":{"@type":"ImageObject","inLanguage":"de","@id":"https:\/\/www.2mecs.de\/wp\/wp-content\/uploads\/2024\/09\/Ulli-2024-Kiel.jpg","url":"https:\/\/www.2mecs.de\/wp\/wp-content\/uploads\/2024\/09\/Ulli-2024-Kiel.jpg","contentUrl":"https:\/\/www.2mecs.de\/wp\/wp-content\/uploads\/2024\/09\/Ulli-2024-Kiel.jpg","width":200,"height":200,"caption":"Ulrich W\u00fcrdemann"},"logo":{"@id":"https:\/\/www.2mecs.de\/wp\/wp-content\/uploads\/2024\/09\/Ulli-2024-Kiel.jpg"},"description":"einer der beiden 2mecs. Schwulenbewegt, Aids- und Therapie-Aktivist. Von 2005 bis 2012 Herausgeber www.ondamaris.de Ulli ist Frankreich-Liebhaber &amp; Bordeaux- \/ Lacanau-Fan. Mehr unter 2mecs -&gt; Ulli -&gt; Biographisches","sameAs":["http:\/\/www.2mecs.de\/wp\/","https:\/\/www.facebook.com\/UlliWuerdemann","https:\/\/www.instagram.com\/ulli_2mecs\/","https:\/\/www.youtube.com\/channel\/UCbk075wzRnAk2_sbCYCAVNA\/"],"url":"https:\/\/www.2mecs.de\/wp\/author\/ulli\/"}]}},"modified_by":"Ulrich W\u00fcrdemann","amp_enabled":true,"_links":{"self":[{"href":"https:\/\/www.2mecs.de\/wp\/wp-json\/wp\/v2\/posts\/30177","targetHints":{"allow":["GET"]}}],"collection":[{"href":"https:\/\/www.2mecs.de\/wp\/wp-json\/wp\/v2\/posts"}],"about":[{"href":"https:\/\/www.2mecs.de\/wp\/wp-json\/wp\/v2\/types\/post"}],"author":[{"embeddable":true,"href":"https:\/\/www.2mecs.de\/wp\/wp-json\/wp\/v2\/users\/2"}],"replies":[{"embeddable":true,"href":"https:\/\/www.2mecs.de\/wp\/wp-json\/wp\/v2\/comments?post=30177"}],"version-history":[{"count":4,"href":"https:\/\/www.2mecs.de\/wp\/wp-json\/wp\/v2\/posts\/30177\/revisions"}],"predecessor-version":[{"id":30181,"href":"https:\/\/www.2mecs.de\/wp\/wp-json\/wp\/v2\/posts\/30177\/revisions\/30181"}],"wp:attachment":[{"href":"https:\/\/www.2mecs.de\/wp\/wp-json\/wp\/v2\/media?parent=30177"}],"wp:term":[{"taxonomy":"category","embeddable":true,"href":"https:\/\/www.2mecs.de\/wp\/wp-json\/wp\/v2\/categories?post=30177"},{"taxonomy":"post_tag","embeddable":true,"href":"https:\/\/www.2mecs.de\/wp\/wp-json\/wp\/v2\/tags?post=30177"}],"curies":[{"name":"wp","href":"https:\/\/api.w.org\/{rel}","templated":true}]}}