{"id":29891,"date":"2008-06-29T16:37:53","date_gmt":"2008-06-29T14:37:53","guid":{"rendered":"https:\/\/www.2mecs.de\/wp\/?p=29891"},"modified":"2023-06-08T10:14:44","modified_gmt":"2023-06-08T08:14:44","slug":"zusammen-gegen-homophobie-und-rassismus","status":"publish","type":"post","link":"https:\/\/www.2mecs.de\/wp\/2008\/06\/zusammen-gegen-homophobie-und-rassismus\/","title":{"rendered":"zusammen gegen Homophobie und Rassismus"},"content":{"rendered":"\n<figure class=\"wp-block-image alignnone\"><a href=\"https:\/\/www.2mecs.de\/wp\/wp-content\/uploads\/2017\/03\/Zusammen01.jpg\" data-rel=\"lightbox-gallery-L06raQZz\" data-rl_title=\"zusammen gegen Homophobie und Rassismus\" data-rl_caption=\"\" title=\"zusammen gegen Homophobie und Rassismus\"><img decoding=\"async\" width=\"857\" height=\"1142\" data-src=\"https:\/\/www.2mecs.de\/wp\/wp-content\/uploads\/2017\/03\/Zusammen01.jpg\" alt=\"zusammen gegen Homophobie und Rassismus\" class=\"wp-image-29892 lazyload\" data-srcset=\"https:\/\/www.2mecs.de\/wp\/wp-content\/uploads\/2017\/03\/Zusammen01.jpg 857w, https:\/\/www.2mecs.de\/wp\/wp-content\/uploads\/2017\/03\/Zusammen01-225x300.jpg 225w, https:\/\/www.2mecs.de\/wp\/wp-content\/uploads\/2017\/03\/Zusammen01-768x1024.jpg 768w\" data-sizes=\"(max-width: 857px) 100vw, 857px\" src=\"data:image\/svg+xml;base64,PHN2ZyB3aWR0aD0iMSIgaGVpZ2h0PSIxIiB4bWxucz0iaHR0cDovL3d3dy53My5vcmcvMjAwMC9zdmciPjwvc3ZnPg==\" style=\"--smush-placeholder-width: 857px; --smush-placeholder-aspect-ratio: 857\/1142;\" \/><\/a><figcaption class=\"wp-element-caption\">zusammen gegen Homophobie und Rassismus<\/figcaption><\/figure>\n\n\n\n<p><em>&#8222;Am Sonntag, den 8.6.2008 wurden am Heinrichsplatz in Berlin sieben queer lebende Menschen Opfer eines trans- und homophoben Angriffs. Da dieser Angriff im Rahmen des Dragfestivals stattfand, ist zu vermuten, dass es sich um eine gezielte Aktion gehandelt hat. Am Montag, den 9.6.2008 zogen in einer beispiellosen Spontandemo fast 3000 Transgender, Lesben, Schwule und queer lebende Menschen durch Berlin Kreuzberg um gegen den trans- und homophoben Gewalt zu demonstrieren&#8220;<\/em> (aus der Pressemitteilung von TransInterQueer, <del>als pdf hier<\/del>; weitere Informationen auch in dem Artikel &#8222;gelebte Solidarit\u00e4t in Berlin-Kreuzberg&#8220; <del>auf berlin.gay-web.de<\/del>).<\/p>\n\n\n\n<p>Anl\u00e4sslich des Tansgenialen CSD (siehe <a href=\"https:\/\/www.2mecs.de\/wp\/2008\/06\/transgenialer-csd-2008-berlin-ibne-kreuzberg\/\" target=\"_self\" rel=\"noopener\">Ibne Kreuzberg<\/a>) zeigten viele Gesch\u00e4ftsleute entlang der Kreuzberger oranienstrasse (auf der das Abschlussfest des Transgenialen CSDs stattfand) Solidarit\u00e4t. Sie schm\u00fcckten ihre Gesch\u00e4fte mit Fahnen, die in t\u00fcrkischer und deutscher Sprache informierten &#8222;<em>Du bist nicht allein &#8211; zusammen gegen Homophobie &#8211; gegen Rassismus &#8211; gegen Sexismus &#8211; gegen Faschos \/\/ Yalniz degilsin- hep beraber &#8211; homofobiye karsi &#8211; irkciliga karsi &#8211; cinsiyetcilige karsi &#8211; fasistlere karsi<\/em>&#8222;.<\/p>\n\n\n\n<figure class=\"wp-block-image\"><a href=\"https:\/\/www.2mecs.de\/wp\/wp-content\/uploads\/2017\/03\/Zusammen02.jpg\" data-rel=\"lightbox-gallery-L06raQZz\" data-rl_title=\"Zusammen02\" data-rl_caption=\"\" title=\"Zusammen02\"><img decoding=\"async\" width=\"612\" height=\"816\" data-src=\"https:\/\/www.2mecs.de\/wp\/wp-content\/uploads\/2017\/03\/Zusammen02.jpg\" alt=\"\" class=\"wp-image-29893 lazyload\" data-srcset=\"https:\/\/www.2mecs.de\/wp\/wp-content\/uploads\/2017\/03\/Zusammen02.jpg 612w, https:\/\/www.2mecs.de\/wp\/wp-content\/uploads\/2017\/03\/Zusammen02-225x300.jpg 225w\" data-sizes=\"(max-width: 612px) 100vw, 612px\" src=\"data:image\/svg+xml;base64,PHN2ZyB3aWR0aD0iMSIgaGVpZ2h0PSIxIiB4bWxucz0iaHR0cDovL3d3dy53My5vcmcvMjAwMC9zdmciPjwvc3ZnPg==\" style=\"--smush-placeholder-width: 612px; --smush-placeholder-aspect-ratio: 612\/816;\" \/><\/a><\/figure>\n\n\n\n<figure class=\"wp-block-image\"><a href=\"https:\/\/www.2mecs.de\/wp\/wp-content\/uploads\/2017\/03\/Zusammen03.jpg\" data-rel=\"lightbox-gallery-L06raQZz\" data-rl_title=\"Zusammen03\" data-rl_caption=\"\" title=\"Zusammen03\"><img decoding=\"async\" width=\"612\" height=\"816\" data-src=\"https:\/\/www.2mecs.de\/wp\/wp-content\/uploads\/2017\/03\/Zusammen03.jpg\" alt=\"\" class=\"wp-image-29894 lazyload\" data-srcset=\"https:\/\/www.2mecs.de\/wp\/wp-content\/uploads\/2017\/03\/Zusammen03.jpg 612w, https:\/\/www.2mecs.de\/wp\/wp-content\/uploads\/2017\/03\/Zusammen03-225x300.jpg 225w\" data-sizes=\"(max-width: 612px) 100vw, 612px\" src=\"data:image\/svg+xml;base64,PHN2ZyB3aWR0aD0iMSIgaGVpZ2h0PSIxIiB4bWxucz0iaHR0cDovL3d3dy53My5vcmcvMjAwMC9zdmciPjwvc3ZnPg==\" style=\"--smush-placeholder-width: 612px; --smush-placeholder-aspect-ratio: 612\/816;\" \/><\/a><\/figure>\n\n\n\n<figure class=\"wp-block-image\"><a href=\"https:\/\/www.2mecs.de\/wp\/wp-content\/uploads\/2017\/03\/Zusammen04.jpg\" data-rel=\"lightbox-gallery-L06raQZz\" data-rl_title=\"Zusammen04\" data-rl_caption=\"\" title=\"Zusammen04\"><img decoding=\"async\" width=\"612\" height=\"816\" data-src=\"https:\/\/www.2mecs.de\/wp\/wp-content\/uploads\/2017\/03\/Zusammen04.jpg\" alt=\"\" class=\"wp-image-29895 lazyload\" data-srcset=\"https:\/\/www.2mecs.de\/wp\/wp-content\/uploads\/2017\/03\/Zusammen04.jpg 612w, https:\/\/www.2mecs.de\/wp\/wp-content\/uploads\/2017\/03\/Zusammen04-225x300.jpg 225w\" data-sizes=\"(max-width: 612px) 100vw, 612px\" src=\"data:image\/svg+xml;base64,PHN2ZyB3aWR0aD0iMSIgaGVpZ2h0PSIxIiB4bWxucz0iaHR0cDovL3d3dy53My5vcmcvMjAwMC9zdmciPjwvc3ZnPg==\" style=\"--smush-placeholder-width: 612px; --smush-placeholder-aspect-ratio: 612\/816;\" \/><\/a><\/figure>\n\n\n\n<figure class=\"wp-block-image\"><a href=\"https:\/\/www.2mecs.de\/wp\/wp-content\/uploads\/2017\/03\/Zusammen05.jpg\" data-rel=\"lightbox-gallery-L06raQZz\" data-rl_title=\"Zusammen05\" data-rl_caption=\"\" title=\"Zusammen05\"><img decoding=\"async\" width=\"816\" height=\"612\" data-src=\"https:\/\/www.2mecs.de\/wp\/wp-content\/uploads\/2017\/03\/Zusammen05.jpg\" alt=\"\" class=\"wp-image-29896 lazyload\" data-srcset=\"https:\/\/www.2mecs.de\/wp\/wp-content\/uploads\/2017\/03\/Zusammen05.jpg 816w, https:\/\/www.2mecs.de\/wp\/wp-content\/uploads\/2017\/03\/Zusammen05-300x225.jpg 300w, https:\/\/www.2mecs.de\/wp\/wp-content\/uploads\/2017\/03\/Zusammen05-768x576.jpg 768w\" data-sizes=\"(max-width: 816px) 100vw, 816px\" src=\"data:image\/svg+xml;base64,PHN2ZyB3aWR0aD0iMSIgaGVpZ2h0PSIxIiB4bWxucz0iaHR0cDovL3d3dy53My5vcmcvMjAwMC9zdmciPjwvc3ZnPg==\" style=\"--smush-placeholder-width: 816px; --smush-placeholder-aspect-ratio: 816\/612;\" \/><\/a><\/figure>\n\n\n\n<figure class=\"wp-block-image\"><a href=\"https:\/\/www.2mecs.de\/wp\/wp-content\/uploads\/2017\/03\/Zusammen06.jpg\" data-rel=\"lightbox-gallery-L06raQZz\" data-rl_title=\"Zusammen06\" data-rl_caption=\"\" title=\"Zusammen06\"><img decoding=\"async\" width=\"612\" height=\"816\" data-src=\"https:\/\/www.2mecs.de\/wp\/wp-content\/uploads\/2017\/03\/Zusammen06.jpg\" alt=\"\" class=\"wp-image-29897 lazyload\" data-srcset=\"https:\/\/www.2mecs.de\/wp\/wp-content\/uploads\/2017\/03\/Zusammen06.jpg 612w, https:\/\/www.2mecs.de\/wp\/wp-content\/uploads\/2017\/03\/Zusammen06-225x300.jpg 225w\" data-sizes=\"(max-width: 612px) 100vw, 612px\" src=\"data:image\/svg+xml;base64,PHN2ZyB3aWR0aD0iMSIgaGVpZ2h0PSIxIiB4bWxucz0iaHR0cDovL3d3dy53My5vcmcvMjAwMC9zdmciPjwvc3ZnPg==\" style=\"--smush-placeholder-width: 612px; --smush-placeholder-aspect-ratio: 612\/816;\" \/><\/a><\/figure>\n\n\n\n<figure class=\"wp-block-image\"><a href=\"https:\/\/www.2mecs.de\/wp\/wp-content\/uploads\/2017\/03\/Zusammen07.jpg\" data-rel=\"lightbox-gallery-L06raQZz\" data-rl_title=\"Zusammen07\" data-rl_caption=\"\" title=\"Zusammen07\"><img decoding=\"async\" width=\"612\" height=\"816\" data-src=\"https:\/\/www.2mecs.de\/wp\/wp-content\/uploads\/2017\/03\/Zusammen07.jpg\" alt=\"\" class=\"wp-image-29898 lazyload\" data-srcset=\"https:\/\/www.2mecs.de\/wp\/wp-content\/uploads\/2017\/03\/Zusammen07.jpg 612w, https:\/\/www.2mecs.de\/wp\/wp-content\/uploads\/2017\/03\/Zusammen07-225x300.jpg 225w\" data-sizes=\"(max-width: 612px) 100vw, 612px\" src=\"data:image\/svg+xml;base64,PHN2ZyB3aWR0aD0iMSIgaGVpZ2h0PSIxIiB4bWxucz0iaHR0cDovL3d3dy53My5vcmcvMjAwMC9zdmciPjwvc3ZnPg==\" style=\"--smush-placeholder-width: 612px; --smush-placeholder-aspect-ratio: 612\/816;\" \/><\/a><\/figure>\n\n\n\n<figure class=\"wp-block-image\"><a href=\"https:\/\/www.2mecs.de\/wp\/wp-content\/uploads\/2017\/03\/Zusammen08.jpg\" data-rel=\"lightbox-gallery-L06raQZz\" data-rl_title=\"Zusammen08\" data-rl_caption=\"\" title=\"Zusammen08\"><img decoding=\"async\" width=\"612\" height=\"816\" data-src=\"https:\/\/www.2mecs.de\/wp\/wp-content\/uploads\/2017\/03\/Zusammen08.jpg\" alt=\"\" class=\"wp-image-29899 lazyload\" data-srcset=\"https:\/\/www.2mecs.de\/wp\/wp-content\/uploads\/2017\/03\/Zusammen08.jpg 612w, https:\/\/www.2mecs.de\/wp\/wp-content\/uploads\/2017\/03\/Zusammen08-225x300.jpg 225w\" data-sizes=\"(max-width: 612px) 100vw, 612px\" src=\"data:image\/svg+xml;base64,PHN2ZyB3aWR0aD0iMSIgaGVpZ2h0PSIxIiB4bWxucz0iaHR0cDovL3d3dy53My5vcmcvMjAwMC9zdmciPjwvc3ZnPg==\" style=\"--smush-placeholder-width: 612px; --smush-placeholder-aspect-ratio: 612\/816;\" \/><\/a><\/figure>\n\n\n\n<figure class=\"wp-block-image\"><a href=\"https:\/\/www.2mecs.de\/wp\/wp-content\/uploads\/2017\/03\/Zusammen09.jpg\" data-rel=\"lightbox-gallery-L06raQZz\" data-rl_title=\"Zusammen09\" data-rl_caption=\"\" title=\"Zusammen09\"><img decoding=\"async\" width=\"612\" height=\"816\" data-src=\"https:\/\/www.2mecs.de\/wp\/wp-content\/uploads\/2017\/03\/Zusammen09.jpg\" alt=\"\" class=\"wp-image-29900 lazyload\" data-srcset=\"https:\/\/www.2mecs.de\/wp\/wp-content\/uploads\/2017\/03\/Zusammen09.jpg 612w, https:\/\/www.2mecs.de\/wp\/wp-content\/uploads\/2017\/03\/Zusammen09-225x300.jpg 225w\" data-sizes=\"(max-width: 612px) 100vw, 612px\" src=\"data:image\/svg+xml;base64,PHN2ZyB3aWR0aD0iMSIgaGVpZ2h0PSIxIiB4bWxucz0iaHR0cDovL3d3dy53My5vcmcvMjAwMC9zdmciPjwvc3ZnPg==\" style=\"--smush-placeholder-width: 612px; --smush-placeholder-aspect-ratio: 612\/816;\" \/><\/a><\/figure>\n\n\n\n<p>Anmerkung: ich weiss, dass der Slogan in t\u00fcrkisch nicht v\u00f6llig korrekt geschrieben ist &#8211; allein, ich find in wp nicht die entsprechenden Sonderzeichen &#8230; \ud83d\ude41<\/p>\n\n\n\n<p>.<\/p>\n\n\n\n<p><em>Text 6. M\u00e4rz 2017 von ondamaris auf 2mecs<\/em><\/p>\n","protected":false},"excerpt":{"rendered":"<p>&#8222;Am Sonntag, den 8.6.2008 wurden am Heinrichsplatz in Berlin sieben queer lebende Menschen Opfer eines trans- und homophoben Angriffs. Da dieser Angriff im Rahmen des Dragfestivals stattfand, ist zu vermuten, dass es sich um eine gezielte Aktion gehandelt hat. Am Montag, den 9.6.2008 zogen in einer beispiellosen Spontandemo fast 3000 Transgender, Lesben, Schwule und queer [&hellip;]<\/p>\n","protected":false},"author":2,"featured_media":0,"comment_status":"open","ping_status":"open","sticky":false,"template":"","format":"standard","meta":{"_lmt_disableupdate":"","_lmt_disable":"","footnotes":""},"categories":[132,202],"tags":[141,624],"class_list":["post-29891","post","type-post","status-publish","format-standard","hentry","category-homosexualitaeten","category-ondamaris","tag-homophobie","tag-rassismus"],"yoast_head":"<!-- This site is optimized with the Yoast SEO plugin v27.5 - https:\/\/yoast.com\/product\/yoast-seo-wordpress\/ -->\n<title>zusammen gegen Homophobie und Rassismus - 2mecs<\/title>\n<meta name=\"description\" content=\"Montag 9.6.2008 spontan Demonstration fast 3000 Transgender Lesben Schwule Queer Berlin Kreuzberg gegen trans- und homophoben Gewalt\" \/>\n<meta name=\"robots\" content=\"index, follow, max-snippet:-1, max-image-preview:large, max-video-preview:-1\" \/>\n<link rel=\"canonical\" href=\"https:\/\/www.2mecs.de\/wp\/2008\/06\/zusammen-gegen-homophobie-und-rassismus\/\" \/>\n<meta property=\"og:locale\" content=\"de_DE\" \/>\n<meta property=\"og:type\" content=\"article\" \/>\n<meta property=\"og:title\" content=\"zusammen gegen Homophobie und Rassismus - 2mecs\" \/>\n<meta property=\"og:description\" content=\"Montag 9.6.2008 spontan Demonstration fast 3000 Transgender Lesben Schwule Queer Berlin Kreuzberg gegen trans- und homophoben Gewalt\" \/>\n<meta property=\"og:url\" content=\"https:\/\/www.2mecs.de\/wp\/2008\/06\/zusammen-gegen-homophobie-und-rassismus\/\" \/>\n<meta property=\"og:site_name\" content=\"2mecs\" \/>\n<meta property=\"article:publisher\" content=\"https:\/\/www.facebook.com\/UlliWuerdemann\" \/>\n<meta property=\"article:author\" content=\"https:\/\/www.facebook.com\/UlliWuerdemann\" \/>\n<meta property=\"article:published_time\" content=\"2008-06-29T14:37:53+00:00\" \/>\n<meta property=\"article:modified_time\" content=\"2023-06-08T08:14:44+00:00\" \/>\n<meta property=\"og:image\" content=\"https:\/\/www.2mecs.de\/wp\/wp-content\/uploads\/2017\/03\/Zusammen01.jpg\" \/>\n<meta name=\"author\" content=\"Ulrich W\u00fcrdemann\" \/>\n<meta name=\"twitter:card\" content=\"summary_large_image\" \/>\n<meta name=\"twitter:creator\" content=\"@2mecs\" \/>\n<meta name=\"twitter:site\" content=\"@2mecs\" \/>\n<meta name=\"twitter:label1\" content=\"Geschrieben von\" \/>\n\t<meta name=\"twitter:data1\" content=\"Ulrich W\u00fcrdemann\" \/>\n\t<meta name=\"twitter:label2\" content=\"Gesch\u00e4tzte Lesezeit\" \/>\n\t<meta name=\"twitter:data2\" content=\"3\u00a0Minuten\" \/>\n<script type=\"application\/ld+json\" class=\"yoast-schema-graph\">{\"@context\":\"https:\\\/\\\/schema.org\",\"@graph\":[{\"@type\":\"Article\",\"@id\":\"https:\\\/\\\/www.2mecs.de\\\/wp\\\/2008\\\/06\\\/zusammen-gegen-homophobie-und-rassismus\\\/#article\",\"isPartOf\":{\"@id\":\"https:\\\/\\\/www.2mecs.de\\\/wp\\\/2008\\\/06\\\/zusammen-gegen-homophobie-und-rassismus\\\/\"},\"author\":{\"name\":\"Ulrich W\u00fcrdemann\",\"@id\":\"https:\\\/\\\/www.2mecs.de\\\/wp\\\/#\\\/schema\\\/person\\\/b7eefbb1df4a84f40cdff92f9e45d996\"},\"headline\":\"zusammen gegen Homophobie und Rassismus\",\"datePublished\":\"2008-06-29T14:37:53+00:00\",\"dateModified\":\"2023-06-08T08:14:44+00:00\",\"mainEntityOfPage\":{\"@id\":\"https:\\\/\\\/www.2mecs.de\\\/wp\\\/2008\\\/06\\\/zusammen-gegen-homophobie-und-rassismus\\\/\"},\"wordCount\":207,\"commentCount\":0,\"publisher\":{\"@id\":\"https:\\\/\\\/www.2mecs.de\\\/wp\\\/#\\\/schema\\\/person\\\/b7eefbb1df4a84f40cdff92f9e45d996\"},\"image\":{\"@id\":\"https:\\\/\\\/www.2mecs.de\\\/wp\\\/2008\\\/06\\\/zusammen-gegen-homophobie-und-rassismus\\\/#primaryimage\"},\"thumbnailUrl\":\"https:\\\/\\\/www.2mecs.de\\\/wp\\\/wp-content\\\/uploads\\\/2017\\\/03\\\/Zusammen01.jpg\",\"keywords\":[\"Homophobie\",\"Rassismus\"],\"articleSection\":[\"Homosexualit\u00e4ten\",\"ondamaris Texte zu HIV &amp; Aids\"],\"inLanguage\":\"de\",\"potentialAction\":[{\"@type\":\"CommentAction\",\"name\":\"Comment\",\"target\":[\"https:\\\/\\\/www.2mecs.de\\\/wp\\\/2008\\\/06\\\/zusammen-gegen-homophobie-und-rassismus\\\/#respond\"]}]},{\"@type\":\"WebPage\",\"@id\":\"https:\\\/\\\/www.2mecs.de\\\/wp\\\/2008\\\/06\\\/zusammen-gegen-homophobie-und-rassismus\\\/\",\"url\":\"https:\\\/\\\/www.2mecs.de\\\/wp\\\/2008\\\/06\\\/zusammen-gegen-homophobie-und-rassismus\\\/\",\"name\":\"zusammen gegen Homophobie und Rassismus - 2mecs\",\"isPartOf\":{\"@id\":\"https:\\\/\\\/www.2mecs.de\\\/wp\\\/#website\"},\"primaryImageOfPage\":{\"@id\":\"https:\\\/\\\/www.2mecs.de\\\/wp\\\/2008\\\/06\\\/zusammen-gegen-homophobie-und-rassismus\\\/#primaryimage\"},\"image\":{\"@id\":\"https:\\\/\\\/www.2mecs.de\\\/wp\\\/2008\\\/06\\\/zusammen-gegen-homophobie-und-rassismus\\\/#primaryimage\"},\"thumbnailUrl\":\"https:\\\/\\\/www.2mecs.de\\\/wp\\\/wp-content\\\/uploads\\\/2017\\\/03\\\/Zusammen01.jpg\",\"datePublished\":\"2008-06-29T14:37:53+00:00\",\"dateModified\":\"2023-06-08T08:14:44+00:00\",\"description\":\"Montag 9.6.2008 spontan Demonstration fast 3000 Transgender Lesben Schwule Queer Berlin Kreuzberg gegen trans- und homophoben Gewalt\",\"breadcrumb\":{\"@id\":\"https:\\\/\\\/www.2mecs.de\\\/wp\\\/2008\\\/06\\\/zusammen-gegen-homophobie-und-rassismus\\\/#breadcrumb\"},\"inLanguage\":\"de\",\"potentialAction\":[{\"@type\":\"ReadAction\",\"target\":[\"https:\\\/\\\/www.2mecs.de\\\/wp\\\/2008\\\/06\\\/zusammen-gegen-homophobie-und-rassismus\\\/\"]}]},{\"@type\":\"ImageObject\",\"inLanguage\":\"de\",\"@id\":\"https:\\\/\\\/www.2mecs.de\\\/wp\\\/2008\\\/06\\\/zusammen-gegen-homophobie-und-rassismus\\\/#primaryimage\",\"url\":\"https:\\\/\\\/www.2mecs.de\\\/wp\\\/wp-content\\\/uploads\\\/2017\\\/03\\\/Zusammen01.jpg\",\"contentUrl\":\"https:\\\/\\\/www.2mecs.de\\\/wp\\\/wp-content\\\/uploads\\\/2017\\\/03\\\/Zusammen01.jpg\"},{\"@type\":\"BreadcrumbList\",\"@id\":\"https:\\\/\\\/www.2mecs.de\\\/wp\\\/2008\\\/06\\\/zusammen-gegen-homophobie-und-rassismus\\\/#breadcrumb\",\"itemListElement\":[{\"@type\":\"ListItem\",\"position\":1,\"name\":\"2mecs\",\"item\":\"https:\\\/\\\/www.2mecs.de\\\/wp\\\/\"},{\"@type\":\"ListItem\",\"position\":2,\"name\":\"Gesundheit\",\"item\":\"https:\\\/\\\/www.2mecs.de\\\/wp\\\/category\\\/gesundheit\\\/\"},{\"@type\":\"ListItem\",\"position\":3,\"name\":\"HIV\\\/Aids\",\"item\":\"https:\\\/\\\/www.2mecs.de\\\/wp\\\/category\\\/gesundheit\\\/hivaids\\\/\"},{\"@type\":\"ListItem\",\"position\":4,\"name\":\"ondamaris Texte zu HIV &amp; Aids\",\"item\":\"https:\\\/\\\/www.2mecs.de\\\/wp\\\/category\\\/gesundheit\\\/hivaids\\\/ondamaris\\\/\"},{\"@type\":\"ListItem\",\"position\":5,\"name\":\"zusammen gegen Homophobie und Rassismus\"}]},{\"@type\":\"WebSite\",\"@id\":\"https:\\\/\\\/www.2mecs.de\\\/wp\\\/#website\",\"url\":\"https:\\\/\\\/www.2mecs.de\\\/wp\\\/\",\"name\":\"2mecs\",\"description\":\"\",\"publisher\":{\"@id\":\"https:\\\/\\\/www.2mecs.de\\\/wp\\\/#\\\/schema\\\/person\\\/b7eefbb1df4a84f40cdff92f9e45d996\"},\"potentialAction\":[{\"@type\":\"SearchAction\",\"target\":{\"@type\":\"EntryPoint\",\"urlTemplate\":\"https:\\\/\\\/www.2mecs.de\\\/wp\\\/?s={search_term_string}\"},\"query-input\":{\"@type\":\"PropertyValueSpecification\",\"valueRequired\":true,\"valueName\":\"search_term_string\"}}],\"inLanguage\":\"de\"},{\"@type\":[\"Person\",\"Organization\"],\"@id\":\"https:\\\/\\\/www.2mecs.de\\\/wp\\\/#\\\/schema\\\/person\\\/b7eefbb1df4a84f40cdff92f9e45d996\",\"name\":\"Ulrich W\u00fcrdemann\",\"image\":{\"@type\":\"ImageObject\",\"inLanguage\":\"de\",\"@id\":\"https:\\\/\\\/www.2mecs.de\\\/wp\\\/wp-content\\\/uploads\\\/2024\\\/09\\\/Ulli-2024-Kiel.jpg\",\"url\":\"https:\\\/\\\/www.2mecs.de\\\/wp\\\/wp-content\\\/uploads\\\/2024\\\/09\\\/Ulli-2024-Kiel.jpg\",\"contentUrl\":\"https:\\\/\\\/www.2mecs.de\\\/wp\\\/wp-content\\\/uploads\\\/2024\\\/09\\\/Ulli-2024-Kiel.jpg\",\"width\":200,\"height\":200,\"caption\":\"Ulrich W\u00fcrdemann\"},\"logo\":{\"@id\":\"https:\\\/\\\/www.2mecs.de\\\/wp\\\/wp-content\\\/uploads\\\/2024\\\/09\\\/Ulli-2024-Kiel.jpg\"},\"description\":\"einer der beiden 2mecs. Schwulenbewegt, Aids- und Therapie-Aktivist. Von 2005 bis 2012 Herausgeber www.ondamaris.de Ulli ist Frankreich-Liebhaber &amp; Bordeaux- \\\/ Lacanau-Fan. Mehr unter 2mecs -&gt; Ulli -&gt; Biographisches\",\"sameAs\":[\"http:\\\/\\\/www.2mecs.de\\\/wp\\\/\",\"https:\\\/\\\/www.facebook.com\\\/UlliWuerdemann\",\"https:\\\/\\\/www.instagram.com\\\/ulli_2mecs\\\/\",\"https:\\\/\\\/www.youtube.com\\\/channel\\\/UCbk075wzRnAk2_sbCYCAVNA\\\/\"],\"url\":\"https:\\\/\\\/www.2mecs.de\\\/wp\\\/author\\\/ulli\\\/\"}]}<\/script>\n<!-- \/ Yoast SEO plugin. -->","yoast_head_json":{"title":"zusammen gegen Homophobie und Rassismus - 2mecs","description":"Montag 9.6.2008 spontan Demonstration fast 3000 Transgender Lesben Schwule Queer Berlin Kreuzberg gegen trans- und homophoben Gewalt","robots":{"index":"index","follow":"follow","max-snippet":"max-snippet:-1","max-image-preview":"max-image-preview:large","max-video-preview":"max-video-preview:-1"},"canonical":"https:\/\/www.2mecs.de\/wp\/2008\/06\/zusammen-gegen-homophobie-und-rassismus\/","og_locale":"de_DE","og_type":"article","og_title":"zusammen gegen Homophobie und Rassismus - 2mecs","og_description":"Montag 9.6.2008 spontan Demonstration fast 3000 Transgender Lesben Schwule Queer Berlin Kreuzberg gegen trans- und homophoben Gewalt","og_url":"https:\/\/www.2mecs.de\/wp\/2008\/06\/zusammen-gegen-homophobie-und-rassismus\/","og_site_name":"2mecs","article_publisher":"https:\/\/www.facebook.com\/UlliWuerdemann","article_author":"https:\/\/www.facebook.com\/UlliWuerdemann","article_published_time":"2008-06-29T14:37:53+00:00","article_modified_time":"2023-06-08T08:14:44+00:00","og_image":[{"url":"https:\/\/www.2mecs.de\/wp\/wp-content\/uploads\/2017\/03\/Zusammen01.jpg","type":"","width":"","height":""}],"author":"Ulrich W\u00fcrdemann","twitter_card":"summary_large_image","twitter_creator":"@2mecs","twitter_site":"@2mecs","twitter_misc":{"Geschrieben von":"Ulrich W\u00fcrdemann","Gesch\u00e4tzte Lesezeit":"3\u00a0Minuten"},"schema":{"@context":"https:\/\/schema.org","@graph":[{"@type":"Article","@id":"https:\/\/www.2mecs.de\/wp\/2008\/06\/zusammen-gegen-homophobie-und-rassismus\/#article","isPartOf":{"@id":"https:\/\/www.2mecs.de\/wp\/2008\/06\/zusammen-gegen-homophobie-und-rassismus\/"},"author":{"name":"Ulrich W\u00fcrdemann","@id":"https:\/\/www.2mecs.de\/wp\/#\/schema\/person\/b7eefbb1df4a84f40cdff92f9e45d996"},"headline":"zusammen gegen Homophobie und Rassismus","datePublished":"2008-06-29T14:37:53+00:00","dateModified":"2023-06-08T08:14:44+00:00","mainEntityOfPage":{"@id":"https:\/\/www.2mecs.de\/wp\/2008\/06\/zusammen-gegen-homophobie-und-rassismus\/"},"wordCount":207,"commentCount":0,"publisher":{"@id":"https:\/\/www.2mecs.de\/wp\/#\/schema\/person\/b7eefbb1df4a84f40cdff92f9e45d996"},"image":{"@id":"https:\/\/www.2mecs.de\/wp\/2008\/06\/zusammen-gegen-homophobie-und-rassismus\/#primaryimage"},"thumbnailUrl":"https:\/\/www.2mecs.de\/wp\/wp-content\/uploads\/2017\/03\/Zusammen01.jpg","keywords":["Homophobie","Rassismus"],"articleSection":["Homosexualit\u00e4ten","ondamaris Texte zu HIV &amp; Aids"],"inLanguage":"de","potentialAction":[{"@type":"CommentAction","name":"Comment","target":["https:\/\/www.2mecs.de\/wp\/2008\/06\/zusammen-gegen-homophobie-und-rassismus\/#respond"]}]},{"@type":"WebPage","@id":"https:\/\/www.2mecs.de\/wp\/2008\/06\/zusammen-gegen-homophobie-und-rassismus\/","url":"https:\/\/www.2mecs.de\/wp\/2008\/06\/zusammen-gegen-homophobie-und-rassismus\/","name":"zusammen gegen Homophobie und Rassismus - 2mecs","isPartOf":{"@id":"https:\/\/www.2mecs.de\/wp\/#website"},"primaryImageOfPage":{"@id":"https:\/\/www.2mecs.de\/wp\/2008\/06\/zusammen-gegen-homophobie-und-rassismus\/#primaryimage"},"image":{"@id":"https:\/\/www.2mecs.de\/wp\/2008\/06\/zusammen-gegen-homophobie-und-rassismus\/#primaryimage"},"thumbnailUrl":"https:\/\/www.2mecs.de\/wp\/wp-content\/uploads\/2017\/03\/Zusammen01.jpg","datePublished":"2008-06-29T14:37:53+00:00","dateModified":"2023-06-08T08:14:44+00:00","description":"Montag 9.6.2008 spontan Demonstration fast 3000 Transgender Lesben Schwule Queer Berlin Kreuzberg gegen trans- und homophoben Gewalt","breadcrumb":{"@id":"https:\/\/www.2mecs.de\/wp\/2008\/06\/zusammen-gegen-homophobie-und-rassismus\/#breadcrumb"},"inLanguage":"de","potentialAction":[{"@type":"ReadAction","target":["https:\/\/www.2mecs.de\/wp\/2008\/06\/zusammen-gegen-homophobie-und-rassismus\/"]}]},{"@type":"ImageObject","inLanguage":"de","@id":"https:\/\/www.2mecs.de\/wp\/2008\/06\/zusammen-gegen-homophobie-und-rassismus\/#primaryimage","url":"https:\/\/www.2mecs.de\/wp\/wp-content\/uploads\/2017\/03\/Zusammen01.jpg","contentUrl":"https:\/\/www.2mecs.de\/wp\/wp-content\/uploads\/2017\/03\/Zusammen01.jpg"},{"@type":"BreadcrumbList","@id":"https:\/\/www.2mecs.de\/wp\/2008\/06\/zusammen-gegen-homophobie-und-rassismus\/#breadcrumb","itemListElement":[{"@type":"ListItem","position":1,"name":"2mecs","item":"https:\/\/www.2mecs.de\/wp\/"},{"@type":"ListItem","position":2,"name":"Gesundheit","item":"https:\/\/www.2mecs.de\/wp\/category\/gesundheit\/"},{"@type":"ListItem","position":3,"name":"HIV\/Aids","item":"https:\/\/www.2mecs.de\/wp\/category\/gesundheit\/hivaids\/"},{"@type":"ListItem","position":4,"name":"ondamaris Texte zu HIV &amp; Aids","item":"https:\/\/www.2mecs.de\/wp\/category\/gesundheit\/hivaids\/ondamaris\/"},{"@type":"ListItem","position":5,"name":"zusammen gegen Homophobie und Rassismus"}]},{"@type":"WebSite","@id":"https:\/\/www.2mecs.de\/wp\/#website","url":"https:\/\/www.2mecs.de\/wp\/","name":"2mecs","description":"","publisher":{"@id":"https:\/\/www.2mecs.de\/wp\/#\/schema\/person\/b7eefbb1df4a84f40cdff92f9e45d996"},"potentialAction":[{"@type":"SearchAction","target":{"@type":"EntryPoint","urlTemplate":"https:\/\/www.2mecs.de\/wp\/?s={search_term_string}"},"query-input":{"@type":"PropertyValueSpecification","valueRequired":true,"valueName":"search_term_string"}}],"inLanguage":"de"},{"@type":["Person","Organization"],"@id":"https:\/\/www.2mecs.de\/wp\/#\/schema\/person\/b7eefbb1df4a84f40cdff92f9e45d996","name":"Ulrich W\u00fcrdemann","image":{"@type":"ImageObject","inLanguage":"de","@id":"https:\/\/www.2mecs.de\/wp\/wp-content\/uploads\/2024\/09\/Ulli-2024-Kiel.jpg","url":"https:\/\/www.2mecs.de\/wp\/wp-content\/uploads\/2024\/09\/Ulli-2024-Kiel.jpg","contentUrl":"https:\/\/www.2mecs.de\/wp\/wp-content\/uploads\/2024\/09\/Ulli-2024-Kiel.jpg","width":200,"height":200,"caption":"Ulrich W\u00fcrdemann"},"logo":{"@id":"https:\/\/www.2mecs.de\/wp\/wp-content\/uploads\/2024\/09\/Ulli-2024-Kiel.jpg"},"description":"einer der beiden 2mecs. Schwulenbewegt, Aids- und Therapie-Aktivist. Von 2005 bis 2012 Herausgeber www.ondamaris.de Ulli ist Frankreich-Liebhaber &amp; Bordeaux- \/ Lacanau-Fan. Mehr unter 2mecs -&gt; Ulli -&gt; Biographisches","sameAs":["http:\/\/www.2mecs.de\/wp\/","https:\/\/www.facebook.com\/UlliWuerdemann","https:\/\/www.instagram.com\/ulli_2mecs\/","https:\/\/www.youtube.com\/channel\/UCbk075wzRnAk2_sbCYCAVNA\/"],"url":"https:\/\/www.2mecs.de\/wp\/author\/ulli\/"}]}},"modified_by":"Ulrich W\u00fcrdemann","amp_enabled":true,"_links":{"self":[{"href":"https:\/\/www.2mecs.de\/wp\/wp-json\/wp\/v2\/posts\/29891","targetHints":{"allow":["GET"]}}],"collection":[{"href":"https:\/\/www.2mecs.de\/wp\/wp-json\/wp\/v2\/posts"}],"about":[{"href":"https:\/\/www.2mecs.de\/wp\/wp-json\/wp\/v2\/types\/post"}],"author":[{"embeddable":true,"href":"https:\/\/www.2mecs.de\/wp\/wp-json\/wp\/v2\/users\/2"}],"replies":[{"embeddable":true,"href":"https:\/\/www.2mecs.de\/wp\/wp-json\/wp\/v2\/comments?post=29891"}],"version-history":[{"count":2,"href":"https:\/\/www.2mecs.de\/wp\/wp-json\/wp\/v2\/posts\/29891\/revisions"}],"predecessor-version":[{"id":65092,"href":"https:\/\/www.2mecs.de\/wp\/wp-json\/wp\/v2\/posts\/29891\/revisions\/65092"}],"wp:attachment":[{"href":"https:\/\/www.2mecs.de\/wp\/wp-json\/wp\/v2\/media?parent=29891"}],"wp:term":[{"taxonomy":"category","embeddable":true,"href":"https:\/\/www.2mecs.de\/wp\/wp-json\/wp\/v2\/categories?post=29891"},{"taxonomy":"post_tag","embeddable":true,"href":"https:\/\/www.2mecs.de\/wp\/wp-json\/wp\/v2\/tags?post=29891"}],"curies":[{"name":"wp","href":"https:\/\/api.w.org\/{rel}","templated":true}]}}