{"id":18616,"date":"2014-04-22T19:27:32","date_gmt":"2014-04-22T17:27:32","guid":{"rendered":"http:\/\/www.2mecs.de\/wp\/?p=18616"},"modified":"2025-12-25T11:57:54","modified_gmt":"2025-12-25T10:57:54","slug":"erste-homoehe-paar-beleidigt-2-monate-haft-bewaehrung","status":"publish","type":"post","link":"https:\/\/www.2mecs.de\/wp\/2014\/04\/erste-homoehe-paar-beleidigt-2-monate-haft-bewaehrung\/","title":{"rendered":"Frankreich: erste Homoehe-Trauung gest\u00f6rt &#8211; 2 Monate Haft auf Bew\u00e4hrung"},"content":{"rendered":"\n<p><strong>Am 29. Mai 2013 heirateten Vincent Autin und Bruno Boileau in Montpellier &#8211; die erste Homoehe in Frankreich, nachdem das Gesetz erst kurz zuvor in Kraft getreten war. Ein junger Mann st\u00f6rte ihre Verm\u00e4hlungs-Zeremonie vor dem Rathaus mit homophoben Parolen, Feuerwerksk\u00f6rpern und Rauchbomben, und protestierte gegen die Homoehe. Am 22. April 2014 wurde er zu einer Haftstrafe von zwei Monaten auf Bew\u00e4hrung verurteilt.<\/strong><\/p>\n\n\n\n<p>Die Homoehe wurde in Frankreich m\u00f6glich durch das &#8218;Gesetz vom 17. Mai 2013&#8216;. Durch dieses Gesetz wurde die Ehe in Frankreich auch f\u00fcr Personen gleichen Geschlechts ge\u00f6ffnet (&#8218;mariage pour tous&#8216;, Ehe f\u00fcr alle). Nach der entscheidenden Abstimmung in der franz\u00f6sischen Nationalversammlung am 23. April 2013 wurde die erste Homoehe am 29. Mai 2013 in Montpellier geschlossen &#8211; die von Vincent Autin und Bruno Boileau, bei der der Angeklagte mit homophoben Aktionen st\u00f6rte.<\/p>\n\n\n\n<figure class=\"wp-block-image alignnone\"><a href=\"http:\/\/www.2mecs.de\/wp\/wp-content\/uploads\/2014\/04\/mariage-pour-tous-Vote-20130423.jpg\" data-rel=\"lightbox-gallery-p0tHIONl\" data-rl_title=\"Justizministerin Christiane Taubira und Premierminister Jean-Marc Ayrault am 23.4.2013 in der Nationalversammlung nach der entscheidenden Abstimmung \u00fcber das Gesetz, das in Frankreich die Homoehe m\u00f6glich machte (Foto: Ericwaltr)\" data-rl_caption=\"\" title=\"Justizministerin Christiane Taubira und Premierminister Jean-Marc Ayrault am 23.4.2013 in der Nationalversammlung nach der entscheidenden Abstimmung \u00fcber das Gesetz, das in Frankreich die Homoehe m\u00f6glich machte (Foto: Ericwaltr)\"><img decoding=\"async\" width=\"560\" height=\"372\" data-src=\"http:\/\/www.2mecs.de\/wp\/wp-content\/uploads\/2014\/04\/mariage-pour-tous-Vote-20130423.jpg\" alt=\"Justizministerin Christiane Taubira und Premierminister Jean-Marc Ayrault am 23.4.2013 in der Nationalversammlung nach der entscheidenden Abstimmung \u00fcber das Gesetz, das in Frankreich die Homoehe m\u00f6glich machte (Foto: Ericwaltr)\" class=\"wp-image-18624 lazyload\" data-srcset=\"https:\/\/www.2mecs.de\/wp\/wp-content\/uploads\/2014\/04\/mariage-pour-tous-Vote-20130423.jpg 560w, https:\/\/www.2mecs.de\/wp\/wp-content\/uploads\/2014\/04\/mariage-pour-tous-Vote-20130423-300x199.jpg 300w\" data-sizes=\"(max-width: 560px) 100vw, 560px\" src=\"data:image\/svg+xml;base64,PHN2ZyB3aWR0aD0iMSIgaGVpZ2h0PSIxIiB4bWxucz0iaHR0cDovL3d3dy53My5vcmcvMjAwMC9zdmciPjwvc3ZnPg==\" style=\"--smush-placeholder-width: 560px; --smush-placeholder-aspect-ratio: 560\/372;\" \/><\/a><figcaption class=\"wp-element-caption\">Justizministerin Christiane Taubira und Premierminister Jean-Marc Ayrault am 23.4.2013 in der Nationalversammlung nach der entscheidenden Abstimmung \u00fcber das Gesetz, das in Frankreich die Homoehe m\u00f6glich machte (Foto: Ericwaltr, cc by-sa 3.0)<\/figcaption><\/figure>\n\n\n\n<p><span class=\"mw-mmv-title\"><a class=\"extiw\" title=\"fr:Christiane Taubira\" href=\"https:\/\/fr.wikipedia.org\/wiki\/Christiane_Taubira\">Christiane Taubira<\/a> et <a class=\"extiw\" title=\"fr:Jean-Marc Ayrault\" href=\"https:\/\/fr.wikipedia.org\/wiki\/Jean-Marc_Ayrault\">Jean-Marc Ayrault<\/a> apr\u00e8s le vote solennel de la loi ouvrant le mariage aux couples de personnes de m\u00eame sexe \u2013 Assembl\u00e9e nationale \u2013 <span class=\"mw-mmv-source-author\"><span class=\"mw-mmv-author\"><a class=\"mw-redirect\" title=\"User:Ericwaltr\" href=\"https:\/\/commons.wikimedia.org\/wiki\/User:Ericwaltr\">Ericwaltr<\/a><\/span> \u2013&nbsp; <a class=\"mw-mmv-license\" href=\"https:\/\/creativecommons.org\/licenses\/by-sa\/3.0\/\" target=\"_blank\" rel=\"noopener\">CC BY-SA 3.0<\/a><\/span><\/span><\/p>\n\n\n\n<!--more-->\n\n\n\n<p>Das Strafgericht in der s\u00fcdfranz\u00f6sischen Stadt folgte mit dem Strafma\u00df den Forderungen des Staatsanwalts, der zwei Monate Haftstrafe auf Bew\u00e4hrung f\u00fcr den jungen Ingenieurs-Studenten gefordert hatte. Zudem wurde er zu einem Schadenersatz in H\u00f6he von 3.900 Euro an einen der beiden Ehepartner verurteilt, sowie zur Zahlung von 1.300 Euro an das &#8218;Collectif contre l\u2019homophobie&#8216; von Montpellier und 100 Euro an den &#8218;Lesbian &amp; Gay Pride&#8216; von Montpellier.<br \/>Der Verteidiger hatte hingegen auf Freispruch pl\u00e4diert und als Argument das Recht auf freie Meinungs\u00e4u\u00dferung ins Feld gef\u00fchrt.<\/p>\n\n\n\n<p>In der m\u00fcndlichen Verhandlung, die am 4. M\u00e4rz stattfand, hatte der Angeklagte konkrete homophobe Beleidigungen geleugnet, aber best\u00e4tigt gegen die &#8218;marriage pour tous&#8216; demonstriert zu haben. Sicherheitskr\u00e4fte identifizierten ihn als Urheber der Beleidigungen (vier weitere zuvor per Internet kontaktierte Personen beteiligten sich an der &#8218;Demonstration&#8216;). Er wurde bereits kurz nach der Tat noch w\u00e4hrend der Hochzeits-Zeremonie festgenommen.<\/p>\n\n\n\n<p>Die St\u00f6rungen ihrer Hochzeits-Zeremonie blieben nicht die einzigen homophoben Attacken gegen das Paar &#8211; sie <a href=\"http:\/\/www.midilibre.fr\/2014\/02\/03\/montpellier-le-1er-marie-pour-tous-vincent-autin-menace-de-mort-sur-twitter,816990.php\" target=\"_blank\" rel=\"noopener\">erhielten<\/a> z.B. auch via Twitter Morddrohungen.<\/p>\n\n\n\n<p>Die franz\u00f6sische Justiz geht konsequent gegen Homophobie vor. Erst am 19.4.2014 wurde ein <a title=\"Bordeaux Homophobie Haft Attacke Bar\" href=\"http:\/\/www.2mecs.de\/wp\/2014\/04\/bordeaux-2-jahre-haft-homophobie-attacke-schwulenbar\/\" target=\"_blank\" rel=\"noopener\">21-J\u00e4hriger in Bordeaux wegen Angriff auf eine Schwulenbar zu zwei Monaten Haft, teils auf Bew\u00e4hrung, verurteilt<\/a>.<\/p>\n\n\n\n<p>.<\/p>\n\n\n\n<p>Liberation 22.04.2014: Deux mois avec sursis pour avoir insult\u00e9 les premiers mari\u00e9s homosexuels<br \/><a href=\"https:\/\/www.2mecs.de\/wp\/2023\/06\/illico-1988-2022\/\" target=\"_blank\" rel=\"noreferrer noopener\">e-illico<\/a> 22.04.2014: Montpellier: Deux mois avec sursis pour ses propos homophobes lors du premier mariage gay<\/p>\n\n\n\n<p>.<\/p>\n","protected":false},"excerpt":{"rendered":"<p>Am 29. Mai 2013 heirateten Vincent Autin und Bruno Boileau in Montpellier &#8211; die erste Homoehe in Frankreich, nachdem das Gesetz erst kurz zuvor in Kraft getreten war. Ein junger Mann st\u00f6rte ihre Verm\u00e4hlungs-Zeremonie vor dem Rathaus mit homophoben Parolen, Feuerwerksk\u00f6rpern und Rauchbomben, und protestierte gegen die Homoehe. Am 22. April 2014 wurde er zu [&hellip;]<\/p>\n","protected":false},"author":2,"featured_media":0,"comment_status":"open","ping_status":"open","sticky":false,"template":"","format":"standard","meta":{"_lmt_disableupdate":"","_lmt_disable":"","footnotes":""},"categories":[10,132],"tags":[141],"class_list":["post-18616","post","type-post","status-publish","format-standard","hentry","category-frankreich","category-homosexualitaeten","tag-homophobie"],"yoast_head":"<!-- This site is optimized with the Yoast SEO plugin v27.5 - https:\/\/yoast.com\/product\/yoast-seo-wordpress\/ -->\n<title>Frankreich erste Homoehe-Trauung gest\u00f6rt 2 Mo. Haft auf Bew\u00e4hrung<\/title>\n<meta name=\"description\" content=\"Frankreich: \u202aJustiz\u202c weiter gegen \u202aHomophobie\u202c junger Student, der Zeremonie erste Homoehe in Frankreich mit homophoben Aktionen st\u00f6rte verurteilt\" \/>\n<meta name=\"robots\" content=\"index, follow, max-snippet:-1, max-image-preview:large, max-video-preview:-1\" \/>\n<link rel=\"canonical\" href=\"https:\/\/www.2mecs.de\/wp\/2014\/04\/erste-homoehe-paar-beleidigt-2-monate-haft-bewaehrung\/\" \/>\n<meta property=\"og:locale\" content=\"de_DE\" \/>\n<meta property=\"og:type\" content=\"article\" \/>\n<meta property=\"og:title\" content=\"Frankreich erste Homoehe-Trauung gest\u00f6rt 2 Mo. Haft auf Bew\u00e4hrung\" \/>\n<meta property=\"og:description\" content=\"Frankreich: \u202aJustiz\u202c weiter gegen \u202aHomophobie\u202c junger Student, der Zeremonie erste Homoehe in Frankreich mit homophoben Aktionen st\u00f6rte verurteilt\" \/>\n<meta property=\"og:url\" content=\"https:\/\/www.2mecs.de\/wp\/2014\/04\/erste-homoehe-paar-beleidigt-2-monate-haft-bewaehrung\/\" \/>\n<meta property=\"og:site_name\" content=\"2mecs\" \/>\n<meta property=\"article:publisher\" content=\"https:\/\/www.facebook.com\/UlliWuerdemann\" \/>\n<meta property=\"article:author\" content=\"https:\/\/www.facebook.com\/UlliWuerdemann\" \/>\n<meta property=\"article:published_time\" content=\"2014-04-22T17:27:32+00:00\" \/>\n<meta property=\"article:modified_time\" content=\"2025-12-25T10:57:54+00:00\" \/>\n<meta property=\"og:image\" content=\"https:\/\/www.2mecs.de\/wp\/wp-content\/uploads\/2014\/04\/mariage-pour-tous-Vote-20130423.jpg\" \/>\n\t<meta property=\"og:image:width\" content=\"560\" \/>\n\t<meta property=\"og:image:height\" content=\"372\" \/>\n\t<meta property=\"og:image:type\" content=\"image\/jpeg\" \/>\n<meta name=\"author\" content=\"Ulrich W\u00fcrdemann\" \/>\n<meta name=\"twitter:card\" content=\"summary_large_image\" \/>\n<meta name=\"twitter:creator\" content=\"@2mecs\" \/>\n<meta name=\"twitter:site\" content=\"@2mecs\" \/>\n<meta name=\"twitter:label1\" content=\"Geschrieben von\" \/>\n\t<meta name=\"twitter:data1\" content=\"Ulrich W\u00fcrdemann\" \/>\n\t<meta name=\"twitter:label2\" content=\"Gesch\u00e4tzte Lesezeit\" \/>\n\t<meta name=\"twitter:data2\" content=\"3\u00a0Minuten\" \/>\n<script type=\"application\/ld+json\" class=\"yoast-schema-graph\">{\"@context\":\"https:\\\/\\\/schema.org\",\"@graph\":[{\"@type\":\"Article\",\"@id\":\"https:\\\/\\\/www.2mecs.de\\\/wp\\\/2014\\\/04\\\/erste-homoehe-paar-beleidigt-2-monate-haft-bewaehrung\\\/#article\",\"isPartOf\":{\"@id\":\"https:\\\/\\\/www.2mecs.de\\\/wp\\\/2014\\\/04\\\/erste-homoehe-paar-beleidigt-2-monate-haft-bewaehrung\\\/\"},\"author\":{\"name\":\"Ulrich W\u00fcrdemann\",\"@id\":\"https:\\\/\\\/www.2mecs.de\\\/wp\\\/#\\\/schema\\\/person\\\/b7eefbb1df4a84f40cdff92f9e45d996\"},\"headline\":\"Frankreich: erste Homoehe-Trauung gest\u00f6rt &#8211; 2 Monate Haft auf Bew\u00e4hrung\",\"datePublished\":\"2014-04-22T17:27:32+00:00\",\"dateModified\":\"2025-12-25T10:57:54+00:00\",\"mainEntityOfPage\":{\"@id\":\"https:\\\/\\\/www.2mecs.de\\\/wp\\\/2014\\\/04\\\/erste-homoehe-paar-beleidigt-2-monate-haft-bewaehrung\\\/\"},\"wordCount\":442,\"commentCount\":5,\"publisher\":{\"@id\":\"https:\\\/\\\/www.2mecs.de\\\/wp\\\/#\\\/schema\\\/person\\\/b7eefbb1df4a84f40cdff92f9e45d996\"},\"image\":{\"@id\":\"https:\\\/\\\/www.2mecs.de\\\/wp\\\/2014\\\/04\\\/erste-homoehe-paar-beleidigt-2-monate-haft-bewaehrung\\\/#primaryimage\"},\"thumbnailUrl\":\"http:\\\/\\\/www.2mecs.de\\\/wp\\\/wp-content\\\/uploads\\\/2014\\\/04\\\/mariage-pour-tous-Vote-20130423.jpg\",\"keywords\":[\"Homophobie\"],\"articleSection\":[\"Frankreich\",\"Homosexualit\u00e4ten\"],\"inLanguage\":\"de\",\"potentialAction\":[{\"@type\":\"CommentAction\",\"name\":\"Comment\",\"target\":[\"https:\\\/\\\/www.2mecs.de\\\/wp\\\/2014\\\/04\\\/erste-homoehe-paar-beleidigt-2-monate-haft-bewaehrung\\\/#respond\"]}]},{\"@type\":\"WebPage\",\"@id\":\"https:\\\/\\\/www.2mecs.de\\\/wp\\\/2014\\\/04\\\/erste-homoehe-paar-beleidigt-2-monate-haft-bewaehrung\\\/\",\"url\":\"https:\\\/\\\/www.2mecs.de\\\/wp\\\/2014\\\/04\\\/erste-homoehe-paar-beleidigt-2-monate-haft-bewaehrung\\\/\",\"name\":\"Frankreich erste Homoehe-Trauung gest\u00f6rt 2 Mo. Haft auf Bew\u00e4hrung\",\"isPartOf\":{\"@id\":\"https:\\\/\\\/www.2mecs.de\\\/wp\\\/#website\"},\"primaryImageOfPage\":{\"@id\":\"https:\\\/\\\/www.2mecs.de\\\/wp\\\/2014\\\/04\\\/erste-homoehe-paar-beleidigt-2-monate-haft-bewaehrung\\\/#primaryimage\"},\"image\":{\"@id\":\"https:\\\/\\\/www.2mecs.de\\\/wp\\\/2014\\\/04\\\/erste-homoehe-paar-beleidigt-2-monate-haft-bewaehrung\\\/#primaryimage\"},\"thumbnailUrl\":\"http:\\\/\\\/www.2mecs.de\\\/wp\\\/wp-content\\\/uploads\\\/2014\\\/04\\\/mariage-pour-tous-Vote-20130423.jpg\",\"datePublished\":\"2014-04-22T17:27:32+00:00\",\"dateModified\":\"2025-12-25T10:57:54+00:00\",\"description\":\"Frankreich: \u202aJustiz\u202c weiter gegen \u202aHomophobie\u202c junger Student, der Zeremonie erste Homoehe in Frankreich mit homophoben Aktionen st\u00f6rte verurteilt\",\"breadcrumb\":{\"@id\":\"https:\\\/\\\/www.2mecs.de\\\/wp\\\/2014\\\/04\\\/erste-homoehe-paar-beleidigt-2-monate-haft-bewaehrung\\\/#breadcrumb\"},\"inLanguage\":\"de\",\"potentialAction\":[{\"@type\":\"ReadAction\",\"target\":[\"https:\\\/\\\/www.2mecs.de\\\/wp\\\/2014\\\/04\\\/erste-homoehe-paar-beleidigt-2-monate-haft-bewaehrung\\\/\"]}]},{\"@type\":\"ImageObject\",\"inLanguage\":\"de\",\"@id\":\"https:\\\/\\\/www.2mecs.de\\\/wp\\\/2014\\\/04\\\/erste-homoehe-paar-beleidigt-2-monate-haft-bewaehrung\\\/#primaryimage\",\"url\":\"https:\\\/\\\/www.2mecs.de\\\/wp\\\/wp-content\\\/uploads\\\/2014\\\/04\\\/mariage-pour-tous-Vote-20130423.jpg\",\"contentUrl\":\"https:\\\/\\\/www.2mecs.de\\\/wp\\\/wp-content\\\/uploads\\\/2014\\\/04\\\/mariage-pour-tous-Vote-20130423.jpg\",\"width\":560,\"height\":372,\"caption\":\"Justizministerin Christiane Taubira und Premierminister Jean-Marc Ayrault am 23.4.2013 in der Nationalversammlung nach der entscheidenden Abstimmung \u00fcber das Gesetz, das in Frankreich die Homoehe m\u00f6glich machte (Foto: Ericwaltr)\"},{\"@type\":\"BreadcrumbList\",\"@id\":\"https:\\\/\\\/www.2mecs.de\\\/wp\\\/2014\\\/04\\\/erste-homoehe-paar-beleidigt-2-monate-haft-bewaehrung\\\/#breadcrumb\",\"itemListElement\":[{\"@type\":\"ListItem\",\"position\":1,\"name\":\"2mecs\",\"item\":\"https:\\\/\\\/www.2mecs.de\\\/wp\\\/\"},{\"@type\":\"ListItem\",\"position\":2,\"name\":\"Frankreich\",\"item\":\"https:\\\/\\\/www.2mecs.de\\\/wp\\\/category\\\/frankreich\\\/\"},{\"@type\":\"ListItem\",\"position\":3,\"name\":\"Frankreich: erste Homoehe-Trauung gest\u00f6rt &#8211; 2 Monate Haft auf Bew\u00e4hrung\"}]},{\"@type\":\"WebSite\",\"@id\":\"https:\\\/\\\/www.2mecs.de\\\/wp\\\/#website\",\"url\":\"https:\\\/\\\/www.2mecs.de\\\/wp\\\/\",\"name\":\"2mecs\",\"description\":\"\",\"publisher\":{\"@id\":\"https:\\\/\\\/www.2mecs.de\\\/wp\\\/#\\\/schema\\\/person\\\/b7eefbb1df4a84f40cdff92f9e45d996\"},\"potentialAction\":[{\"@type\":\"SearchAction\",\"target\":{\"@type\":\"EntryPoint\",\"urlTemplate\":\"https:\\\/\\\/www.2mecs.de\\\/wp\\\/?s={search_term_string}\"},\"query-input\":{\"@type\":\"PropertyValueSpecification\",\"valueRequired\":true,\"valueName\":\"search_term_string\"}}],\"inLanguage\":\"de\"},{\"@type\":[\"Person\",\"Organization\"],\"@id\":\"https:\\\/\\\/www.2mecs.de\\\/wp\\\/#\\\/schema\\\/person\\\/b7eefbb1df4a84f40cdff92f9e45d996\",\"name\":\"Ulrich W\u00fcrdemann\",\"image\":{\"@type\":\"ImageObject\",\"inLanguage\":\"de\",\"@id\":\"https:\\\/\\\/www.2mecs.de\\\/wp\\\/wp-content\\\/uploads\\\/2024\\\/09\\\/Ulli-2024-Kiel.jpg\",\"url\":\"https:\\\/\\\/www.2mecs.de\\\/wp\\\/wp-content\\\/uploads\\\/2024\\\/09\\\/Ulli-2024-Kiel.jpg\",\"contentUrl\":\"https:\\\/\\\/www.2mecs.de\\\/wp\\\/wp-content\\\/uploads\\\/2024\\\/09\\\/Ulli-2024-Kiel.jpg\",\"width\":200,\"height\":200,\"caption\":\"Ulrich W\u00fcrdemann\"},\"logo\":{\"@id\":\"https:\\\/\\\/www.2mecs.de\\\/wp\\\/wp-content\\\/uploads\\\/2024\\\/09\\\/Ulli-2024-Kiel.jpg\"},\"description\":\"einer der beiden 2mecs. Schwulenbewegt, Aids- und Therapie-Aktivist. Von 2005 bis 2012 Herausgeber www.ondamaris.de Ulli ist Frankreich-Liebhaber &amp; Bordeaux- \\\/ Lacanau-Fan. Mehr unter 2mecs -&gt; Ulli -&gt; Biographisches\",\"sameAs\":[\"http:\\\/\\\/www.2mecs.de\\\/wp\\\/\",\"https:\\\/\\\/www.facebook.com\\\/UlliWuerdemann\",\"https:\\\/\\\/www.instagram.com\\\/ulli_2mecs\\\/\",\"https:\\\/\\\/www.youtube.com\\\/channel\\\/UCbk075wzRnAk2_sbCYCAVNA\\\/\"],\"url\":\"https:\\\/\\\/www.2mecs.de\\\/wp\\\/author\\\/ulli\\\/\"}]}<\/script>\n<!-- \/ Yoast SEO plugin. -->","yoast_head_json":{"title":"Frankreich erste Homoehe-Trauung gest\u00f6rt 2 Mo. Haft auf Bew\u00e4hrung","description":"Frankreich: \u202aJustiz\u202c weiter gegen \u202aHomophobie\u202c junger Student, der Zeremonie erste Homoehe in Frankreich mit homophoben Aktionen st\u00f6rte verurteilt","robots":{"index":"index","follow":"follow","max-snippet":"max-snippet:-1","max-image-preview":"max-image-preview:large","max-video-preview":"max-video-preview:-1"},"canonical":"https:\/\/www.2mecs.de\/wp\/2014\/04\/erste-homoehe-paar-beleidigt-2-monate-haft-bewaehrung\/","og_locale":"de_DE","og_type":"article","og_title":"Frankreich erste Homoehe-Trauung gest\u00f6rt 2 Mo. Haft auf Bew\u00e4hrung","og_description":"Frankreich: \u202aJustiz\u202c weiter gegen \u202aHomophobie\u202c junger Student, der Zeremonie erste Homoehe in Frankreich mit homophoben Aktionen st\u00f6rte verurteilt","og_url":"https:\/\/www.2mecs.de\/wp\/2014\/04\/erste-homoehe-paar-beleidigt-2-monate-haft-bewaehrung\/","og_site_name":"2mecs","article_publisher":"https:\/\/www.facebook.com\/UlliWuerdemann","article_author":"https:\/\/www.facebook.com\/UlliWuerdemann","article_published_time":"2014-04-22T17:27:32+00:00","article_modified_time":"2025-12-25T10:57:54+00:00","og_image":[{"width":560,"height":372,"url":"https:\/\/www.2mecs.de\/wp\/wp-content\/uploads\/2014\/04\/mariage-pour-tous-Vote-20130423.jpg","type":"image\/jpeg"}],"author":"Ulrich W\u00fcrdemann","twitter_card":"summary_large_image","twitter_creator":"@2mecs","twitter_site":"@2mecs","twitter_misc":{"Geschrieben von":"Ulrich W\u00fcrdemann","Gesch\u00e4tzte Lesezeit":"3\u00a0Minuten"},"schema":{"@context":"https:\/\/schema.org","@graph":[{"@type":"Article","@id":"https:\/\/www.2mecs.de\/wp\/2014\/04\/erste-homoehe-paar-beleidigt-2-monate-haft-bewaehrung\/#article","isPartOf":{"@id":"https:\/\/www.2mecs.de\/wp\/2014\/04\/erste-homoehe-paar-beleidigt-2-monate-haft-bewaehrung\/"},"author":{"name":"Ulrich W\u00fcrdemann","@id":"https:\/\/www.2mecs.de\/wp\/#\/schema\/person\/b7eefbb1df4a84f40cdff92f9e45d996"},"headline":"Frankreich: erste Homoehe-Trauung gest\u00f6rt &#8211; 2 Monate Haft auf Bew\u00e4hrung","datePublished":"2014-04-22T17:27:32+00:00","dateModified":"2025-12-25T10:57:54+00:00","mainEntityOfPage":{"@id":"https:\/\/www.2mecs.de\/wp\/2014\/04\/erste-homoehe-paar-beleidigt-2-monate-haft-bewaehrung\/"},"wordCount":442,"commentCount":5,"publisher":{"@id":"https:\/\/www.2mecs.de\/wp\/#\/schema\/person\/b7eefbb1df4a84f40cdff92f9e45d996"},"image":{"@id":"https:\/\/www.2mecs.de\/wp\/2014\/04\/erste-homoehe-paar-beleidigt-2-monate-haft-bewaehrung\/#primaryimage"},"thumbnailUrl":"http:\/\/www.2mecs.de\/wp\/wp-content\/uploads\/2014\/04\/mariage-pour-tous-Vote-20130423.jpg","keywords":["Homophobie"],"articleSection":["Frankreich","Homosexualit\u00e4ten"],"inLanguage":"de","potentialAction":[{"@type":"CommentAction","name":"Comment","target":["https:\/\/www.2mecs.de\/wp\/2014\/04\/erste-homoehe-paar-beleidigt-2-monate-haft-bewaehrung\/#respond"]}]},{"@type":"WebPage","@id":"https:\/\/www.2mecs.de\/wp\/2014\/04\/erste-homoehe-paar-beleidigt-2-monate-haft-bewaehrung\/","url":"https:\/\/www.2mecs.de\/wp\/2014\/04\/erste-homoehe-paar-beleidigt-2-monate-haft-bewaehrung\/","name":"Frankreich erste Homoehe-Trauung gest\u00f6rt 2 Mo. Haft auf Bew\u00e4hrung","isPartOf":{"@id":"https:\/\/www.2mecs.de\/wp\/#website"},"primaryImageOfPage":{"@id":"https:\/\/www.2mecs.de\/wp\/2014\/04\/erste-homoehe-paar-beleidigt-2-monate-haft-bewaehrung\/#primaryimage"},"image":{"@id":"https:\/\/www.2mecs.de\/wp\/2014\/04\/erste-homoehe-paar-beleidigt-2-monate-haft-bewaehrung\/#primaryimage"},"thumbnailUrl":"http:\/\/www.2mecs.de\/wp\/wp-content\/uploads\/2014\/04\/mariage-pour-tous-Vote-20130423.jpg","datePublished":"2014-04-22T17:27:32+00:00","dateModified":"2025-12-25T10:57:54+00:00","description":"Frankreich: \u202aJustiz\u202c weiter gegen \u202aHomophobie\u202c junger Student, der Zeremonie erste Homoehe in Frankreich mit homophoben Aktionen st\u00f6rte verurteilt","breadcrumb":{"@id":"https:\/\/www.2mecs.de\/wp\/2014\/04\/erste-homoehe-paar-beleidigt-2-monate-haft-bewaehrung\/#breadcrumb"},"inLanguage":"de","potentialAction":[{"@type":"ReadAction","target":["https:\/\/www.2mecs.de\/wp\/2014\/04\/erste-homoehe-paar-beleidigt-2-monate-haft-bewaehrung\/"]}]},{"@type":"ImageObject","inLanguage":"de","@id":"https:\/\/www.2mecs.de\/wp\/2014\/04\/erste-homoehe-paar-beleidigt-2-monate-haft-bewaehrung\/#primaryimage","url":"https:\/\/www.2mecs.de\/wp\/wp-content\/uploads\/2014\/04\/mariage-pour-tous-Vote-20130423.jpg","contentUrl":"https:\/\/www.2mecs.de\/wp\/wp-content\/uploads\/2014\/04\/mariage-pour-tous-Vote-20130423.jpg","width":560,"height":372,"caption":"Justizministerin Christiane Taubira und Premierminister Jean-Marc Ayrault am 23.4.2013 in der Nationalversammlung nach der entscheidenden Abstimmung \u00fcber das Gesetz, das in Frankreich die Homoehe m\u00f6glich machte (Foto: Ericwaltr)"},{"@type":"BreadcrumbList","@id":"https:\/\/www.2mecs.de\/wp\/2014\/04\/erste-homoehe-paar-beleidigt-2-monate-haft-bewaehrung\/#breadcrumb","itemListElement":[{"@type":"ListItem","position":1,"name":"2mecs","item":"https:\/\/www.2mecs.de\/wp\/"},{"@type":"ListItem","position":2,"name":"Frankreich","item":"https:\/\/www.2mecs.de\/wp\/category\/frankreich\/"},{"@type":"ListItem","position":3,"name":"Frankreich: erste Homoehe-Trauung gest\u00f6rt &#8211; 2 Monate Haft auf Bew\u00e4hrung"}]},{"@type":"WebSite","@id":"https:\/\/www.2mecs.de\/wp\/#website","url":"https:\/\/www.2mecs.de\/wp\/","name":"2mecs","description":"","publisher":{"@id":"https:\/\/www.2mecs.de\/wp\/#\/schema\/person\/b7eefbb1df4a84f40cdff92f9e45d996"},"potentialAction":[{"@type":"SearchAction","target":{"@type":"EntryPoint","urlTemplate":"https:\/\/www.2mecs.de\/wp\/?s={search_term_string}"},"query-input":{"@type":"PropertyValueSpecification","valueRequired":true,"valueName":"search_term_string"}}],"inLanguage":"de"},{"@type":["Person","Organization"],"@id":"https:\/\/www.2mecs.de\/wp\/#\/schema\/person\/b7eefbb1df4a84f40cdff92f9e45d996","name":"Ulrich W\u00fcrdemann","image":{"@type":"ImageObject","inLanguage":"de","@id":"https:\/\/www.2mecs.de\/wp\/wp-content\/uploads\/2024\/09\/Ulli-2024-Kiel.jpg","url":"https:\/\/www.2mecs.de\/wp\/wp-content\/uploads\/2024\/09\/Ulli-2024-Kiel.jpg","contentUrl":"https:\/\/www.2mecs.de\/wp\/wp-content\/uploads\/2024\/09\/Ulli-2024-Kiel.jpg","width":200,"height":200,"caption":"Ulrich W\u00fcrdemann"},"logo":{"@id":"https:\/\/www.2mecs.de\/wp\/wp-content\/uploads\/2024\/09\/Ulli-2024-Kiel.jpg"},"description":"einer der beiden 2mecs. Schwulenbewegt, Aids- und Therapie-Aktivist. Von 2005 bis 2012 Herausgeber www.ondamaris.de Ulli ist Frankreich-Liebhaber &amp; Bordeaux- \/ Lacanau-Fan. Mehr unter 2mecs -&gt; Ulli -&gt; Biographisches","sameAs":["http:\/\/www.2mecs.de\/wp\/","https:\/\/www.facebook.com\/UlliWuerdemann","https:\/\/www.instagram.com\/ulli_2mecs\/","https:\/\/www.youtube.com\/channel\/UCbk075wzRnAk2_sbCYCAVNA\/"],"url":"https:\/\/www.2mecs.de\/wp\/author\/ulli\/"}]}},"modified_by":"Ulrich W\u00fcrdemann","amp_enabled":true,"_links":{"self":[{"href":"https:\/\/www.2mecs.de\/wp\/wp-json\/wp\/v2\/posts\/18616","targetHints":{"allow":["GET"]}}],"collection":[{"href":"https:\/\/www.2mecs.de\/wp\/wp-json\/wp\/v2\/posts"}],"about":[{"href":"https:\/\/www.2mecs.de\/wp\/wp-json\/wp\/v2\/types\/post"}],"author":[{"embeddable":true,"href":"https:\/\/www.2mecs.de\/wp\/wp-json\/wp\/v2\/users\/2"}],"replies":[{"embeddable":true,"href":"https:\/\/www.2mecs.de\/wp\/wp-json\/wp\/v2\/comments?post=18616"}],"version-history":[{"count":5,"href":"https:\/\/www.2mecs.de\/wp\/wp-json\/wp\/v2\/posts\/18616\/revisions"}],"predecessor-version":[{"id":73772,"href":"https:\/\/www.2mecs.de\/wp\/wp-json\/wp\/v2\/posts\/18616\/revisions\/73772"}],"wp:attachment":[{"href":"https:\/\/www.2mecs.de\/wp\/wp-json\/wp\/v2\/media?parent=18616"}],"wp:term":[{"taxonomy":"category","embeddable":true,"href":"https:\/\/www.2mecs.de\/wp\/wp-json\/wp\/v2\/categories?post=18616"},{"taxonomy":"post_tag","embeddable":true,"href":"https:\/\/www.2mecs.de\/wp\/wp-json\/wp\/v2\/tags?post=18616"}],"curies":[{"name":"wp","href":"https:\/\/api.w.org\/{rel}","templated":true}]}}