{"id":1625,"date":"2010-03-05T08:51:09","date_gmt":"2010-03-05T07:51:09","guid":{"rendered":"http:\/\/www.2mecs.de\/wp\/?p=1625"},"modified":"2023-02-24T12:34:36","modified_gmt":"2023-02-24T11:34:36","slug":"ghostwriter-auf-usedom","status":"publish","type":"post","link":"https:\/\/www.2mecs.de\/wp\/2010\/03\/ghostwriter-auf-usedom\/","title":{"rendered":"Ghostwriter auf Usedom (Polanski 2009)"},"content":{"rendered":"\n<p><strong>The Ghostwriter. Strand, Sand, See \u2013 viel Weite hat dieser Strand auf Usedom zu bieten. Und eine Attraktion, seit 2009: Roman Polanskis Film \u201cThe Ghostwriter\u201d wurde gro\u00dfenteils hier gedreht, im Fr\u00fchjahr 2009.<\/strong><\/p>\n\n\n\n<figure class=\"wp-block-image alignnone\"><a href=\"http:\/\/www.2mecs.de\/wp\/wp-content\/uploads\/2010\/03\/Peenem\u00fcnderHaaken.jpg\" data-rel=\"lightbox-gallery-HLhx72rk\" data-rl_title=\"Peenem\u00fcnder Haaken\" data-rl_caption=\"\" title=\"Peenem\u00fcnder Haaken\"><img decoding=\"async\" width=\"560\" height=\"377\" data-src=\"http:\/\/www.2mecs.de\/wp\/wp-content\/uploads\/2010\/03\/Peenem\u00fcnderHaaken.jpg\" alt=\"Peenem\u00fcnder Haaken, Drehort Ghostwriter\" class=\"wp-image-1627 lazyload\" data-srcset=\"https:\/\/www.2mecs.de\/wp\/wp-content\/uploads\/2010\/03\/Peenem\u00fcnderHaaken.jpg 560w, https:\/\/www.2mecs.de\/wp\/wp-content\/uploads\/2010\/03\/Peenem\u00fcnderHaaken-300x201.jpg 300w\" data-sizes=\"(max-width: 560px) 100vw, 560px\" src=\"data:image\/svg+xml;base64,PHN2ZyB3aWR0aD0iMSIgaGVpZ2h0PSIxIiB4bWxucz0iaHR0cDovL3d3dy53My5vcmcvMjAwMC9zdmciPjwvc3ZnPg==\" style=\"--smush-placeholder-width: 560px; --smush-placeholder-aspect-ratio: 560\/377;\" \/><\/a><figcaption>Peenem\u00fcnder Haaken<\/figcaption><\/figure>\n\n\n\n<p>Fr\u00fchjahr 2009. <strong>Roman Polanski<\/strong> dreht Ende M\u00e4rz die Au\u00dfenaufnahmen f\u00fcr seinen Film \u201c<strong>The Ghostwriter<\/strong>\u201d. <em>Martha\u2019s Vineyard<\/em>, die Insel mit dem Feriendomizil des ehemaligen britischen (Film-) Premierministers <strong>Adam Lang&nbsp; (<\/strong><em><strong>Pierce Brosnan<\/strong><\/em><strong>)<\/strong>, wurde nicht in den USA gedreht, sondern \u2013 vor allem auf <strong>Usedom<\/strong>.<\/p>\n\n\n\n<!--more-->\n\n\n\n<p>Polanski wollte &#8218;The Ghostriter&#8216; nicht am Original-Ort drehen, da ihm in den USA immer noch die Festnahme drohte, wegen eines alten Verfahrens aus den 1970er Jahren. Zudem sprachen Kostengr\u00fcnde f\u00fcr die Dreharbeiten u.a. an Ost- und Nordsee.<\/p>\n\n\n\n<p><strong>Uraufgef\u00fchrt <\/strong>wurde &#8218;The Ghostwriter&#8216; am <strong>12. Februar 201<\/strong>0 auf den internationalen Filmfestspielen <strong>Berlinale<\/strong> in Berlin. Regisseur Roman Polanski erhielt bei der Berlinale 2010 f\u00fcr \u201cThe Ghostwriter\u201d den <strong>silbernen B\u00e4ren.<\/strong><\/p>\n\n\n\n<h2 class=\"wp-block-heading\">The Ghostwriter &#8211; Drehort Usedom<\/h2>\n\n\n\n<p>Modern, schiefergedeckt, Blick direkt auf\u2019s Meer, Tennisplatz \u2013 die beeindruckende Villa des Politikers Adam Lang, errichtet im typisch amerikanischen Stil &#8211; sie stand in der N\u00e4he des Flugplatzes Peenem\u00fcnde auf Usedom.<\/p>\n\n\n\n<p>Alle Kulissen sind (entgegen anderen im Internet zu findenden Berichten) nach den Dreharbeiten l\u00e4ngst wieder abgebaut. Der Peenem\u00fcnder Haaken ist Naturschutz-Gebiet.<\/p>\n\n\n\n<p>Zahlreiche Usedomer wirkten an den Dreharbeiten mit, als Statisten (z.B. die Demonstranten), Klein-Darsteller oder Licht-Double. Das r\u00fchrige Insel-Kino \u2018Club-Kino\u2019 Zinnowitz zeigte den Film zum Deutschland-Start, mit Premieren-Party und Komparsen-Berichten.<\/p>\n\n\n\n<h2 class=\"wp-block-heading\">The Ghostwriter &#8211; weitere Drehorte<\/h2>\n\n\n\n<p>weitere Drehorte des Ghostwriter:<\/p>\n\n\n\n<h3 class=\"wp-block-heading\">Sylt<\/h3>\n\n\n\n<p>Als <strong>F\u00e4hrschiff<\/strong> verwendete Polanski die damals auf der Linie List &#8211; R\u00f8m\u00f8 verkehrende <em>MS SyltExpress<\/em>.<\/p>\n\n\n\n<figure class=\"wp-block-image alignnone\"><a href=\"https:\/\/www.2mecs.de\/wp\/wp-content\/uploads\/2010\/03\/MS-Syltexpress-Ladeflaeche.jpg\" data-rel=\"lightbox-gallery-HLhx72rk\" data-rl_title=\"MS Syltexpress Ladefl\u00e4che\" data-rl_caption=\"\" title=\"MS Syltexpress Ladefl\u00e4che\"><img decoding=\"async\" width=\"1037\" height=\"778\" data-src=\"https:\/\/www.2mecs.de\/wp\/wp-content\/uploads\/2010\/03\/MS-Syltexpress-Ladeflaeche.jpg\" alt=\"MS Syltexpress Ladefl\u00e4che - Drehort Ghostwriter\" class=\"wp-image-33454 lazyload\" data-srcset=\"https:\/\/www.2mecs.de\/wp\/wp-content\/uploads\/2010\/03\/MS-Syltexpress-Ladeflaeche.jpg 1037w, https:\/\/www.2mecs.de\/wp\/wp-content\/uploads\/2010\/03\/MS-Syltexpress-Ladeflaeche-300x225.jpg 300w, https:\/\/www.2mecs.de\/wp\/wp-content\/uploads\/2010\/03\/MS-Syltexpress-Ladeflaeche-768x576.jpg 768w, https:\/\/www.2mecs.de\/wp\/wp-content\/uploads\/2010\/03\/MS-Syltexpress-Ladeflaeche-1024x768.jpg 1024w\" data-sizes=\"(max-width: 1037px) 100vw, 1037px\" src=\"data:image\/svg+xml;base64,PHN2ZyB3aWR0aD0iMSIgaGVpZ2h0PSIxIiB4bWxucz0iaHR0cDovL3d3dy53My5vcmcvMjAwMC9zdmciPjwvc3ZnPg==\" style=\"--smush-placeholder-width: 1037px; --smush-placeholder-aspect-ratio: 1037\/778;\" \/><\/a><figcaption>MS SyltExpress Ladefl\u00e4che<\/figcaption><\/figure>\n\n\n\n<p>Das Hotel, in das der Hauptdarsteller eincheckt auf der Insel (bevor er in das Strandhaus umzieht) wurde in Munkmarsch gedreht:<\/p>\n\n\n\n<figure class=\"wp-block-image size-large\"><a href=\"https:\/\/www.2mecs.de\/wp\/wp-content\/uploads\/2022\/07\/IMG_20220707_154909-1-scaled.jpg\" data-rel=\"lightbox-gallery-HLhx72rk\" data-rl_title=\"IMG_20220707_154909-1\" data-rl_caption=\"\" title=\"IMG_20220707_154909-1\"><img decoding=\"async\" width=\"1024\" height=\"461\" data-src=\"https:\/\/www.2mecs.de\/wp\/wp-content\/uploads\/2022\/07\/IMG_20220707_154909-1-1024x461.jpg\" alt=\"\" class=\"wp-image-59146 lazyload\" data-srcset=\"https:\/\/www.2mecs.de\/wp\/wp-content\/uploads\/2022\/07\/IMG_20220707_154909-1-1024x461.jpg 1024w, https:\/\/www.2mecs.de\/wp\/wp-content\/uploads\/2022\/07\/IMG_20220707_154909-1-300x135.jpg 300w, https:\/\/www.2mecs.de\/wp\/wp-content\/uploads\/2022\/07\/IMG_20220707_154909-1-768x346.jpg 768w, https:\/\/www.2mecs.de\/wp\/wp-content\/uploads\/2022\/07\/IMG_20220707_154909-1-1536x691.jpg 1536w, https:\/\/www.2mecs.de\/wp\/wp-content\/uploads\/2022\/07\/IMG_20220707_154909-1-scaled.jpg 2048w, https:\/\/www.2mecs.de\/wp\/wp-content\/uploads\/2022\/07\/IMG_20220707_154909-1-1200x540.jpg 1200w, https:\/\/www.2mecs.de\/wp\/wp-content\/uploads\/2022\/07\/IMG_20220707_154909-1-1980x891.jpg 1980w\" data-sizes=\"(max-width: 1024px) 100vw, 1024px\" src=\"data:image\/svg+xml;base64,PHN2ZyB3aWR0aD0iMSIgaGVpZ2h0PSIxIiB4bWxucz0iaHR0cDovL3d3dy53My5vcmcvMjAwMC9zdmciPjwvc3ZnPg==\" style=\"--smush-placeholder-width: 1024px; --smush-placeholder-aspect-ratio: 1024\/461;\" \/><\/a><figcaption>Drehort f\u00fcr den Ghostwriter: das heutige F\u00e4hrhaus Sylt in Munkmarsch<\/figcaption><\/figure>\n\n\n\n<p>Die Szene, in der Hauptdarsteller <em>Ewan McGregor<\/em> durch str\u00f6menden Regen auf einer Landstra\u00dfe radelt, entstand am <strong><a href=\"https:\/\/de.wikipedia.org\/wiki\/Ellenbogen_(Sylt)\" target=\"_blank\" rel=\"noreferrer noopener\">Ellenbogen<\/a><\/strong> ganz im Norden Sylts.<\/p>\n\n\n\n<h3 class=\"wp-block-heading\">R\u00f8m\u00f8<\/h3>\n\n\n\n<p>Szenen des F\u00e4hranlegers entstanden am Zielhafen der Linie List &#8211; R\u00f8m\u00f8.<\/p>\n\n\n\n<figure class=\"wp-block-image alignnone\"><a href=\"https:\/\/www.2mecs.de\/wp\/wp-content\/uploads\/2010\/03\/Faehranleger-Romo-1.jpg\" data-rel=\"lightbox-gallery-HLhx72rk\" data-rl_title=\"F\u00e4hranleger Romo\" data-rl_caption=\"\" title=\"F\u00e4hranleger Romo\"><img decoding=\"async\" width=\"1037\" height=\"778\" data-src=\"https:\/\/www.2mecs.de\/wp\/wp-content\/uploads\/2010\/03\/Faehranleger-Romo-1.jpg\" alt=\"F\u00e4hranleger Romo\" class=\"wp-image-33456 lazyload\" data-srcset=\"https:\/\/www.2mecs.de\/wp\/wp-content\/uploads\/2010\/03\/Faehranleger-Romo-1.jpg 1037w, https:\/\/www.2mecs.de\/wp\/wp-content\/uploads\/2010\/03\/Faehranleger-Romo-1-300x225.jpg 300w, https:\/\/www.2mecs.de\/wp\/wp-content\/uploads\/2010\/03\/Faehranleger-Romo-1-768x576.jpg 768w, https:\/\/www.2mecs.de\/wp\/wp-content\/uploads\/2010\/03\/Faehranleger-Romo-1-1024x768.jpg 1024w\" data-sizes=\"(max-width: 1037px) 100vw, 1037px\" src=\"data:image\/svg+xml;base64,PHN2ZyB3aWR0aD0iMSIgaGVpZ2h0PSIxIiB4bWxucz0iaHR0cDovL3d3dy53My5vcmcvMjAwMC9zdmciPjwvc3ZnPg==\" style=\"--smush-placeholder-width: 1037px; --smush-placeholder-aspect-ratio: 1037\/778;\" \/><\/a><figcaption>F\u00e4hranleger Romo<\/figcaption><\/figure>\n\n\n\n<figure class=\"wp-block-image alignnone\"><a href=\"https:\/\/www.2mecs.de\/wp\/wp-content\/uploads\/2010\/03\/Faehranleger-Romo-2-MS-Syltexpress-beim-Anlegen.jpg\" data-rel=\"lightbox-gallery-HLhx72rk\" data-rl_title=\"F\u00e4hranleger Romo MS Syltexpress beim Anlegen\" data-rl_caption=\"\" title=\"F\u00e4hranleger Romo MS Syltexpress beim Anlegen\"><img decoding=\"async\" width=\"1037\" height=\"778\" data-src=\"https:\/\/www.2mecs.de\/wp\/wp-content\/uploads\/2010\/03\/Faehranleger-Romo-2-MS-Syltexpress-beim-Anlegen.jpg\" alt=\"F\u00e4hranleger Romo MS Syltexpress beim Anlegen\" class=\"wp-image-33457 lazyload\" data-srcset=\"https:\/\/www.2mecs.de\/wp\/wp-content\/uploads\/2010\/03\/Faehranleger-Romo-2-MS-Syltexpress-beim-Anlegen.jpg 1037w, https:\/\/www.2mecs.de\/wp\/wp-content\/uploads\/2010\/03\/Faehranleger-Romo-2-MS-Syltexpress-beim-Anlegen-300x225.jpg 300w, https:\/\/www.2mecs.de\/wp\/wp-content\/uploads\/2010\/03\/Faehranleger-Romo-2-MS-Syltexpress-beim-Anlegen-768x576.jpg 768w, https:\/\/www.2mecs.de\/wp\/wp-content\/uploads\/2010\/03\/Faehranleger-Romo-2-MS-Syltexpress-beim-Anlegen-1024x768.jpg 1024w\" data-sizes=\"(max-width: 1037px) 100vw, 1037px\" src=\"data:image\/svg+xml;base64,PHN2ZyB3aWR0aD0iMSIgaGVpZ2h0PSIxIiB4bWxucz0iaHR0cDovL3d3dy53My5vcmcvMjAwMC9zdmciPjwvc3ZnPg==\" style=\"--smush-placeholder-width: 1037px; --smush-placeholder-aspect-ratio: 1037\/778;\" \/><\/a><figcaption>F\u00e4hranleger Romo MS Syltexpress beim Anlegen<\/figcaption><\/figure>\n\n\n\n<p>Zudem entstanden die Szenen des Hotels, in dem <em>Ewan McGregor<\/em> sich nachts verkriecht, am (f\u00fcr den Film deutlich ver\u00e4nderten) Verwaltungsgeb\u00e4ude der Linie, am F\u00e4hrterminal.<\/p>\n\n\n\n<figure class=\"wp-block-image size-large\"><a href=\"https:\/\/www.2mecs.de\/wp\/wp-content\/uploads\/2021\/08\/Abfertigungsgebaeude-Romo-2.jpg\" data-rel=\"lightbox-gallery-HLhx72rk\" data-rl_title=\"Abfertigungsgebaeude-Romo-2\" data-rl_caption=\"\" title=\"Abfertigungsgebaeude-Romo-2\"><img decoding=\"async\" width=\"1024\" height=\"768\" data-src=\"https:\/\/www.2mecs.de\/wp\/wp-content\/uploads\/2021\/08\/Abfertigungsgebaeude-Romo-2-1024x768.jpg\" alt=\"Verwaltungsgeb\u00e4ude - im Ghostwriter als Hotel\" class=\"wp-image-55480 lazyload\" data-srcset=\"https:\/\/www.2mecs.de\/wp\/wp-content\/uploads\/2021\/08\/Abfertigungsgebaeude-Romo-2-1024x768.jpg 1024w, https:\/\/www.2mecs.de\/wp\/wp-content\/uploads\/2021\/08\/Abfertigungsgebaeude-Romo-2-300x225.jpg 300w, https:\/\/www.2mecs.de\/wp\/wp-content\/uploads\/2021\/08\/Abfertigungsgebaeude-Romo-2-768x576.jpg 768w, https:\/\/www.2mecs.de\/wp\/wp-content\/uploads\/2021\/08\/Abfertigungsgebaeude-Romo-2.jpg 1037w\" data-sizes=\"(max-width: 1024px) 100vw, 1024px\" src=\"data:image\/svg+xml;base64,PHN2ZyB3aWR0aD0iMSIgaGVpZ2h0PSIxIiB4bWxucz0iaHR0cDovL3d3dy53My5vcmcvMjAwMC9zdmciPjwvc3ZnPg==\" style=\"--smush-placeholder-width: 1024px; --smush-placeholder-aspect-ratio: 1024\/768;\" \/><\/a><figcaption>Verwaltungsgeb\u00e4ude &#8211; im Ghostwriter als Hotel verwendet<\/figcaption><\/figure>\n\n\n\n<h3 class=\"wp-block-heading\">Berlin Mitte<\/h3>\n\n\n\n<p>Die Szenen f\u00fcr das Verlagsgeb\u00e4ude <em>Rinehart Inc.<\/em> entstanden in Berlin Mitte. Als Verlagsgeb\u00e4ude selbst diente das Haus Charlottenstrasse 47 (zwischen Unter den Linden und Gendarmenmarkt).<\/p>\n\n\n\n<h3 class=\"wp-block-heading\">Berlin Stahnsdorf<\/h3>\n\n\n\n<p>Dreharbeiten f\u00fcr die Zufahrt zur Villa von <em>Prof. Paul Emmett<\/em> auf dem <a href=\"https:\/\/de.wikipedia.org\/wiki\/S%C3%BCdwestkirchhof_Stahnsdorf\" target=\"_blank\" rel=\"noopener noreferrer\">S\u00fcdwestkirchhof<\/a> (gedreht M\u00e4rz 2009 Block Lietzensee)<\/p>\n\n\n\n<h3 class=\"wp-block-heading\">weitere Drehorte<\/h3>\n\n\n\n<p>Zudem fanden Dreharbeiten statt in den Studios Babelsberg, auf dem Flugplatz Strausberg, zudem in London, Wellfleet und Bourne.<\/p>\n\n\n\n<p>.<\/p>\n","protected":false},"excerpt":{"rendered":"<p>The Ghostwriter. Strand, Sand, See \u2013 viel Weite hat dieser Strand auf Usedom zu bieten. Und eine Attraktion, seit 2009: Roman Polanskis Film \u201cThe Ghostwriter\u201d wurde gro\u00dfenteils hier gedreht, im Fr\u00fchjahr 2009. Fr\u00fchjahr 2009. Roman Polanski dreht Ende M\u00e4rz die Au\u00dfenaufnahmen f\u00fcr seinen Film \u201cThe Ghostwriter\u201d. Martha\u2019s Vineyard, die Insel mit dem Feriendomizil des ehemaligen [&hellip;]<\/p>\n","protected":false},"author":2,"featured_media":59146,"comment_status":"open","ping_status":"open","sticky":false,"template":"","format":"standard","meta":{"_lmt_disableupdate":"no","_lmt_disable":"no","footnotes":""},"categories":[85],"tags":[44,73],"class_list":["post-1625","post","type-post","status-publish","format-standard","has-post-thumbnail","hentry","category-deutschland","tag-film","tag-usedom"],"yoast_head":"<!-- This site is optimized with the Yoast SEO plugin v27.5 - https:\/\/yoast.com\/product\/yoast-seo-wordpress\/ -->\n<title>The Ghostwriter Drehorte Sylt Usedom Peenem\u00fcnde - 2mecs<\/title>\n<meta name=\"description\" content=\"Ghostwriter Film Polanski Drehorte Usedom Peenem\u00fcnde Haaken Sylt Roman Polanskis Film \u201c The Ghostwriter \u201d gedreht Fr\u00fchjahr 2009\" \/>\n<meta name=\"robots\" content=\"index, follow, max-snippet:-1, max-image-preview:large, max-video-preview:-1\" \/>\n<link rel=\"canonical\" href=\"https:\/\/www.2mecs.de\/wp\/2010\/03\/ghostwriter-auf-usedom\/\" \/>\n<meta property=\"og:locale\" content=\"de_DE\" \/>\n<meta property=\"og:type\" content=\"article\" \/>\n<meta property=\"og:title\" content=\"The Ghostwriter Drehorte Sylt Usedom Peenem\u00fcnde - 2mecs\" \/>\n<meta property=\"og:description\" content=\"Ghostwriter Film Polanski Drehorte Usedom Peenem\u00fcnde Haaken Sylt Roman Polanskis Film \u201c The Ghostwriter \u201d gedreht Fr\u00fchjahr 2009\" \/>\n<meta property=\"og:url\" content=\"https:\/\/www.2mecs.de\/wp\/2010\/03\/ghostwriter-auf-usedom\/\" \/>\n<meta property=\"og:site_name\" content=\"2mecs\" \/>\n<meta property=\"article:publisher\" content=\"https:\/\/www.facebook.com\/UlliWuerdemann\" \/>\n<meta property=\"article:author\" content=\"https:\/\/www.facebook.com\/UlliWuerdemann\" \/>\n<meta property=\"article:published_time\" content=\"2010-03-05T07:51:09+00:00\" \/>\n<meta property=\"article:modified_time\" content=\"2023-02-24T11:34:36+00:00\" \/>\n<meta property=\"og:image\" content=\"https:\/\/www.2mecs.de\/wp\/wp-content\/uploads\/2022\/07\/IMG_20220707_154909-1-scaled.jpg\" \/>\n\t<meta property=\"og:image:width\" content=\"2048\" \/>\n\t<meta property=\"og:image:height\" content=\"922\" \/>\n\t<meta property=\"og:image:type\" content=\"image\/jpeg\" \/>\n<meta name=\"author\" content=\"Ulrich W\u00fcrdemann\" \/>\n<meta name=\"twitter:card\" content=\"summary_large_image\" \/>\n<meta name=\"twitter:creator\" content=\"@2mecs\" \/>\n<meta name=\"twitter:site\" content=\"@2mecs\" \/>\n<meta name=\"twitter:label1\" content=\"Geschrieben von\" \/>\n\t<meta name=\"twitter:data1\" content=\"Ulrich W\u00fcrdemann\" \/>\n\t<meta name=\"twitter:label2\" content=\"Gesch\u00e4tzte Lesezeit\" \/>\n\t<meta name=\"twitter:data2\" content=\"4\u00a0Minuten\" \/>\n<script type=\"application\/ld+json\" class=\"yoast-schema-graph\">{\"@context\":\"https:\\\/\\\/schema.org\",\"@graph\":[{\"@type\":\"Article\",\"@id\":\"https:\\\/\\\/www.2mecs.de\\\/wp\\\/2010\\\/03\\\/ghostwriter-auf-usedom\\\/#article\",\"isPartOf\":{\"@id\":\"https:\\\/\\\/www.2mecs.de\\\/wp\\\/2010\\\/03\\\/ghostwriter-auf-usedom\\\/\"},\"author\":{\"name\":\"Ulrich W\u00fcrdemann\",\"@id\":\"https:\\\/\\\/www.2mecs.de\\\/wp\\\/#\\\/schema\\\/person\\\/b7eefbb1df4a84f40cdff92f9e45d996\"},\"headline\":\"Ghostwriter auf Usedom (Polanski 2009)\",\"datePublished\":\"2010-03-05T07:51:09+00:00\",\"dateModified\":\"2023-02-24T11:34:36+00:00\",\"mainEntityOfPage\":{\"@id\":\"https:\\\/\\\/www.2mecs.de\\\/wp\\\/2010\\\/03\\\/ghostwriter-auf-usedom\\\/\"},\"wordCount\":463,\"commentCount\":0,\"publisher\":{\"@id\":\"https:\\\/\\\/www.2mecs.de\\\/wp\\\/#\\\/schema\\\/person\\\/b7eefbb1df4a84f40cdff92f9e45d996\"},\"image\":{\"@id\":\"https:\\\/\\\/www.2mecs.de\\\/wp\\\/2010\\\/03\\\/ghostwriter-auf-usedom\\\/#primaryimage\"},\"thumbnailUrl\":\"https:\\\/\\\/www.2mecs.de\\\/wp\\\/wp-content\\\/uploads\\\/2022\\\/07\\\/IMG_20220707_154909-1-scaled.jpg\",\"keywords\":[\"Film\",\"Usedom\"],\"articleSection\":[\"Deutschland\"],\"inLanguage\":\"de\",\"potentialAction\":[{\"@type\":\"CommentAction\",\"name\":\"Comment\",\"target\":[\"https:\\\/\\\/www.2mecs.de\\\/wp\\\/2010\\\/03\\\/ghostwriter-auf-usedom\\\/#respond\"]}]},{\"@type\":\"WebPage\",\"@id\":\"https:\\\/\\\/www.2mecs.de\\\/wp\\\/2010\\\/03\\\/ghostwriter-auf-usedom\\\/\",\"url\":\"https:\\\/\\\/www.2mecs.de\\\/wp\\\/2010\\\/03\\\/ghostwriter-auf-usedom\\\/\",\"name\":\"The Ghostwriter Drehorte Sylt Usedom Peenem\u00fcnde - 2mecs\",\"isPartOf\":{\"@id\":\"https:\\\/\\\/www.2mecs.de\\\/wp\\\/#website\"},\"primaryImageOfPage\":{\"@id\":\"https:\\\/\\\/www.2mecs.de\\\/wp\\\/2010\\\/03\\\/ghostwriter-auf-usedom\\\/#primaryimage\"},\"image\":{\"@id\":\"https:\\\/\\\/www.2mecs.de\\\/wp\\\/2010\\\/03\\\/ghostwriter-auf-usedom\\\/#primaryimage\"},\"thumbnailUrl\":\"https:\\\/\\\/www.2mecs.de\\\/wp\\\/wp-content\\\/uploads\\\/2022\\\/07\\\/IMG_20220707_154909-1-scaled.jpg\",\"datePublished\":\"2010-03-05T07:51:09+00:00\",\"dateModified\":\"2023-02-24T11:34:36+00:00\",\"description\":\"Ghostwriter Film Polanski Drehorte Usedom Peenem\u00fcnde Haaken Sylt Roman Polanskis Film \u201c The Ghostwriter \u201d gedreht Fr\u00fchjahr 2009\",\"breadcrumb\":{\"@id\":\"https:\\\/\\\/www.2mecs.de\\\/wp\\\/2010\\\/03\\\/ghostwriter-auf-usedom\\\/#breadcrumb\"},\"inLanguage\":\"de\",\"potentialAction\":[{\"@type\":\"ReadAction\",\"target\":[\"https:\\\/\\\/www.2mecs.de\\\/wp\\\/2010\\\/03\\\/ghostwriter-auf-usedom\\\/\"]}]},{\"@type\":\"ImageObject\",\"inLanguage\":\"de\",\"@id\":\"https:\\\/\\\/www.2mecs.de\\\/wp\\\/2010\\\/03\\\/ghostwriter-auf-usedom\\\/#primaryimage\",\"url\":\"https:\\\/\\\/www.2mecs.de\\\/wp\\\/wp-content\\\/uploads\\\/2022\\\/07\\\/IMG_20220707_154909-1-scaled.jpg\",\"contentUrl\":\"https:\\\/\\\/www.2mecs.de\\\/wp\\\/wp-content\\\/uploads\\\/2022\\\/07\\\/IMG_20220707_154909-1-scaled.jpg\",\"width\":2048,\"height\":922},{\"@type\":\"BreadcrumbList\",\"@id\":\"https:\\\/\\\/www.2mecs.de\\\/wp\\\/2010\\\/03\\\/ghostwriter-auf-usedom\\\/#breadcrumb\",\"itemListElement\":[{\"@type\":\"ListItem\",\"position\":1,\"name\":\"2mecs\",\"item\":\"https:\\\/\\\/www.2mecs.de\\\/wp\\\/\"},{\"@type\":\"ListItem\",\"position\":2,\"name\":\"Deutschland\",\"item\":\"https:\\\/\\\/www.2mecs.de\\\/wp\\\/category\\\/deutschland\\\/\"},{\"@type\":\"ListItem\",\"position\":3,\"name\":\"Ghostwriter auf Usedom (Polanski 2009)\"}]},{\"@type\":\"WebSite\",\"@id\":\"https:\\\/\\\/www.2mecs.de\\\/wp\\\/#website\",\"url\":\"https:\\\/\\\/www.2mecs.de\\\/wp\\\/\",\"name\":\"2mecs\",\"description\":\"\",\"publisher\":{\"@id\":\"https:\\\/\\\/www.2mecs.de\\\/wp\\\/#\\\/schema\\\/person\\\/b7eefbb1df4a84f40cdff92f9e45d996\"},\"potentialAction\":[{\"@type\":\"SearchAction\",\"target\":{\"@type\":\"EntryPoint\",\"urlTemplate\":\"https:\\\/\\\/www.2mecs.de\\\/wp\\\/?s={search_term_string}\"},\"query-input\":{\"@type\":\"PropertyValueSpecification\",\"valueRequired\":true,\"valueName\":\"search_term_string\"}}],\"inLanguage\":\"de\"},{\"@type\":[\"Person\",\"Organization\"],\"@id\":\"https:\\\/\\\/www.2mecs.de\\\/wp\\\/#\\\/schema\\\/person\\\/b7eefbb1df4a84f40cdff92f9e45d996\",\"name\":\"Ulrich W\u00fcrdemann\",\"image\":{\"@type\":\"ImageObject\",\"inLanguage\":\"de\",\"@id\":\"https:\\\/\\\/www.2mecs.de\\\/wp\\\/wp-content\\\/uploads\\\/2024\\\/09\\\/Ulli-2024-Kiel.jpg\",\"url\":\"https:\\\/\\\/www.2mecs.de\\\/wp\\\/wp-content\\\/uploads\\\/2024\\\/09\\\/Ulli-2024-Kiel.jpg\",\"contentUrl\":\"https:\\\/\\\/www.2mecs.de\\\/wp\\\/wp-content\\\/uploads\\\/2024\\\/09\\\/Ulli-2024-Kiel.jpg\",\"width\":200,\"height\":200,\"caption\":\"Ulrich W\u00fcrdemann\"},\"logo\":{\"@id\":\"https:\\\/\\\/www.2mecs.de\\\/wp\\\/wp-content\\\/uploads\\\/2024\\\/09\\\/Ulli-2024-Kiel.jpg\"},\"description\":\"einer der beiden 2mecs. Schwulenbewegt, Aids- und Therapie-Aktivist. Von 2005 bis 2012 Herausgeber www.ondamaris.de Ulli ist Frankreich-Liebhaber &amp; Bordeaux- \\\/ Lacanau-Fan. Mehr unter 2mecs -&gt; Ulli -&gt; Biographisches\",\"sameAs\":[\"http:\\\/\\\/www.2mecs.de\\\/wp\\\/\",\"https:\\\/\\\/www.facebook.com\\\/UlliWuerdemann\",\"https:\\\/\\\/www.instagram.com\\\/ulli_2mecs\\\/\",\"https:\\\/\\\/www.youtube.com\\\/channel\\\/UCbk075wzRnAk2_sbCYCAVNA\\\/\"],\"url\":\"https:\\\/\\\/www.2mecs.de\\\/wp\\\/author\\\/ulli\\\/\"}]}<\/script>\n<!-- \/ Yoast SEO plugin. -->","yoast_head_json":{"title":"The Ghostwriter Drehorte Sylt Usedom Peenem\u00fcnde - 2mecs","description":"Ghostwriter Film Polanski Drehorte Usedom Peenem\u00fcnde Haaken Sylt Roman Polanskis Film \u201c The Ghostwriter \u201d gedreht Fr\u00fchjahr 2009","robots":{"index":"index","follow":"follow","max-snippet":"max-snippet:-1","max-image-preview":"max-image-preview:large","max-video-preview":"max-video-preview:-1"},"canonical":"https:\/\/www.2mecs.de\/wp\/2010\/03\/ghostwriter-auf-usedom\/","og_locale":"de_DE","og_type":"article","og_title":"The Ghostwriter Drehorte Sylt Usedom Peenem\u00fcnde - 2mecs","og_description":"Ghostwriter Film Polanski Drehorte Usedom Peenem\u00fcnde Haaken Sylt Roman Polanskis Film \u201c The Ghostwriter \u201d gedreht Fr\u00fchjahr 2009","og_url":"https:\/\/www.2mecs.de\/wp\/2010\/03\/ghostwriter-auf-usedom\/","og_site_name":"2mecs","article_publisher":"https:\/\/www.facebook.com\/UlliWuerdemann","article_author":"https:\/\/www.facebook.com\/UlliWuerdemann","article_published_time":"2010-03-05T07:51:09+00:00","article_modified_time":"2023-02-24T11:34:36+00:00","og_image":[{"width":2048,"height":922,"url":"https:\/\/www.2mecs.de\/wp\/wp-content\/uploads\/2022\/07\/IMG_20220707_154909-1-scaled.jpg","type":"image\/jpeg"}],"author":"Ulrich W\u00fcrdemann","twitter_card":"summary_large_image","twitter_creator":"@2mecs","twitter_site":"@2mecs","twitter_misc":{"Geschrieben von":"Ulrich W\u00fcrdemann","Gesch\u00e4tzte Lesezeit":"4\u00a0Minuten"},"schema":{"@context":"https:\/\/schema.org","@graph":[{"@type":"Article","@id":"https:\/\/www.2mecs.de\/wp\/2010\/03\/ghostwriter-auf-usedom\/#article","isPartOf":{"@id":"https:\/\/www.2mecs.de\/wp\/2010\/03\/ghostwriter-auf-usedom\/"},"author":{"name":"Ulrich W\u00fcrdemann","@id":"https:\/\/www.2mecs.de\/wp\/#\/schema\/person\/b7eefbb1df4a84f40cdff92f9e45d996"},"headline":"Ghostwriter auf Usedom (Polanski 2009)","datePublished":"2010-03-05T07:51:09+00:00","dateModified":"2023-02-24T11:34:36+00:00","mainEntityOfPage":{"@id":"https:\/\/www.2mecs.de\/wp\/2010\/03\/ghostwriter-auf-usedom\/"},"wordCount":463,"commentCount":0,"publisher":{"@id":"https:\/\/www.2mecs.de\/wp\/#\/schema\/person\/b7eefbb1df4a84f40cdff92f9e45d996"},"image":{"@id":"https:\/\/www.2mecs.de\/wp\/2010\/03\/ghostwriter-auf-usedom\/#primaryimage"},"thumbnailUrl":"https:\/\/www.2mecs.de\/wp\/wp-content\/uploads\/2022\/07\/IMG_20220707_154909-1-scaled.jpg","keywords":["Film","Usedom"],"articleSection":["Deutschland"],"inLanguage":"de","potentialAction":[{"@type":"CommentAction","name":"Comment","target":["https:\/\/www.2mecs.de\/wp\/2010\/03\/ghostwriter-auf-usedom\/#respond"]}]},{"@type":"WebPage","@id":"https:\/\/www.2mecs.de\/wp\/2010\/03\/ghostwriter-auf-usedom\/","url":"https:\/\/www.2mecs.de\/wp\/2010\/03\/ghostwriter-auf-usedom\/","name":"The Ghostwriter Drehorte Sylt Usedom Peenem\u00fcnde - 2mecs","isPartOf":{"@id":"https:\/\/www.2mecs.de\/wp\/#website"},"primaryImageOfPage":{"@id":"https:\/\/www.2mecs.de\/wp\/2010\/03\/ghostwriter-auf-usedom\/#primaryimage"},"image":{"@id":"https:\/\/www.2mecs.de\/wp\/2010\/03\/ghostwriter-auf-usedom\/#primaryimage"},"thumbnailUrl":"https:\/\/www.2mecs.de\/wp\/wp-content\/uploads\/2022\/07\/IMG_20220707_154909-1-scaled.jpg","datePublished":"2010-03-05T07:51:09+00:00","dateModified":"2023-02-24T11:34:36+00:00","description":"Ghostwriter Film Polanski Drehorte Usedom Peenem\u00fcnde Haaken Sylt Roman Polanskis Film \u201c The Ghostwriter \u201d gedreht Fr\u00fchjahr 2009","breadcrumb":{"@id":"https:\/\/www.2mecs.de\/wp\/2010\/03\/ghostwriter-auf-usedom\/#breadcrumb"},"inLanguage":"de","potentialAction":[{"@type":"ReadAction","target":["https:\/\/www.2mecs.de\/wp\/2010\/03\/ghostwriter-auf-usedom\/"]}]},{"@type":"ImageObject","inLanguage":"de","@id":"https:\/\/www.2mecs.de\/wp\/2010\/03\/ghostwriter-auf-usedom\/#primaryimage","url":"https:\/\/www.2mecs.de\/wp\/wp-content\/uploads\/2022\/07\/IMG_20220707_154909-1-scaled.jpg","contentUrl":"https:\/\/www.2mecs.de\/wp\/wp-content\/uploads\/2022\/07\/IMG_20220707_154909-1-scaled.jpg","width":2048,"height":922},{"@type":"BreadcrumbList","@id":"https:\/\/www.2mecs.de\/wp\/2010\/03\/ghostwriter-auf-usedom\/#breadcrumb","itemListElement":[{"@type":"ListItem","position":1,"name":"2mecs","item":"https:\/\/www.2mecs.de\/wp\/"},{"@type":"ListItem","position":2,"name":"Deutschland","item":"https:\/\/www.2mecs.de\/wp\/category\/deutschland\/"},{"@type":"ListItem","position":3,"name":"Ghostwriter auf Usedom (Polanski 2009)"}]},{"@type":"WebSite","@id":"https:\/\/www.2mecs.de\/wp\/#website","url":"https:\/\/www.2mecs.de\/wp\/","name":"2mecs","description":"","publisher":{"@id":"https:\/\/www.2mecs.de\/wp\/#\/schema\/person\/b7eefbb1df4a84f40cdff92f9e45d996"},"potentialAction":[{"@type":"SearchAction","target":{"@type":"EntryPoint","urlTemplate":"https:\/\/www.2mecs.de\/wp\/?s={search_term_string}"},"query-input":{"@type":"PropertyValueSpecification","valueRequired":true,"valueName":"search_term_string"}}],"inLanguage":"de"},{"@type":["Person","Organization"],"@id":"https:\/\/www.2mecs.de\/wp\/#\/schema\/person\/b7eefbb1df4a84f40cdff92f9e45d996","name":"Ulrich W\u00fcrdemann","image":{"@type":"ImageObject","inLanguage":"de","@id":"https:\/\/www.2mecs.de\/wp\/wp-content\/uploads\/2024\/09\/Ulli-2024-Kiel.jpg","url":"https:\/\/www.2mecs.de\/wp\/wp-content\/uploads\/2024\/09\/Ulli-2024-Kiel.jpg","contentUrl":"https:\/\/www.2mecs.de\/wp\/wp-content\/uploads\/2024\/09\/Ulli-2024-Kiel.jpg","width":200,"height":200,"caption":"Ulrich W\u00fcrdemann"},"logo":{"@id":"https:\/\/www.2mecs.de\/wp\/wp-content\/uploads\/2024\/09\/Ulli-2024-Kiel.jpg"},"description":"einer der beiden 2mecs. Schwulenbewegt, Aids- und Therapie-Aktivist. Von 2005 bis 2012 Herausgeber www.ondamaris.de Ulli ist Frankreich-Liebhaber &amp; Bordeaux- \/ Lacanau-Fan. Mehr unter 2mecs -&gt; Ulli -&gt; Biographisches","sameAs":["http:\/\/www.2mecs.de\/wp\/","https:\/\/www.facebook.com\/UlliWuerdemann","https:\/\/www.instagram.com\/ulli_2mecs\/","https:\/\/www.youtube.com\/channel\/UCbk075wzRnAk2_sbCYCAVNA\/"],"url":"https:\/\/www.2mecs.de\/wp\/author\/ulli\/"}]}},"modified_by":"Ulrich W\u00fcrdemann","amp_enabled":true,"_links":{"self":[{"href":"https:\/\/www.2mecs.de\/wp\/wp-json\/wp\/v2\/posts\/1625","targetHints":{"allow":["GET"]}}],"collection":[{"href":"https:\/\/www.2mecs.de\/wp\/wp-json\/wp\/v2\/posts"}],"about":[{"href":"https:\/\/www.2mecs.de\/wp\/wp-json\/wp\/v2\/types\/post"}],"author":[{"embeddable":true,"href":"https:\/\/www.2mecs.de\/wp\/wp-json\/wp\/v2\/users\/2"}],"replies":[{"embeddable":true,"href":"https:\/\/www.2mecs.de\/wp\/wp-json\/wp\/v2\/comments?post=1625"}],"version-history":[{"count":5,"href":"https:\/\/www.2mecs.de\/wp\/wp-json\/wp\/v2\/posts\/1625\/revisions"}],"predecessor-version":[{"id":63376,"href":"https:\/\/www.2mecs.de\/wp\/wp-json\/wp\/v2\/posts\/1625\/revisions\/63376"}],"wp:featuredmedia":[{"embeddable":true,"href":"https:\/\/www.2mecs.de\/wp\/wp-json\/wp\/v2\/media\/59146"}],"wp:attachment":[{"href":"https:\/\/www.2mecs.de\/wp\/wp-json\/wp\/v2\/media?parent=1625"}],"wp:term":[{"taxonomy":"category","embeddable":true,"href":"https:\/\/www.2mecs.de\/wp\/wp-json\/wp\/v2\/categories?post=1625"},{"taxonomy":"post_tag","embeddable":true,"href":"https:\/\/www.2mecs.de\/wp\/wp-json\/wp\/v2\/tags?post=1625"}],"curies":[{"name":"wp","href":"https:\/\/api.w.org\/{rel}","templated":true}]}}