{"id":10964,"date":"2013-06-10T08:41:37","date_gmt":"2013-06-10T06:41:37","guid":{"rendered":"http:\/\/www.2mecs.de\/wp\/?p=10964"},"modified":"2025-07-05T09:02:52","modified_gmt":"2025-07-05T07:02:52","slug":"warum-act-up-act-up-erinnerungen-1","status":"publish","type":"post","link":"https:\/\/www.2mecs.de\/wp\/2013\/06\/warum-act-up-act-up-erinnerungen-1\/","title":{"rendered":"Entstehung von ACT UP &#8211; Ullis ACT UP Erinnerungen 1"},"content":{"rendered":"\n<p><strong>Die <\/strong>Entstehung von ACT UP<strong> &#8211; die politischen Aids-Aktionsgruppen ACT UP gab es ab 1988 auch in Deutschland. Was f\u00fchrte zu ihrem Entstehen? Warum ACT UP?<br \/><\/strong>Teil 1 von Ullis pers\u00f6nlichen ACT UP Erinnerungen.<\/p>\n\n\n\n<p><strong>&#8222;ACT UP &#8211; Fight back &#8211; Fight Aids!&#8220;<\/strong><\/p>\n\n\n\n<p>Dies war das zentrale Motto von <a title=\"ACT UP\" rel=\"noopener\" href=\"http:\/\/www.2mecs.de\/wp\/act-up\/\" target=\"_blank\"><strong>ACT UP<\/strong><\/a>, der <strong>Aids Coalition to Unleash Power<\/strong> (Aids-Koalition, um Energie freizusetzen) [1]. ACT UP entstand zuerst 1987 in New York, die erste ACT UP Gruppe in (West-) Deutschland wurde <del>1988<\/del> im Sommer 1989 [6] in Berlin gegr\u00fcndet. In welchem Umfeld?<\/p>\n\n\n\n<h2 class=\"wp-block-heading\">Pogromstimmung<\/h2>\n\n\n\n<p>Die Entstehung von ACT UP fand in einer Zeit statt, in der es um die grundlegenden <strong>Weichenstellungen<\/strong> der (west-) deutschen <strong>Aids-Politik<\/strong> ging, um den Streit zwischen (vereinfacht) Old-School-Public Health mit Repression und Verfolgung einerseits und <strong>New Public Health<\/strong> mit Aufkl\u00e4rung und Information andererseits. In einer Situation die gepr\u00e4gt war von Diskussionen \u00fcber Meldepflicht, einem Bayrischen Ma\u00dfnahmenkatalog (1987) [3], apokalyptischen Visionen und Horror-Szenarien mit riesigen Infektionszahlen binnen K\u00fcrze, Hardliner-Parolen \u00e0 la &#8218;Absonderung&#8216;, Drohung der &#8222;Zerschlagung der schwulen Infrastruktur&#8220;, Hetze und (Angst vor) Pogromstimmung.<\/p>\n\n\n\n<figure class=\"wp-block-image alignnone\"><a href=\"http:\/\/www.2mecs.de\/wp\/wp-content\/uploads\/2013\/06\/Peter-Gauweiler-1987.jpg\" data-rel=\"lightbox-gallery-a7UatGJE\" data-rl_title=\"an der Entstehung von ACT UP indirekt nicht ganz unbeteiligt: Peter Gauweiler (hier am 5.4.1987, Foto: Michael Lucan \/ Lizenz: GFDL)1987\" data-rl_caption=\"\" title=\"an der Entstehung von ACT UP indirekt nicht ganz unbeteiligt: Peter Gauweiler (hier am 5.4.1987, Foto: Michael Lucan \/ Lizenz: GFDL)1987\"><img decoding=\"async\" width=\"340\" height=\"486\" data-src=\"http:\/\/www.2mecs.de\/wp\/wp-content\/uploads\/2013\/06\/Peter-Gauweiler-1987.jpg\" alt=\"an der Entstehung von ACT UP indirekt nicht ganz unbeteiligt: Peter Gauweiler (hier am 5.4.1987, Foto: Michael Lucan \/ Lizenz: GFDL)1987\" class=\"wp-image-11424 lazyload\" data-srcset=\"https:\/\/www.2mecs.de\/wp\/wp-content\/uploads\/2013\/06\/Peter-Gauweiler-1987.jpg 340w, https:\/\/www.2mecs.de\/wp\/wp-content\/uploads\/2013\/06\/Peter-Gauweiler-1987-209x300.jpg 209w\" data-sizes=\"(max-width: 340px) 100vw, 340px\" src=\"data:image\/svg+xml;base64,PHN2ZyB3aWR0aD0iMSIgaGVpZ2h0PSIxIiB4bWxucz0iaHR0cDovL3d3dy53My5vcmcvMjAwMC9zdmciPjwvc3ZnPg==\" style=\"--smush-placeholder-width: 340px; --smush-placeholder-aspect-ratio: 340\/486;\" \/><\/a><figcaption>an der Entstehung von ACT UP indirekt nicht ganz unbeteiligt: Peter Gauweiler (hier am 5.4.1987, Foto: Michael Lucan \/ Lizenz cc by-sa 3.0)<\/figcaption><\/figure>\n\n\n\n<p><span class=\"mw-mmv-title\">Peter Gauweiler, deutscher Politiker (CSU). Hier am 5. April 1987 in M\u00fcnchen-F\u00fcrstenried &#8211; <span class=\"mw-mmv-source-author\"><span class=\"mw-mmv-author mw-mmv-source\"><i><a class=\"extiw\" title=\"de:User:Mlucan\" href=\"https:\/\/de.wikipedia.org\/wiki\/User:Mlucan\">Michael Lucan<\/a>, Lizenz: <a class=\"external text\" href=\"https:\/\/creativecommons.org\/licenses\/by-sa\/3.0\/\" rel=\"nofollow\">CC-BY-SA 3.0<\/a><\/i><\/span><\/span><br \/><\/span><\/p>\n\n\n\n<h2 class=\"wp-block-heading\">Sterbt doch aus &#8230;<\/h2>\n\n\n\n<p>Die damalige Stimmung, die \u00c4ngste, die Gef\u00fchle von Bedrohung sind heute, auch f\u00fcr heutige HIV-Positive, oft nicht (mehr) nachzuvollziehen. Ein Beispiel mag diese Stimmung vielleicht verdeutlichen:<\/p>\n\n\n\n<p>Ende der 1980er Jahre nahm die Zahl der HIV-Infizierten deutlich zu, die Zahl der Menschen stieg, die an den Folgen von Aids starben. Auch in meinem Freundes- und Bekanntenkreis waren viele mit HIV infiziert, erkrankten. Die Zahl der Trauerkarten in unserem Briefkasten stieg stetig, ich begann nicht mehr zu jeder Trauerfeier, zu jeder Beisetzung zu gehen &#8211; es war mir im wahrsten (emotionalen) Sinn zu viel, nicht mehr auszuhalten.<\/p>\n\n\n\n<p>Medikamente gab es lange Zeit keine gegen HIV. <a href=\"https:\/\/www.2mecs.de\/wp\/2017\/03\/30-jahre-azt\/\" target=\"_blank\" rel=\"noopener\">Erst im M\u00e4rz 1987 wurde AZT in den USA als erstes Medikament zugelassen<\/a>, und es war lange Zeit wegen seiner (aufgrund zu hoher Dosierung besonders stark ausgepr\u00e4gten) Nebenwirkungen gef\u00fcrchtet [2] &#8211; so sehr, dass viele den Eindruck hatten ihre Aids-kranken Freunde und Lover st\u00fcrben nicht an Aids sondern an AZT.<br \/>Angesichts dieses gro\u00dfen Sterbens war die Sehnsucht gro\u00df nach wirksamen und halbwegs (v)ertr\u00e4glichen Medikamenten.<\/p>\n\n\n\n<p>In dieser Situation befasste sich auch <a title=\"Gert Fr\u00f6sner Hardliner Aids\" href=\"http:\/\/www.2mecs.de\/wp\/2014\/11\/hardliner-aids-krise-gert-froesner\/\">der M\u00fcnchner Virologe (und Berater von Peter Gauweiler) Prof. Fr\u00f6sner<\/a> in einer der damals bedeutendsten deutschen Zeitschriften zu Aids mit der Frage wirksamer Medikamente und deren Auswirkungen. Er kam k\u00fchl und kurz zu dem Schluss<\/p>\n\n\n\n<blockquote class=\"wp-block-quote is-layout-flow wp-block-quote-is-layout-flow\"><p>&#8222;<em>Eine lebensverl\u00e4ngernde Therapie der Erkrankten k\u00f6nnten das AIDS-Problem der Bev\u00f6lkerung vergr\u00f6\u00dfern<\/em><\/p><cite> (in &#8218;AIDS-Forschung&#8216;, Juni 1988) <\/cite><\/blockquote>\n\n\n\n<p>Die Sorge galt nicht der Situation Hunderter, Tausender HIV-Positiver und Aids-Kranker, der Frage, wie ihr Lied, ihr Sterben verringert werden k\u00f6nne. Die Sorge galt (einzig) der Allgemeinbev\u00f6lkerung, und wir verstanden genau, was er uns sagen wollte.<\/p>\n\n\n\n<p>DAS sollte genau die L\u00f6sung sein? Sollten wir HIV-Positiven, wir Aids-Kranken am besten &#8218;einfach&#8216; (aus) sterben &#8211; um das Problem so zu l\u00f6sen?<\/p>\n\n\n\n<p>DAS sollten wir hinnehmen? Hinnehmen, dass diese Menschen, solche Denkweisen \u00fcber unsere Leben bestimmen?<\/p>\n\n\n\n<p><strong>Schweigen = Tod<br \/><\/strong>.<\/p>\n\n\n\n<h2 class=\"wp-block-heading\">Aids ist politisch<\/h2>\n\n\n\n<p>Die oben erw\u00e4hnte Aussage des M\u00fcnchner Virologen und Gauweiler-Beraters&nbsp; (die nur ein Beispiel ist f\u00fcr eine Geisteshaltung, wie sie HIV-Positiven und Aids-Kranken oft damals entgegen gebracht wurde) verdeutlicht auch gut, worum es ACT UP zentral ging:<\/p>\n\n\n\n<p>Aids ist nicht (nur) als medizinisches Problem zu begreifen. Aids als politisches Problem. Das war eines unserer zentralen Anliegen.<\/p>\n\n\n\n<p>Dabei ging es immer auch um uns, um unsere Leben als Schwule, als HIV-Positive, als Aids-Kranke. Dies verdichtete sich in unseren Slogans.<\/p>\n\n\n\n<p><strong>Schweigen = Tod<br \/>Wut = Aktion<br \/><\/strong><\/p>\n\n\n\n<p>.<\/p>\n\n\n\n<h2 class=\"wp-block-heading\">Aufstand der Positiven<\/h2>\n\n\n\n<p>In Deutschland gab es im Aids-Bereich Ende der 1980er Jahre au\u00dferhalb von Aidshilfe kaum Personen, geschweige denn Organisationen, die kritische Positionen zu HIV\/Aids, zum Leben mit HIV und Aids entwickelten. Schwulengruppen hatten \u2013 insbesondere auf Bundesebene \u2013 das Thema HIV\/Aids schnell an die neu entstandenen Aidshilfen delegiert. Und es machte oft den Eindruck, sie seien nicht nur froh, dieses Thema los zu sein, sondern zudem auch recht desinteressiert daran [4].<\/p>\n\n\n\n<p>Aber auch Aidshilfe(n) widmeten sich nicht jedem Thema, das HIV-Positiven unter den N\u00e4geln brannte. Und taten sie es, konnten sie sich oft, z.B. begr\u00fcndet mit den beliebten realen oder empfundenen &#8218;Sachzw\u00e4ngen&#8216; (wie F\u00f6rderung durch \u00f6ffentliche Stellen) nicht in der Klarheit und Deutlichkeit \u00e4u\u00dfern, wie es w\u00fcnschenswert ge\u00adwesen w\u00e4re.<\/p>\n\n\n\n<p>HIV-Positive f\u00fchlten sich in vielen Aidshilfen damals nicht oder nur wenig willkommen &#8211; beziehunsgweise wenn, dann als &#8218;Klienten&#8216;. Die Forderung vieler Positiver, &#8222;nicht \u00fcber uns, mit uns&#8220;, sie wurde auch in vielen Aidshilfen nicht erf\u00fcllt. Von den Lebensrealit\u00e4ten HIV-Positiver, von M\u00f6glichkeiten der Eigen-Interessenvertretung hatten sich viele Aidshilfen entfernt (wenn sie diese je zuvor gehabt hatten).<\/p>\n\n\n\n<p>Nicht umsonst kam es 1988 im Dachverband der Aidshilfen, der Deutschen Aids-Hilfe, zum &#8222;Aufstand der Positiven&#8220; &#8211; HIV-Positive wehren sich und protestieren gegen die &#8222;Klientelisierung der Positiven&#8220;, fordern aktive Einbeziehung und Mitsprache.<\/p>\n\n\n\n<p><strong>Schweigen = Tod<br \/>Wut = Aktion<br \/>Aktion = Leben<br \/><\/strong><\/p>\n\n\n\n<p>.<\/p>\n\n\n\n<h2 class=\"wp-block-heading\">Entstehung von ACT UP<\/h2>\n\n\n\n<p>Das Gef\u00fchl zunehmend bedr\u00e4ngt, in die Ecke gestellt zu werden, Desinteresse und Ignoranz auch bei Aidshilfen und in Schwulenszenen, und vor allem Pogromstimmung und Hetze gegen Schwule, HIV-Positive und Aids-Kranke &#8211; dies war das Umfeld der Entstehung von ACT UP auch in Deutschland.<\/p>\n\n\n\n<p><strong><em>&#8222;Wir befinden uns im Krieg.<br \/>Im Krieg um unsere Menschenw\u00fcrde,<br \/>ja um unser einfaches Recht zu leben.<br \/>Wann wehren wir uns endlich?&#8220;<\/em><\/strong><br \/>(<a href=\"https:\/\/www.2mecs.de\/wp\/2009\/02\/andreas-salmen-1962-1992\/\" target=\"_blank\" rel=\"noopener\">Andreas Salmen<\/a>, Kommentar &#8222;Wir sind im Krieg!&#8220; [5], Siegess\u00e4ule Januar 1988)<\/p>\n\n\n\n<p>.<\/p>\n\n\n\n<p>Spiegel 17.03.2007: <a href=\"http:\/\/www.spiegel.de\/panorama\/20-jahre-act-up-wut-der-ohnmacht-a-471895.html\" target=\"_blank\" rel=\"noopener\">20 Jahre Act Up &#8211; Wut der Ohnmacht<\/a><\/p>\n\n\n\n<p>.<\/p>\n\n\n\n<p><strong>[1]<\/strong> Die Verwendung des Begriffs &#8222;Power&#8220; im Namen ACT UP wurde (insbesondere in Deutschland, bemerkenwerterweise) von interessierter Seite immer wieder (in vermutlich demagogischer Absicht) dazu zum Anlass genommen, den ACT UP &#8211; Gruppen Gewaltt\u00e4tigkeit vorzuwerfen, den Gruppennamen gar als &#8222;Koalition um Gewalt zu erzeugen&#8220; zu \u00fcbersetzen, diese Form des <a title=\"Aktivismus\" href=\"http:\/\/www.2mecs.de\/wp\/2013\/08\/aktivismus\/\" target=\"_blank\" rel=\"noopener\">Aktivismus<\/a> zu diskreditieren versuchen. <a href=\"https:\/\/www.2mecs.de\/wp\/2017\/12\/act-up-und-gewaltfreiheit\/\" target=\"_blank\" rel=\"noopener\">ACT UP war von seinen Grundgedanken her immer eine Bewegung von Aktionsgruppen, die auf Gewaltfreiheit setzten<\/a> und sich auch in umfangreichen Trainings zu &#8222;non-violent action&#8220; ausbilden lie\u00df.<br \/>Zu &#8218;gewaltfreier Aktion&#8216; siehe auch Beitrag \u00fcber <a title=\"Gene Sharp Die Macht-Frage\" href=\"https:\/\/www.2mecs.de\/wp\/2011\/03\/gene-sharp\/\" target=\"_blank\" rel=\"noopener\">Gene Sharp: Die Macht-Frage<\/a><br \/><strong>[2]<\/strong> Zu AZT siehe auch Axel Schock \/ DAH-Blog 20.03.2012: <a href=\"http:\/\/magazin.hiv\/2012\/03\/20\/25-jahre-azt-geldschranke-grose-hoffnungen-gravierende-nebenwirkungen\/\" target=\"_blank\" rel=\"noopener\">25 Jahre AZT: Geldschr\u00e4nke, gro\u00dfe Hoffnungen, gravierende Nebenwirkungen<\/a><br \/><strong>[3]<\/strong> zum Bayrischen Ma\u00dfnahmen-Katalog siehe auch DAH-Blog 24.02.2012: \u201eDie schwule Infrastruktur zerschlagen\u201c<br \/><strong>[4]<\/strong> Wut und Frust \u00fcber diese empfundene Mischung aus Desinteresse und Ignoranz hat &#8211; aus Sicht der Situation in den USA &#8211; der Autor und Mit-Gr\u00fcnder von ACT UP New York Larry Kramer sehr eindrucksvoll bereist 1983 in seiner <a title=\"Larry Kramer Wut-Rede \u201e1,112 and counting\u201c 14. M\u00e4rz 1983\" href=\"http:\/\/www.2mecs.de\/wp\/2013\/03\/larry-kramer-wutrede-1112-and-counting\/\" target=\"_blank\" rel=\"noopener\">Wutrede \u201e1,112 and counting\u201c<\/a> zum Ausdruck gebracht.<br \/><strong>[5]<\/strong> Andreas&#8216; Formulierung, wir seien im Krieg, war damals und auch in den Jahren danach auch unter ACT UP Aktivisten nicht unumstritten, u.a. weil dies als Militarisierung der Sprache empfunden wurde, sowie als eher aus US- denn aus deutschen Lebensrealit\u00e4ten gespeiste Metapher.<br \/><strong>[6]<\/strong>&nbsp; andere Quellen sprechen von 1989 als Gr\u00fcndungsjahr von ACT UP Berlin, u.a. M. Wienold (Aids-Aktivismus in Deutschland, in: U. Marcus (Hg.): Gl\u00fcck gehabt? Zwei Jahrzehnte Aids in Deutschladn, Berlin Wien 2000)<\/p>\n\n\n\n<p>.<\/p>\n\n\n\n<p><strong>ACT UP Erinnerungen:<\/strong><br \/>1. Entstehung von ACT UP<br \/>2. <a title=\"ACT UP in Deutschland\" href=\"http:\/\/www.2mecs.de\/wp\/2013\/06\/act-up-in-deutschland-act-up-erinnerungen-2\/\" target=\"_blank\" rel=\"noopener\">ACT UP in Deutschland<\/a><br \/>3. <a title=\"ACT UP K\u00f6ln\" href=\"http:\/\/www.2mecs.de\/wp\/2013\/06\/act-up-koln-act-up-erinnerungen-3\/\" target=\"_blank\" rel=\"noopener\">ACT UP K\u00f6ln<\/a><br \/>4. <a title=\"ACT UP Deutschland\" href=\"http:\/\/www.2mecs.de\/wp\/2013\/06\/act-up-deutschland-und-die-usa-act-up-erinnerungen-4\/\" target=\"_blank\" rel=\"noopener\">ACT UP Deutschland und die USA<\/a><br \/>5. <a title=\"ACT UP Proteste im Dom zu Fulda\" href=\"http:\/\/www.2mecs.de\/wp\/2013\/06\/herr-dyba-aids-und-act-up-act-up-erinnerungen-5\/\" target=\"_blank\" rel=\"noopener\">ACT UP Proteste im Dom zu Fulda<\/a><br \/>6. <a title=\"Ende von ACT UP\" href=\"http:\/\/www.2mecs.de\/wp\/2013\/06\/das-ende-von-act-up-in-deutschland-act-up-erinnerungen-6\/\" target=\"_blank\" rel=\"noopener\">Das Ende von ACT UP in Deutschland<\/a><br \/>7. <a title=\"nach ACT UP\" href=\"http:\/\/www.2mecs.de\/wp\/2013\/06\/act-up-was-bleibt-act-up-erinnerungen-7\/\" target=\"_blank\" rel=\"noopener\">nach ACT UP &#8211; was bleibt?<\/a><\/p>\n\n\n\n<p><em>Diese kleine Mini-Serie bildet nur meine pers\u00f6nlichen Erinnerungen an meine ACT UP Zeit ab. Ich freue mich sehr \u00fcber Anmerkungen, Korrekturen, Erg\u00e4nzungen &#8211; ob per Kommentar oder pers\u00f6nlicher Nachricht!<\/em><\/p>\n\n\n\n<p>.<\/p>\n","protected":false},"excerpt":{"rendered":"<p>Die Entstehung von ACT UP &#8211; die politischen Aids-Aktionsgruppen ACT UP gab es ab 1988 auch in Deutschland. Was f\u00fchrte zu ihrem Entstehen? Warum ACT UP?Teil 1 von Ullis pers\u00f6nlichen ACT UP Erinnerungen. &#8222;ACT UP &#8211; Fight back &#8211; Fight Aids!&#8220; Dies war das zentrale Motto von ACT UP, der Aids Coalition to Unleash Power [&hellip;]<\/p>\n","protected":false},"author":2,"featured_media":0,"comment_status":"open","ping_status":"open","sticky":false,"template":"","format":"standard","meta":{"_lmt_disableupdate":"","_lmt_disable":"","footnotes":""},"categories":[156],"tags":[164],"class_list":["post-10964","post","type-post","status-publish","format-standard","hentry","category-hivaids","tag-act-up"],"yoast_head":"<!-- This site is optimized with the Yoast SEO plugin v27.5 - https:\/\/yoast.com\/product\/yoast-seo-wordpress\/ -->\n<title>Entstehung von ACT UP in Deutschland Aids-Aktivismus 1980er<\/title>\n<meta name=\"description\" content=\"Entstehung von ACT UP in Deutschland Faktoren Ausgangssituation f\u00fcr Entstehen der Aids-Aktionsgruppen Aids-Aktivismus Ende der 1980er Jahre\" \/>\n<meta name=\"robots\" content=\"index, follow, max-snippet:-1, max-image-preview:large, max-video-preview:-1\" \/>\n<link rel=\"canonical\" href=\"https:\/\/www.2mecs.de\/wp\/2013\/06\/warum-act-up-act-up-erinnerungen-1\/\" \/>\n<meta property=\"og:locale\" content=\"de_DE\" \/>\n<meta property=\"og:type\" content=\"article\" \/>\n<meta property=\"og:title\" content=\"Entstehung von ACT UP in Deutschland Aids-Aktivismus 1980er\" \/>\n<meta property=\"og:description\" content=\"Entstehung von ACT UP in Deutschland Faktoren Ausgangssituation f\u00fcr Entstehen der Aids-Aktionsgruppen Aids-Aktivismus Ende der 1980er Jahre\" \/>\n<meta property=\"og:url\" content=\"https:\/\/www.2mecs.de\/wp\/2013\/06\/warum-act-up-act-up-erinnerungen-1\/\" \/>\n<meta property=\"og:site_name\" content=\"2mecs\" \/>\n<meta property=\"article:publisher\" content=\"https:\/\/www.facebook.com\/UlliWuerdemann\" \/>\n<meta property=\"article:author\" content=\"https:\/\/www.facebook.com\/UlliWuerdemann\" \/>\n<meta property=\"article:published_time\" content=\"2013-06-10T06:41:37+00:00\" \/>\n<meta property=\"article:modified_time\" content=\"2025-07-05T07:02:52+00:00\" \/>\n<meta property=\"og:image\" content=\"https:\/\/www.2mecs.de\/wp\/wp-content\/uploads\/2013\/06\/Peter-Gauweiler-1987.jpg\" \/>\n\t<meta property=\"og:image:width\" content=\"340\" \/>\n\t<meta property=\"og:image:height\" content=\"486\" \/>\n\t<meta property=\"og:image:type\" content=\"image\/jpeg\" \/>\n<meta name=\"author\" content=\"Ulrich W\u00fcrdemann\" \/>\n<meta name=\"twitter:card\" content=\"summary_large_image\" \/>\n<meta name=\"twitter:creator\" content=\"@2mecs\" \/>\n<meta name=\"twitter:site\" content=\"@2mecs\" \/>\n<meta name=\"twitter:label1\" content=\"Geschrieben von\" \/>\n\t<meta name=\"twitter:data1\" content=\"Ulrich W\u00fcrdemann\" \/>\n\t<meta name=\"twitter:label2\" content=\"Gesch\u00e4tzte Lesezeit\" \/>\n\t<meta name=\"twitter:data2\" content=\"6\u00a0Minuten\" \/>\n<script type=\"application\/ld+json\" class=\"yoast-schema-graph\">{\"@context\":\"https:\\\/\\\/schema.org\",\"@graph\":[{\"@type\":\"Article\",\"@id\":\"https:\\\/\\\/www.2mecs.de\\\/wp\\\/2013\\\/06\\\/warum-act-up-act-up-erinnerungen-1\\\/#article\",\"isPartOf\":{\"@id\":\"https:\\\/\\\/www.2mecs.de\\\/wp\\\/2013\\\/06\\\/warum-act-up-act-up-erinnerungen-1\\\/\"},\"author\":{\"name\":\"Ulrich W\u00fcrdemann\",\"@id\":\"https:\\\/\\\/www.2mecs.de\\\/wp\\\/#\\\/schema\\\/person\\\/b7eefbb1df4a84f40cdff92f9e45d996\"},\"headline\":\"Entstehung von ACT UP &#8211; Ullis ACT UP Erinnerungen 1\",\"datePublished\":\"2013-06-10T06:41:37+00:00\",\"dateModified\":\"2025-07-05T07:02:52+00:00\",\"mainEntityOfPage\":{\"@id\":\"https:\\\/\\\/www.2mecs.de\\\/wp\\\/2013\\\/06\\\/warum-act-up-act-up-erinnerungen-1\\\/\"},\"wordCount\":1246,\"commentCount\":18,\"publisher\":{\"@id\":\"https:\\\/\\\/www.2mecs.de\\\/wp\\\/#\\\/schema\\\/person\\\/b7eefbb1df4a84f40cdff92f9e45d996\"},\"image\":{\"@id\":\"https:\\\/\\\/www.2mecs.de\\\/wp\\\/2013\\\/06\\\/warum-act-up-act-up-erinnerungen-1\\\/#primaryimage\"},\"thumbnailUrl\":\"http:\\\/\\\/www.2mecs.de\\\/wp\\\/wp-content\\\/uploads\\\/2013\\\/06\\\/Peter-Gauweiler-1987.jpg\",\"keywords\":[\"ACT UP\"],\"articleSection\":[\"HIV\\\/Aids\"],\"inLanguage\":\"de\",\"potentialAction\":[{\"@type\":\"CommentAction\",\"name\":\"Comment\",\"target\":[\"https:\\\/\\\/www.2mecs.de\\\/wp\\\/2013\\\/06\\\/warum-act-up-act-up-erinnerungen-1\\\/#respond\"]}]},{\"@type\":\"WebPage\",\"@id\":\"https:\\\/\\\/www.2mecs.de\\\/wp\\\/2013\\\/06\\\/warum-act-up-act-up-erinnerungen-1\\\/\",\"url\":\"https:\\\/\\\/www.2mecs.de\\\/wp\\\/2013\\\/06\\\/warum-act-up-act-up-erinnerungen-1\\\/\",\"name\":\"Entstehung von ACT UP in Deutschland Aids-Aktivismus 1980er\",\"isPartOf\":{\"@id\":\"https:\\\/\\\/www.2mecs.de\\\/wp\\\/#website\"},\"primaryImageOfPage\":{\"@id\":\"https:\\\/\\\/www.2mecs.de\\\/wp\\\/2013\\\/06\\\/warum-act-up-act-up-erinnerungen-1\\\/#primaryimage\"},\"image\":{\"@id\":\"https:\\\/\\\/www.2mecs.de\\\/wp\\\/2013\\\/06\\\/warum-act-up-act-up-erinnerungen-1\\\/#primaryimage\"},\"thumbnailUrl\":\"http:\\\/\\\/www.2mecs.de\\\/wp\\\/wp-content\\\/uploads\\\/2013\\\/06\\\/Peter-Gauweiler-1987.jpg\",\"datePublished\":\"2013-06-10T06:41:37+00:00\",\"dateModified\":\"2025-07-05T07:02:52+00:00\",\"description\":\"Entstehung von ACT UP in Deutschland Faktoren Ausgangssituation f\u00fcr Entstehen der Aids-Aktionsgruppen Aids-Aktivismus Ende der 1980er Jahre\",\"breadcrumb\":{\"@id\":\"https:\\\/\\\/www.2mecs.de\\\/wp\\\/2013\\\/06\\\/warum-act-up-act-up-erinnerungen-1\\\/#breadcrumb\"},\"inLanguage\":\"de\",\"potentialAction\":[{\"@type\":\"ReadAction\",\"target\":[\"https:\\\/\\\/www.2mecs.de\\\/wp\\\/2013\\\/06\\\/warum-act-up-act-up-erinnerungen-1\\\/\"]}]},{\"@type\":\"ImageObject\",\"inLanguage\":\"de\",\"@id\":\"https:\\\/\\\/www.2mecs.de\\\/wp\\\/2013\\\/06\\\/warum-act-up-act-up-erinnerungen-1\\\/#primaryimage\",\"url\":\"http:\\\/\\\/www.2mecs.de\\\/wp\\\/wp-content\\\/uploads\\\/2013\\\/06\\\/Peter-Gauweiler-1987.jpg\",\"contentUrl\":\"http:\\\/\\\/www.2mecs.de\\\/wp\\\/wp-content\\\/uploads\\\/2013\\\/06\\\/Peter-Gauweiler-1987.jpg\"},{\"@type\":\"BreadcrumbList\",\"@id\":\"https:\\\/\\\/www.2mecs.de\\\/wp\\\/2013\\\/06\\\/warum-act-up-act-up-erinnerungen-1\\\/#breadcrumb\",\"itemListElement\":[{\"@type\":\"ListItem\",\"position\":1,\"name\":\"2mecs\",\"item\":\"https:\\\/\\\/www.2mecs.de\\\/wp\\\/\"},{\"@type\":\"ListItem\",\"position\":2,\"name\":\"Gesundheit\",\"item\":\"https:\\\/\\\/www.2mecs.de\\\/wp\\\/category\\\/gesundheit\\\/\"},{\"@type\":\"ListItem\",\"position\":3,\"name\":\"HIV\\\/Aids\",\"item\":\"https:\\\/\\\/www.2mecs.de\\\/wp\\\/category\\\/gesundheit\\\/hivaids\\\/\"},{\"@type\":\"ListItem\",\"position\":4,\"name\":\"Entstehung von ACT UP &#8211; Ullis ACT UP Erinnerungen 1\"}]},{\"@type\":\"WebSite\",\"@id\":\"https:\\\/\\\/www.2mecs.de\\\/wp\\\/#website\",\"url\":\"https:\\\/\\\/www.2mecs.de\\\/wp\\\/\",\"name\":\"2mecs\",\"description\":\"\",\"publisher\":{\"@id\":\"https:\\\/\\\/www.2mecs.de\\\/wp\\\/#\\\/schema\\\/person\\\/b7eefbb1df4a84f40cdff92f9e45d996\"},\"potentialAction\":[{\"@type\":\"SearchAction\",\"target\":{\"@type\":\"EntryPoint\",\"urlTemplate\":\"https:\\\/\\\/www.2mecs.de\\\/wp\\\/?s={search_term_string}\"},\"query-input\":{\"@type\":\"PropertyValueSpecification\",\"valueRequired\":true,\"valueName\":\"search_term_string\"}}],\"inLanguage\":\"de\"},{\"@type\":[\"Person\",\"Organization\"],\"@id\":\"https:\\\/\\\/www.2mecs.de\\\/wp\\\/#\\\/schema\\\/person\\\/b7eefbb1df4a84f40cdff92f9e45d996\",\"name\":\"Ulrich W\u00fcrdemann\",\"image\":{\"@type\":\"ImageObject\",\"inLanguage\":\"de\",\"@id\":\"https:\\\/\\\/www.2mecs.de\\\/wp\\\/wp-content\\\/uploads\\\/2024\\\/09\\\/Ulli-2024-Kiel.jpg\",\"url\":\"https:\\\/\\\/www.2mecs.de\\\/wp\\\/wp-content\\\/uploads\\\/2024\\\/09\\\/Ulli-2024-Kiel.jpg\",\"contentUrl\":\"https:\\\/\\\/www.2mecs.de\\\/wp\\\/wp-content\\\/uploads\\\/2024\\\/09\\\/Ulli-2024-Kiel.jpg\",\"width\":200,\"height\":200,\"caption\":\"Ulrich W\u00fcrdemann\"},\"logo\":{\"@id\":\"https:\\\/\\\/www.2mecs.de\\\/wp\\\/wp-content\\\/uploads\\\/2024\\\/09\\\/Ulli-2024-Kiel.jpg\"},\"description\":\"einer der beiden 2mecs. Schwulenbewegt, Aids- und Therapie-Aktivist. Von 2005 bis 2012 Herausgeber www.ondamaris.de Ulli ist Frankreich-Liebhaber &amp; Bordeaux- \\\/ Lacanau-Fan. Mehr unter 2mecs -&gt; Ulli -&gt; Biographisches\",\"sameAs\":[\"http:\\\/\\\/www.2mecs.de\\\/wp\\\/\",\"https:\\\/\\\/www.facebook.com\\\/UlliWuerdemann\",\"https:\\\/\\\/www.instagram.com\\\/ulli_2mecs\\\/\",\"https:\\\/\\\/www.youtube.com\\\/channel\\\/UCbk075wzRnAk2_sbCYCAVNA\\\/\"],\"url\":\"https:\\\/\\\/www.2mecs.de\\\/wp\\\/author\\\/ulli\\\/\"}]}<\/script>\n<!-- \/ Yoast SEO plugin. -->","yoast_head_json":{"title":"Entstehung von ACT UP in Deutschland Aids-Aktivismus 1980er","description":"Entstehung von ACT UP in Deutschland Faktoren Ausgangssituation f\u00fcr Entstehen der Aids-Aktionsgruppen Aids-Aktivismus Ende der 1980er Jahre","robots":{"index":"index","follow":"follow","max-snippet":"max-snippet:-1","max-image-preview":"max-image-preview:large","max-video-preview":"max-video-preview:-1"},"canonical":"https:\/\/www.2mecs.de\/wp\/2013\/06\/warum-act-up-act-up-erinnerungen-1\/","og_locale":"de_DE","og_type":"article","og_title":"Entstehung von ACT UP in Deutschland Aids-Aktivismus 1980er","og_description":"Entstehung von ACT UP in Deutschland Faktoren Ausgangssituation f\u00fcr Entstehen der Aids-Aktionsgruppen Aids-Aktivismus Ende der 1980er Jahre","og_url":"https:\/\/www.2mecs.de\/wp\/2013\/06\/warum-act-up-act-up-erinnerungen-1\/","og_site_name":"2mecs","article_publisher":"https:\/\/www.facebook.com\/UlliWuerdemann","article_author":"https:\/\/www.facebook.com\/UlliWuerdemann","article_published_time":"2013-06-10T06:41:37+00:00","article_modified_time":"2025-07-05T07:02:52+00:00","og_image":[{"width":340,"height":486,"url":"https:\/\/www.2mecs.de\/wp\/wp-content\/uploads\/2013\/06\/Peter-Gauweiler-1987.jpg","type":"image\/jpeg"}],"author":"Ulrich W\u00fcrdemann","twitter_card":"summary_large_image","twitter_creator":"@2mecs","twitter_site":"@2mecs","twitter_misc":{"Geschrieben von":"Ulrich W\u00fcrdemann","Gesch\u00e4tzte Lesezeit":"6\u00a0Minuten"},"schema":{"@context":"https:\/\/schema.org","@graph":[{"@type":"Article","@id":"https:\/\/www.2mecs.de\/wp\/2013\/06\/warum-act-up-act-up-erinnerungen-1\/#article","isPartOf":{"@id":"https:\/\/www.2mecs.de\/wp\/2013\/06\/warum-act-up-act-up-erinnerungen-1\/"},"author":{"name":"Ulrich W\u00fcrdemann","@id":"https:\/\/www.2mecs.de\/wp\/#\/schema\/person\/b7eefbb1df4a84f40cdff92f9e45d996"},"headline":"Entstehung von ACT UP &#8211; Ullis ACT UP Erinnerungen 1","datePublished":"2013-06-10T06:41:37+00:00","dateModified":"2025-07-05T07:02:52+00:00","mainEntityOfPage":{"@id":"https:\/\/www.2mecs.de\/wp\/2013\/06\/warum-act-up-act-up-erinnerungen-1\/"},"wordCount":1246,"commentCount":18,"publisher":{"@id":"https:\/\/www.2mecs.de\/wp\/#\/schema\/person\/b7eefbb1df4a84f40cdff92f9e45d996"},"image":{"@id":"https:\/\/www.2mecs.de\/wp\/2013\/06\/warum-act-up-act-up-erinnerungen-1\/#primaryimage"},"thumbnailUrl":"http:\/\/www.2mecs.de\/wp\/wp-content\/uploads\/2013\/06\/Peter-Gauweiler-1987.jpg","keywords":["ACT UP"],"articleSection":["HIV\/Aids"],"inLanguage":"de","potentialAction":[{"@type":"CommentAction","name":"Comment","target":["https:\/\/www.2mecs.de\/wp\/2013\/06\/warum-act-up-act-up-erinnerungen-1\/#respond"]}]},{"@type":"WebPage","@id":"https:\/\/www.2mecs.de\/wp\/2013\/06\/warum-act-up-act-up-erinnerungen-1\/","url":"https:\/\/www.2mecs.de\/wp\/2013\/06\/warum-act-up-act-up-erinnerungen-1\/","name":"Entstehung von ACT UP in Deutschland Aids-Aktivismus 1980er","isPartOf":{"@id":"https:\/\/www.2mecs.de\/wp\/#website"},"primaryImageOfPage":{"@id":"https:\/\/www.2mecs.de\/wp\/2013\/06\/warum-act-up-act-up-erinnerungen-1\/#primaryimage"},"image":{"@id":"https:\/\/www.2mecs.de\/wp\/2013\/06\/warum-act-up-act-up-erinnerungen-1\/#primaryimage"},"thumbnailUrl":"http:\/\/www.2mecs.de\/wp\/wp-content\/uploads\/2013\/06\/Peter-Gauweiler-1987.jpg","datePublished":"2013-06-10T06:41:37+00:00","dateModified":"2025-07-05T07:02:52+00:00","description":"Entstehung von ACT UP in Deutschland Faktoren Ausgangssituation f\u00fcr Entstehen der Aids-Aktionsgruppen Aids-Aktivismus Ende der 1980er Jahre","breadcrumb":{"@id":"https:\/\/www.2mecs.de\/wp\/2013\/06\/warum-act-up-act-up-erinnerungen-1\/#breadcrumb"},"inLanguage":"de","potentialAction":[{"@type":"ReadAction","target":["https:\/\/www.2mecs.de\/wp\/2013\/06\/warum-act-up-act-up-erinnerungen-1\/"]}]},{"@type":"ImageObject","inLanguage":"de","@id":"https:\/\/www.2mecs.de\/wp\/2013\/06\/warum-act-up-act-up-erinnerungen-1\/#primaryimage","url":"http:\/\/www.2mecs.de\/wp\/wp-content\/uploads\/2013\/06\/Peter-Gauweiler-1987.jpg","contentUrl":"http:\/\/www.2mecs.de\/wp\/wp-content\/uploads\/2013\/06\/Peter-Gauweiler-1987.jpg"},{"@type":"BreadcrumbList","@id":"https:\/\/www.2mecs.de\/wp\/2013\/06\/warum-act-up-act-up-erinnerungen-1\/#breadcrumb","itemListElement":[{"@type":"ListItem","position":1,"name":"2mecs","item":"https:\/\/www.2mecs.de\/wp\/"},{"@type":"ListItem","position":2,"name":"Gesundheit","item":"https:\/\/www.2mecs.de\/wp\/category\/gesundheit\/"},{"@type":"ListItem","position":3,"name":"HIV\/Aids","item":"https:\/\/www.2mecs.de\/wp\/category\/gesundheit\/hivaids\/"},{"@type":"ListItem","position":4,"name":"Entstehung von ACT UP &#8211; Ullis ACT UP Erinnerungen 1"}]},{"@type":"WebSite","@id":"https:\/\/www.2mecs.de\/wp\/#website","url":"https:\/\/www.2mecs.de\/wp\/","name":"2mecs","description":"","publisher":{"@id":"https:\/\/www.2mecs.de\/wp\/#\/schema\/person\/b7eefbb1df4a84f40cdff92f9e45d996"},"potentialAction":[{"@type":"SearchAction","target":{"@type":"EntryPoint","urlTemplate":"https:\/\/www.2mecs.de\/wp\/?s={search_term_string}"},"query-input":{"@type":"PropertyValueSpecification","valueRequired":true,"valueName":"search_term_string"}}],"inLanguage":"de"},{"@type":["Person","Organization"],"@id":"https:\/\/www.2mecs.de\/wp\/#\/schema\/person\/b7eefbb1df4a84f40cdff92f9e45d996","name":"Ulrich W\u00fcrdemann","image":{"@type":"ImageObject","inLanguage":"de","@id":"https:\/\/www.2mecs.de\/wp\/wp-content\/uploads\/2024\/09\/Ulli-2024-Kiel.jpg","url":"https:\/\/www.2mecs.de\/wp\/wp-content\/uploads\/2024\/09\/Ulli-2024-Kiel.jpg","contentUrl":"https:\/\/www.2mecs.de\/wp\/wp-content\/uploads\/2024\/09\/Ulli-2024-Kiel.jpg","width":200,"height":200,"caption":"Ulrich W\u00fcrdemann"},"logo":{"@id":"https:\/\/www.2mecs.de\/wp\/wp-content\/uploads\/2024\/09\/Ulli-2024-Kiel.jpg"},"description":"einer der beiden 2mecs. Schwulenbewegt, Aids- und Therapie-Aktivist. Von 2005 bis 2012 Herausgeber www.ondamaris.de Ulli ist Frankreich-Liebhaber &amp; Bordeaux- \/ Lacanau-Fan. Mehr unter 2mecs -&gt; Ulli -&gt; Biographisches","sameAs":["http:\/\/www.2mecs.de\/wp\/","https:\/\/www.facebook.com\/UlliWuerdemann","https:\/\/www.instagram.com\/ulli_2mecs\/","https:\/\/www.youtube.com\/channel\/UCbk075wzRnAk2_sbCYCAVNA\/"],"url":"https:\/\/www.2mecs.de\/wp\/author\/ulli\/"}]}},"modified_by":"Ulrich W\u00fcrdemann","amp_enabled":true,"_links":{"self":[{"href":"https:\/\/www.2mecs.de\/wp\/wp-json\/wp\/v2\/posts\/10964","targetHints":{"allow":["GET"]}}],"collection":[{"href":"https:\/\/www.2mecs.de\/wp\/wp-json\/wp\/v2\/posts"}],"about":[{"href":"https:\/\/www.2mecs.de\/wp\/wp-json\/wp\/v2\/types\/post"}],"author":[{"embeddable":true,"href":"https:\/\/www.2mecs.de\/wp\/wp-json\/wp\/v2\/users\/2"}],"replies":[{"embeddable":true,"href":"https:\/\/www.2mecs.de\/wp\/wp-json\/wp\/v2\/comments?post=10964"}],"version-history":[{"count":5,"href":"https:\/\/www.2mecs.de\/wp\/wp-json\/wp\/v2\/posts\/10964\/revisions"}],"predecessor-version":[{"id":71989,"href":"https:\/\/www.2mecs.de\/wp\/wp-json\/wp\/v2\/posts\/10964\/revisions\/71989"}],"wp:attachment":[{"href":"https:\/\/www.2mecs.de\/wp\/wp-json\/wp\/v2\/media?parent=10964"}],"wp:term":[{"taxonomy":"category","embeddable":true,"href":"https:\/\/www.2mecs.de\/wp\/wp-json\/wp\/v2\/categories?post=10964"},{"taxonomy":"post_tag","embeddable":true,"href":"https:\/\/www.2mecs.de\/wp\/wp-json\/wp\/v2\/tags?post=10964"}],"curies":[{"name":"wp","href":"https:\/\/api.w.org\/{rel}","templated":true}]}}