{"id":10139,"date":"2015-06-18T17:32:44","date_gmt":"2015-06-18T15:32:44","guid":{"rendered":"http:\/\/www.2mecs.de\/wp\/?p=10139"},"modified":"2023-06-22T12:38:12","modified_gmt":"2023-06-22T10:38:12","slug":"homophil","status":"publish","type":"post","link":"https:\/\/www.2mecs.de\/wp\/2015\/06\/homophil\/","title":{"rendered":"homophil"},"content":{"rendered":"\n<p>homophil &#8211; griech., etwa: dem gleichen zugeneigt, das gleiche liebend<\/p>\n\n\n\n<p>Der Duden vermerkt als Bedeutung des Wortes <strong>homophil<\/strong><\/p>\n\n\n\n<blockquote class=\"wp-block-quote is-layout-flow wp-block-quote-is-layout-flow\">\n<p>&#8222;<em>eine Liebesbeziehung, erotische Kontakte zwischen gleichgeschlechtlichen Partnern ausdr\u00fcckend, aufweisend<\/em>&#8222;<\/p>\n<\/blockquote>\n\n\n\n<p>und gibt als synonyme Begriffe an<\/p>\n\n\n\n<blockquote class=\"wp-block-quote is-layout-flow wp-block-quote-is-layout-flow\">\n<p>&#8222;<em>gleichgeschlechtlich, homosexuell, schwul<\/em>&#8222;<\/p>\n<\/blockquote>\n\n\n\n<p>.<\/p>\n\n\n\n<p>Der Begriff &#8218;<strong>Homophilie<\/strong>&#8218; geht vermutlich zur\u00fcck auf Heimsoth:<\/p>\n\n\n\n<p>Der Mediziner <em><a href=\"https:\/\/de.wikipedia.org\/wiki\/Karl-G%C3%BCnther_Heimsoth\" target=\"_blank\" rel=\"noreferrer noopener\">Karl-G\u00fcnther Heimsoth<\/a><\/em> legte 1924 an der Universit\u00e4t Rostock seine Doktorarbeit vor, die sich mit gleichgeschlechtlicher Liebe und Sex befasste &#8211; unter dem Titel &#8222;Hetero- und Homophilie&#8220;. Der Begriff der Homophilie wird hier unter R\u00fcckgriff auf Ideen Hans Bl\u00fchers und Otto Weiningers entwickelt.<\/p>\n\n\n\n<p>Heimsoth, 1899 in Charlottenburg geboren, engagierte sich in der Homosexuellenbewegung der Weimarer Republik. Er wandte sich allerdings gegen <a href=\"https:\/\/www.2mecs.de\/wp\/2010\/05\/magnus-hirschfeld-1868-1935\/\" target=\"_blank\" rel=\"noreferrer noopener\">Magnus Hirschfeld<\/a> und dessen WhK, lehnte desen These vom &#8218;dritten Geschlecht&#8216; ab.<\/p>\n\n\n\n<p>Heimsoth war deutlich antisemitsch eingestellt. Bereits 1925 formulierte er (laut zur Nieden eindeutig auf Hirschfeld gem\u00fcnzt) in seinem Artikel \u201eFreundesliebe oder Homosexualit\u00e4t\u201c f\u00fcr die von <a href=\"https:\/\/www.2mecs.de\/wp\/2016\/07\/adolf-brand-1874-1945\/\" target=\"_blank\" rel=\"noreferrer noopener\">Adolf Brand<\/a> herausgegebene Zeitschrift <em>Der Eigene<\/em>, die &#8222;<em>m\u00e4nnerheldische heroische Freundesliebe<\/em>&#8220; bleibe &#8222;<em>in der Idee und Verst\u00e4ndnism\u00f6glichkeit dem Judengeiste fremd<\/em>&#8220; (zitiert nach [2]). <\/p>\n\n\n\n<p>Heimsoth wurde am 1. Mai 1933 Mitglied der NSDAP, soll der Partei aber schon vorher nahe gestanden haben. Parallel arbeitet er auch mit der KPD zusammen. <\/p>\n\n\n\n<p>Heimsoth wurde im M\u00e4rz 1934 verhaftet, nach Breslau \u00fcberf\u00fchrt und dort nach knapp 2 Wochen wieder freigelassen. Kurz darauf soll er in Breslau  erschossen worden sein.<\/p>\n\n\n\n<p>.<\/p>\n\n\n\n<blockquote class=\"wp-block-quote is-layout-flow wp-block-quote-is-layout-flow\">\n<p>&#8222;Den Homophilen war nicht unbedingt daran gelegen, gesellschaftliche Mehrheiten f\u00fcr ihre Anliegen zu gewinnen. Im Gegenteil, offensive Auseinandersetzungen in der \u00d6ffentlichkeit versuchten sie zu vermeiden. Ihre Interventionen folgten keinem demokratischen Politikverst\u00e4ndnis, sondern einem liberal-elit\u00e4ren, demzufolge wenige Aufgekl\u00e4rte die breite Masse zu f\u00fchren hatten. Diese sollten der Toleranz durch rechtliche Reformen den Weg bahnen, und erst dann, so die \u00dcberzeugung, lasse sich gegen die in der gemeinen Bev\u00f6lkerung tief verwurzelte Homosexuellenfeindlichkeit etwas ausrichten.&#8220;<\/p>\n<cite>Benno Gammerl, Anders f\u00fchlen, M\u00fcnchen 2021<\/cite><\/blockquote>\n\n\n\n<p>Gammerl betont die<\/p>\n\n\n\n<blockquote class=\"wp-block-quote is-layout-flow wp-block-quote-is-layout-flow\">\n<p>&#8222;patronageartige Abh\u00e4ngigkeit von Eliten, an deren heteronormativer Vorbildlichkeit die \u00d6ffentlichkeit keinen Zweifel hegte&#8220;<\/p>\n\n\n\n<p>&#8222;homophiler Anst\u00e4ndigkeit verhaftet&#8220; vs. &#8222;emanzipatorische Aufm\u00fcpfigkeit&#8220;<\/p>\n\n\n\n<p>&#8222;Wende von der homophiler Strategie des bedachtsamen Aufkl\u00e4rens zur lesbisch -schwulen Taktik des provokativen Aufr\u00fcttelns&#8220;<\/p>\n\n\n\n<p>&#8222;Mit Tabubr\u00fcchen, Provokationen und sexuellen wie emotionalen Experimenten inszenierten sich die Emanzipationsbewegungen der 1970er-Jahre bewusst als Gegner*innen der unauff\u00e4lligen Homophilen aus der Phase des Ausweichens.&#8220;<\/p>\n<cite>Benno Gammerl, Anders f\u00fchlen, M\u00fcnchen 2021<\/cite><\/blockquote>\n\n\n\n<p>.<\/p>\n\n\n\n<p>[1] Karl G\u00fcnter Heimsoth: Hetero- und Homophilie. Eine neuorientierende An- und Einordnung der Erscheinungsbilder, der \u201eHomosexualit\u00e4t\u201c und der \u201eInversion\u201c in Ber\u00fccksichtigung der sogenannten \u201enormalen Freundschaft\u201c auf Grund der zwei verschiedenen erotischen Anziehungsgesetze und der bisexuellen Grundeinstellung des Mannes, Dortmund 1924<br \/>[2] Susanne zur Nieden: Die \u201em\u00e4nnerheldische heroische Freundesliebe\u201c bleibt \u201edem Judengeiste fremd\u201c. Antisemitismus und Maskulinismus (<a href=\"http:\/\/www.queer-nations.de\/de\/wissenschaft_forschung\/aufsaetze\/zurnieden.html;jsessionid=144728269B4503D29BECD5C558751550?node:attribute=pdfattach_file&amp;.pdf\" target=\"_blank\" rel=\"noopener noreferrer\">pdf<\/a>)<\/p>\n","protected":false},"excerpt":{"rendered":"<p>homophil &#8211; griech., etwa: dem gleichen zugeneigt, das gleiche liebend Der Duden vermerkt als Bedeutung des Wortes homophil &#8222;eine Liebesbeziehung, erotische Kontakte zwischen gleichgeschlechtlichen Partnern ausdr\u00fcckend, aufweisend&#8222; und gibt als synonyme Begriffe an &#8222;gleichgeschlechtlich, homosexuell, schwul&#8222; . Der Begriff &#8218;Homophilie&#8218; geht vermutlich zur\u00fcck auf Heimsoth: Der Mediziner Karl-G\u00fcnther Heimsoth legte 1924 an der Universit\u00e4t Rostock [&hellip;]<\/p>\n","protected":false},"author":2,"featured_media":0,"comment_status":"open","ping_status":"open","sticky":false,"template":"","format":"standard","meta":{"_lmt_disableupdate":"","_lmt_disable":"","footnotes":""},"categories":[132],"tags":[627],"class_list":["post-10139","post","type-post","status-publish","format-standard","hentry","category-homosexualitaeten","tag-maennlichkeit"],"yoast_head":"<!-- This site is optimized with the Yoast SEO plugin v27.5 - https:\/\/yoast.com\/product\/yoast-seo-wordpress\/ -->\n<title>homophil - 2mecs<\/title>\n<meta name=\"description\" content=\"homophil Heimsoeth gleichgeschlechtlich homosexuell schwul\" \/>\n<meta name=\"robots\" content=\"index, follow, max-snippet:-1, max-image-preview:large, max-video-preview:-1\" \/>\n<link rel=\"canonical\" href=\"https:\/\/www.2mecs.de\/wp\/2015\/06\/homophil\/\" \/>\n<meta property=\"og:locale\" content=\"de_DE\" \/>\n<meta property=\"og:type\" content=\"article\" \/>\n<meta property=\"og:title\" content=\"homophil - 2mecs\" \/>\n<meta property=\"og:description\" content=\"homophil Heimsoeth gleichgeschlechtlich homosexuell schwul\" \/>\n<meta property=\"og:url\" content=\"https:\/\/www.2mecs.de\/wp\/2015\/06\/homophil\/\" \/>\n<meta property=\"og:site_name\" content=\"2mecs\" \/>\n<meta property=\"article:publisher\" content=\"https:\/\/www.facebook.com\/UlliWuerdemann\" \/>\n<meta property=\"article:author\" content=\"https:\/\/www.facebook.com\/UlliWuerdemann\" \/>\n<meta property=\"article:published_time\" content=\"2015-06-18T15:32:44+00:00\" \/>\n<meta property=\"article:modified_time\" content=\"2023-06-22T10:38:12+00:00\" \/>\n<meta name=\"author\" content=\"Ulrich W\u00fcrdemann\" \/>\n<meta name=\"twitter:card\" content=\"summary_large_image\" \/>\n<meta name=\"twitter:creator\" content=\"@2mecs\" \/>\n<meta name=\"twitter:site\" content=\"@2mecs\" \/>\n<meta name=\"twitter:label1\" content=\"Geschrieben von\" \/>\n\t<meta name=\"twitter:data1\" content=\"Ulrich W\u00fcrdemann\" \/>\n\t<meta name=\"twitter:label2\" content=\"Gesch\u00e4tzte Lesezeit\" \/>\n\t<meta name=\"twitter:data2\" content=\"3\u00a0Minuten\" \/>\n<script type=\"application\/ld+json\" class=\"yoast-schema-graph\">{\"@context\":\"https:\\\/\\\/schema.org\",\"@graph\":[{\"@type\":\"Article\",\"@id\":\"https:\\\/\\\/www.2mecs.de\\\/wp\\\/2015\\\/06\\\/homophil\\\/#article\",\"isPartOf\":{\"@id\":\"https:\\\/\\\/www.2mecs.de\\\/wp\\\/2015\\\/06\\\/homophil\\\/\"},\"author\":{\"name\":\"Ulrich W\u00fcrdemann\",\"@id\":\"https:\\\/\\\/www.2mecs.de\\\/wp\\\/#\\\/schema\\\/person\\\/b7eefbb1df4a84f40cdff92f9e45d996\"},\"headline\":\"homophil\",\"datePublished\":\"2015-06-18T15:32:44+00:00\",\"dateModified\":\"2023-06-22T10:38:12+00:00\",\"mainEntityOfPage\":{\"@id\":\"https:\\\/\\\/www.2mecs.de\\\/wp\\\/2015\\\/06\\\/homophil\\\/\"},\"wordCount\":443,\"commentCount\":12,\"publisher\":{\"@id\":\"https:\\\/\\\/www.2mecs.de\\\/wp\\\/#\\\/schema\\\/person\\\/b7eefbb1df4a84f40cdff92f9e45d996\"},\"keywords\":[\"M\u00e4nnlichkeit\"],\"articleSection\":[\"Homosexualit\u00e4ten\"],\"inLanguage\":\"de\",\"potentialAction\":[{\"@type\":\"CommentAction\",\"name\":\"Comment\",\"target\":[\"https:\\\/\\\/www.2mecs.de\\\/wp\\\/2015\\\/06\\\/homophil\\\/#respond\"]}]},{\"@type\":\"WebPage\",\"@id\":\"https:\\\/\\\/www.2mecs.de\\\/wp\\\/2015\\\/06\\\/homophil\\\/\",\"url\":\"https:\\\/\\\/www.2mecs.de\\\/wp\\\/2015\\\/06\\\/homophil\\\/\",\"name\":\"homophil - 2mecs\",\"isPartOf\":{\"@id\":\"https:\\\/\\\/www.2mecs.de\\\/wp\\\/#website\"},\"datePublished\":\"2015-06-18T15:32:44+00:00\",\"dateModified\":\"2023-06-22T10:38:12+00:00\",\"description\":\"homophil Heimsoeth gleichgeschlechtlich homosexuell schwul\",\"breadcrumb\":{\"@id\":\"https:\\\/\\\/www.2mecs.de\\\/wp\\\/2015\\\/06\\\/homophil\\\/#breadcrumb\"},\"inLanguage\":\"de\",\"potentialAction\":[{\"@type\":\"ReadAction\",\"target\":[\"https:\\\/\\\/www.2mecs.de\\\/wp\\\/2015\\\/06\\\/homophil\\\/\"]}]},{\"@type\":\"BreadcrumbList\",\"@id\":\"https:\\\/\\\/www.2mecs.de\\\/wp\\\/2015\\\/06\\\/homophil\\\/#breadcrumb\",\"itemListElement\":[{\"@type\":\"ListItem\",\"position\":1,\"name\":\"2mecs\",\"item\":\"https:\\\/\\\/www.2mecs.de\\\/wp\\\/\"},{\"@type\":\"ListItem\",\"position\":2,\"name\":\"Homosexualit\u00e4ten\",\"item\":\"https:\\\/\\\/www.2mecs.de\\\/wp\\\/category\\\/homosexualitaeten\\\/\"},{\"@type\":\"ListItem\",\"position\":3,\"name\":\"homophil\"}]},{\"@type\":\"WebSite\",\"@id\":\"https:\\\/\\\/www.2mecs.de\\\/wp\\\/#website\",\"url\":\"https:\\\/\\\/www.2mecs.de\\\/wp\\\/\",\"name\":\"2mecs\",\"description\":\"\",\"publisher\":{\"@id\":\"https:\\\/\\\/www.2mecs.de\\\/wp\\\/#\\\/schema\\\/person\\\/b7eefbb1df4a84f40cdff92f9e45d996\"},\"potentialAction\":[{\"@type\":\"SearchAction\",\"target\":{\"@type\":\"EntryPoint\",\"urlTemplate\":\"https:\\\/\\\/www.2mecs.de\\\/wp\\\/?s={search_term_string}\"},\"query-input\":{\"@type\":\"PropertyValueSpecification\",\"valueRequired\":true,\"valueName\":\"search_term_string\"}}],\"inLanguage\":\"de\"},{\"@type\":[\"Person\",\"Organization\"],\"@id\":\"https:\\\/\\\/www.2mecs.de\\\/wp\\\/#\\\/schema\\\/person\\\/b7eefbb1df4a84f40cdff92f9e45d996\",\"name\":\"Ulrich W\u00fcrdemann\",\"image\":{\"@type\":\"ImageObject\",\"inLanguage\":\"de\",\"@id\":\"https:\\\/\\\/www.2mecs.de\\\/wp\\\/wp-content\\\/uploads\\\/2024\\\/09\\\/Ulli-2024-Kiel.jpg\",\"url\":\"https:\\\/\\\/www.2mecs.de\\\/wp\\\/wp-content\\\/uploads\\\/2024\\\/09\\\/Ulli-2024-Kiel.jpg\",\"contentUrl\":\"https:\\\/\\\/www.2mecs.de\\\/wp\\\/wp-content\\\/uploads\\\/2024\\\/09\\\/Ulli-2024-Kiel.jpg\",\"width\":200,\"height\":200,\"caption\":\"Ulrich W\u00fcrdemann\"},\"logo\":{\"@id\":\"https:\\\/\\\/www.2mecs.de\\\/wp\\\/wp-content\\\/uploads\\\/2024\\\/09\\\/Ulli-2024-Kiel.jpg\"},\"description\":\"einer der beiden 2mecs. Schwulenbewegt, Aids- und Therapie-Aktivist. Von 2005 bis 2012 Herausgeber www.ondamaris.de Ulli ist Frankreich-Liebhaber &amp; Bordeaux- \\\/ Lacanau-Fan. Mehr unter 2mecs -&gt; Ulli -&gt; Biographisches\",\"sameAs\":[\"http:\\\/\\\/www.2mecs.de\\\/wp\\\/\",\"https:\\\/\\\/www.facebook.com\\\/UlliWuerdemann\",\"https:\\\/\\\/www.instagram.com\\\/ulli_2mecs\\\/\",\"https:\\\/\\\/www.youtube.com\\\/channel\\\/UCbk075wzRnAk2_sbCYCAVNA\\\/\"],\"url\":\"https:\\\/\\\/www.2mecs.de\\\/wp\\\/author\\\/ulli\\\/\"}]}<\/script>\n<!-- \/ Yoast SEO plugin. -->","yoast_head_json":{"title":"homophil - 2mecs","description":"homophil Heimsoeth gleichgeschlechtlich homosexuell schwul","robots":{"index":"index","follow":"follow","max-snippet":"max-snippet:-1","max-image-preview":"max-image-preview:large","max-video-preview":"max-video-preview:-1"},"canonical":"https:\/\/www.2mecs.de\/wp\/2015\/06\/homophil\/","og_locale":"de_DE","og_type":"article","og_title":"homophil - 2mecs","og_description":"homophil Heimsoeth gleichgeschlechtlich homosexuell schwul","og_url":"https:\/\/www.2mecs.de\/wp\/2015\/06\/homophil\/","og_site_name":"2mecs","article_publisher":"https:\/\/www.facebook.com\/UlliWuerdemann","article_author":"https:\/\/www.facebook.com\/UlliWuerdemann","article_published_time":"2015-06-18T15:32:44+00:00","article_modified_time":"2023-06-22T10:38:12+00:00","author":"Ulrich W\u00fcrdemann","twitter_card":"summary_large_image","twitter_creator":"@2mecs","twitter_site":"@2mecs","twitter_misc":{"Geschrieben von":"Ulrich W\u00fcrdemann","Gesch\u00e4tzte Lesezeit":"3\u00a0Minuten"},"schema":{"@context":"https:\/\/schema.org","@graph":[{"@type":"Article","@id":"https:\/\/www.2mecs.de\/wp\/2015\/06\/homophil\/#article","isPartOf":{"@id":"https:\/\/www.2mecs.de\/wp\/2015\/06\/homophil\/"},"author":{"name":"Ulrich W\u00fcrdemann","@id":"https:\/\/www.2mecs.de\/wp\/#\/schema\/person\/b7eefbb1df4a84f40cdff92f9e45d996"},"headline":"homophil","datePublished":"2015-06-18T15:32:44+00:00","dateModified":"2023-06-22T10:38:12+00:00","mainEntityOfPage":{"@id":"https:\/\/www.2mecs.de\/wp\/2015\/06\/homophil\/"},"wordCount":443,"commentCount":12,"publisher":{"@id":"https:\/\/www.2mecs.de\/wp\/#\/schema\/person\/b7eefbb1df4a84f40cdff92f9e45d996"},"keywords":["M\u00e4nnlichkeit"],"articleSection":["Homosexualit\u00e4ten"],"inLanguage":"de","potentialAction":[{"@type":"CommentAction","name":"Comment","target":["https:\/\/www.2mecs.de\/wp\/2015\/06\/homophil\/#respond"]}]},{"@type":"WebPage","@id":"https:\/\/www.2mecs.de\/wp\/2015\/06\/homophil\/","url":"https:\/\/www.2mecs.de\/wp\/2015\/06\/homophil\/","name":"homophil - 2mecs","isPartOf":{"@id":"https:\/\/www.2mecs.de\/wp\/#website"},"datePublished":"2015-06-18T15:32:44+00:00","dateModified":"2023-06-22T10:38:12+00:00","description":"homophil Heimsoeth gleichgeschlechtlich homosexuell schwul","breadcrumb":{"@id":"https:\/\/www.2mecs.de\/wp\/2015\/06\/homophil\/#breadcrumb"},"inLanguage":"de","potentialAction":[{"@type":"ReadAction","target":["https:\/\/www.2mecs.de\/wp\/2015\/06\/homophil\/"]}]},{"@type":"BreadcrumbList","@id":"https:\/\/www.2mecs.de\/wp\/2015\/06\/homophil\/#breadcrumb","itemListElement":[{"@type":"ListItem","position":1,"name":"2mecs","item":"https:\/\/www.2mecs.de\/wp\/"},{"@type":"ListItem","position":2,"name":"Homosexualit\u00e4ten","item":"https:\/\/www.2mecs.de\/wp\/category\/homosexualitaeten\/"},{"@type":"ListItem","position":3,"name":"homophil"}]},{"@type":"WebSite","@id":"https:\/\/www.2mecs.de\/wp\/#website","url":"https:\/\/www.2mecs.de\/wp\/","name":"2mecs","description":"","publisher":{"@id":"https:\/\/www.2mecs.de\/wp\/#\/schema\/person\/b7eefbb1df4a84f40cdff92f9e45d996"},"potentialAction":[{"@type":"SearchAction","target":{"@type":"EntryPoint","urlTemplate":"https:\/\/www.2mecs.de\/wp\/?s={search_term_string}"},"query-input":{"@type":"PropertyValueSpecification","valueRequired":true,"valueName":"search_term_string"}}],"inLanguage":"de"},{"@type":["Person","Organization"],"@id":"https:\/\/www.2mecs.de\/wp\/#\/schema\/person\/b7eefbb1df4a84f40cdff92f9e45d996","name":"Ulrich W\u00fcrdemann","image":{"@type":"ImageObject","inLanguage":"de","@id":"https:\/\/www.2mecs.de\/wp\/wp-content\/uploads\/2024\/09\/Ulli-2024-Kiel.jpg","url":"https:\/\/www.2mecs.de\/wp\/wp-content\/uploads\/2024\/09\/Ulli-2024-Kiel.jpg","contentUrl":"https:\/\/www.2mecs.de\/wp\/wp-content\/uploads\/2024\/09\/Ulli-2024-Kiel.jpg","width":200,"height":200,"caption":"Ulrich W\u00fcrdemann"},"logo":{"@id":"https:\/\/www.2mecs.de\/wp\/wp-content\/uploads\/2024\/09\/Ulli-2024-Kiel.jpg"},"description":"einer der beiden 2mecs. Schwulenbewegt, Aids- und Therapie-Aktivist. Von 2005 bis 2012 Herausgeber www.ondamaris.de Ulli ist Frankreich-Liebhaber &amp; Bordeaux- \/ Lacanau-Fan. Mehr unter 2mecs -&gt; Ulli -&gt; Biographisches","sameAs":["http:\/\/www.2mecs.de\/wp\/","https:\/\/www.facebook.com\/UlliWuerdemann","https:\/\/www.instagram.com\/ulli_2mecs\/","https:\/\/www.youtube.com\/channel\/UCbk075wzRnAk2_sbCYCAVNA\/"],"url":"https:\/\/www.2mecs.de\/wp\/author\/ulli\/"}]}},"modified_by":"Ulrich W\u00fcrdemann","amp_enabled":true,"_links":{"self":[{"href":"https:\/\/www.2mecs.de\/wp\/wp-json\/wp\/v2\/posts\/10139","targetHints":{"allow":["GET"]}}],"collection":[{"href":"https:\/\/www.2mecs.de\/wp\/wp-json\/wp\/v2\/posts"}],"about":[{"href":"https:\/\/www.2mecs.de\/wp\/wp-json\/wp\/v2\/types\/post"}],"author":[{"embeddable":true,"href":"https:\/\/www.2mecs.de\/wp\/wp-json\/wp\/v2\/users\/2"}],"replies":[{"embeddable":true,"href":"https:\/\/www.2mecs.de\/wp\/wp-json\/wp\/v2\/comments?post=10139"}],"version-history":[{"count":4,"href":"https:\/\/www.2mecs.de\/wp\/wp-json\/wp\/v2\/posts\/10139\/revisions"}],"predecessor-version":[{"id":64154,"href":"https:\/\/www.2mecs.de\/wp\/wp-json\/wp\/v2\/posts\/10139\/revisions\/64154"}],"wp:attachment":[{"href":"https:\/\/www.2mecs.de\/wp\/wp-json\/wp\/v2\/media?parent=10139"}],"wp:term":[{"taxonomy":"category","embeddable":true,"href":"https:\/\/www.2mecs.de\/wp\/wp-json\/wp\/v2\/categories?post=10139"},{"taxonomy":"post_tag","embeddable":true,"href":"https:\/\/www.2mecs.de\/wp\/wp-json\/wp\/v2\/tags?post=10139"}],"curies":[{"name":"wp","href":"https:\/\/api.w.org\/{rel}","templated":true}]}}